{"id":964,"date":"2018-08-27T19:30:29","date_gmt":"2018-08-27T17:30:29","guid":{"rendered":"http:\/\/pfarrei-schwarzach-perasdorf.de\/?p=964"},"modified":"2018-08-27T19:30:29","modified_gmt":"2018-08-27T17:30:29","slug":"pfarrhofeinweihung-perasdorf","status":"publish","type":"post","link":"https:\/\/pfarrei-schwarzach-perasdorf.de\/?p=964","title":{"rendered":"Pfarrhofeinweihung Perasdorf"},"content":{"rendered":"<div dir=\"auto\" style=\"text-align: center;\"><img loading=\"lazy\" decoding=\"async\" class=\"alignnone size-medium wp-image-965\" src=\"http:\/\/pfarrei-schwarzach-perasdorf.de\/wp-content\/uploads\/2018\/08\/unnamed-300x225.jpg\" alt=\"\" width=\"300\" height=\"225\" srcset=\"https:\/\/pfarrei-schwarzach-perasdorf.de\/wp-content\/uploads\/2018\/08\/unnamed-300x225.jpg 300w, https:\/\/pfarrei-schwarzach-perasdorf.de\/wp-content\/uploads\/2018\/08\/unnamed-150x113.jpg 150w, https:\/\/pfarrei-schwarzach-perasdorf.de\/wp-content\/uploads\/2018\/08\/unnamed-768x576.jpg 768w, https:\/\/pfarrei-schwarzach-perasdorf.de\/wp-content\/uploads\/2018\/08\/unnamed-1024x768.jpg 1024w, https:\/\/pfarrei-schwarzach-perasdorf.de\/wp-content\/uploads\/2018\/08\/unnamed.jpg 1333w\" sizes=\"(max-width: 300px) 100vw, 300px\" \/><\/div>\n<div dir=\"auto\" style=\"text-align: center;\">Am&nbsp; Sonntag, 12. August feierte die Pfarrei Sankt Laurentius nicht nur den Tag des Patroziniums ihres Pfarrpatrons, sondern auch die Einweihung des frisch renovierten Pfarrheims.&nbsp;<\/div>\n<div dir=\"auto\" style=\"text-align: center;\">Am Morgen versammelte sich die Gemeinde in der Pfarrkirche, wo Pfarrer Alfons Dirscherl mit Gemeindeassistent Martin Bartlreiher einen Festgottesdienst zelebrierte. Dirscherl zog den Begriff der \u201eLaurentiustr\u00e4nen\u201c &#8211; gemeint sind die j\u00e4hrlich Anfang August auftretenden Sternschnuppen der Perseiden &#8211; heran, um die besondere Leistung des Laurentius\u2019, einem spanischem Diakon, der in Rom wirkte, zu erkl\u00e4ren. Denn wie eine Sternschnuppe, habe Laurentius dann am meisten geleuchtet, wenn es hei\u00df w\u00fcrde, indem er Bed\u00fcrftige als den Schatz der Kirche pr\u00e4sentiert und damit sein Todesurteil gef\u00e4llt habe. So w\u00fcrde auch die heutige Gesellschaft Menschen ben\u00f6tigen, die &#8211; wie Laurentius &#8211; ihre guten \u00dcberzeugungen vor die Pflicht stellen und den Finger in die Wunde legen w\u00fcrden. Zwar entst\u00fcnden dabei Tr\u00e4nen, die aber &#8211; so Dirscherl weiter &#8211; auch Kraft geben k\u00f6nnten, seinen \u00dcberzeugungen zu folgen.<\/div>\n<div dir=\"auto\" style=\"text-align: center;\">Mit der nun fertiggestellten Renovierung des Pfarrheims, realisierte die Pfarrgemeinde Perasdorf, allen voran Kirchenpfleger Fritz Feldmeier, einen lang gehegten Plan. Im Rahmen der vom Amt f\u00fcr l\u00e4ndliche Entwicklung getragenen Dorferneuerung begannen die Arbeiten am urspr\u00fcnglich 1884 erbauten Geb\u00e4ude letzten Sommer.&nbsp;<\/div>\n<div dir=\"auto\" style=\"text-align: center;\">Architekt Alexander Meny vom Architekturb\u00fcro HIW, der mit Frau Schnabel, Frau Bayrer-Mulzer und den Herren Edenhofer und Siebenbenhandl die Pl\u00e4ne f\u00fcr den Umbau entwickelte, erkl\u00e4rte den Kirchenbesuchern die vorgenommenen Umbauma\u00dfnahmen. Bei einem so alten Bestand sei ein behutsamer Umbau von N\u00f6ten gewesen, weshalb man etliche Fu\u00dfb\u00f6den, die Holztreppe und die T\u00fcr zum Keller erhalten habe. Neu w\u00e4ren der Putz am Sockel, die L\u00e4rchenholzfenster, die Regenwasserdrainage, s\u00e4mtliche Leitungen, die Heizk\u00f6rper und nat\u00fcrlich die ortspr\u00e4gende Fassade. So h\u00e4tte sich die Geb\u00e4udefarbe von blau zu gr\u00fcn ge\u00e4ndert. Besonderen Wert h\u00e4tte man auf die behindertengerechte und barrierefreie Einrichtung gelegt, sodass das Geb\u00e4ude nun ideale Bedingungen f\u00fcr \u00f6ffentliche Veranstaltungen bieten w\u00fcrde.<\/div>\n<div dir=\"auto\" style=\"text-align: center;\">Kirchenpfleger Feldmeier ging in seinen Worten auf die Geschichte des Geb\u00e4udes ein. Mit einfachen Baustoffen wie Bruchsteinen und Holz sei der Pfarrhof urspr\u00fcnglich erbaut worden und h\u00e4tte in seiner Geschichte etlichen Pfarrern, nach dem zweiten Weltkrieg einer Fl\u00fcchtlingsfamilie und in den letzten Jahren vielen Veranstaltungen der Pfarrei eine Heimat geboten. Nun erstrahlt das Geb\u00e4ude in neuem Glanz und als sich die versammelte Gemeinde schlie\u00dflich in die neuen R\u00e4umlichkeiten begeben hatte, segnete Pfarrer Alfons Dirscherl das Haus. Die vielen anwesenden Pfarrangeh\u00f6rigen besichtigten anschlie\u00dfend die renovierten R\u00e4umlichkeiten und konnten bei einer Brotzeit und Getr\u00e4nken den Vormittag ausklingen lassen.<\/div>\n<div dir=\"auto\">&nbsp;<\/div>\n<div dir=\"auto\">Foto &amp; Text: Tobias Schroll&nbsp;<\/div>\n","protected":false},"excerpt":{"rendered":"<p>Am&nbsp; Sonntag, 12. August feierte die Pfarrei Sankt Laurentius nicht nur den Tag des Patroziniums ihres Pfarrpatrons, sondern auch die Einweihung des frisch renovierten Pfarrheims.&nbsp; Am Morgen versammelte sich die Gemeinde in der Pfarrkirche, wo Pfarrer Alfons Dirscherl mit Gemeindeassistent Martin Bartlreiher einen Festgottesdienst zelebrierte. Dirscherl zog den Begriff der \u201eLaurentiustr\u00e4nen\u201c &#8211; gemeint sind die &#8230; <span class=\"more\"><a class=\"more-link\" href=\"https:\/\/pfarrei-schwarzach-perasdorf.de\/?p=964\">[weiterlesen&#8230;]<\/a><\/span><\/p>\n","protected":false},"author":8,"featured_media":0,"comment_status":"closed","ping_status":"closed","sticky":false,"template":"","format":"standard","meta":{"footnotes":""},"categories":[6],"tags":[],"_links":{"self":[{"href":"https:\/\/pfarrei-schwarzach-perasdorf.de\/index.php?rest_route=\/wp\/v2\/posts\/964"}],"collection":[{"href":"https:\/\/pfarrei-schwarzach-perasdorf.de\/index.php?rest_route=\/wp\/v2\/posts"}],"about":[{"href":"https:\/\/pfarrei-schwarzach-perasdorf.de\/index.php?rest_route=\/wp\/v2\/types\/post"}],"author":[{"embeddable":true,"href":"https:\/\/pfarrei-schwarzach-perasdorf.de\/index.php?rest_route=\/wp\/v2\/users\/8"}],"replies":[{"embeddable":true,"href":"https:\/\/pfarrei-schwarzach-perasdorf.de\/index.php?rest_route=%2Fwp%2Fv2%2Fcomments&post=964"}],"version-history":[{"count":2,"href":"https:\/\/pfarrei-schwarzach-perasdorf.de\/index.php?rest_route=\/wp\/v2\/posts\/964\/revisions"}],"predecessor-version":[{"id":967,"href":"https:\/\/pfarrei-schwarzach-perasdorf.de\/index.php?rest_route=\/wp\/v2\/posts\/964\/revisions\/967"}],"wp:attachment":[{"href":"https:\/\/pfarrei-schwarzach-perasdorf.de\/index.php?rest_route=%2Fwp%2Fv2%2Fmedia&parent=964"}],"wp:term":[{"taxonomy":"category","embeddable":true,"href":"https:\/\/pfarrei-schwarzach-perasdorf.de\/index.php?rest_route=%2Fwp%2Fv2%2Fcategories&post=964"},{"taxonomy":"post_tag","embeddable":true,"href":"https:\/\/pfarrei-schwarzach-perasdorf.de\/index.php?rest_route=%2Fwp%2Fv2%2Ftags&post=964"}],"curies":[{"name":"wp","href":"https:\/\/api.w.org\/{rel}","templated":true}]}}