{"id":901,"date":"2018-04-25T10:08:42","date_gmt":"2018-04-25T08:08:42","guid":{"rendered":"http:\/\/pfarrei-schwarzach-perasdorf.de\/?p=901"},"modified":"2018-04-25T10:08:42","modified_gmt":"2018-04-25T08:08:42","slug":"verabschiedung-von-rosa-niedermeier","status":"publish","type":"post","link":"https:\/\/pfarrei-schwarzach-perasdorf.de\/?p=901","title":{"rendered":"Verabschiedung von Rosa Niedermeier"},"content":{"rendered":"<p><span style=\"color: #222222;\"><span style=\"font-family: arial, sans-serif;\"><span style=\"font-size: small;\">Im Rahmen einer Feierstunde trafen sich am Freitag den 20. April die Mitglieder von Pfarrgemeinderat und Kirchenverwaltung der Pfarrei Sankt Laurentius mit den Pfarrern Dirscherl und Trimpl, Pater Paul und Gemeindeassistent Bartlreither im Gasthaus Steininger in Hintersollach&nbsp; um Rosa Niedermeier geb\u00fchrend zu verabschieden und ihr f\u00fcr die ehrenamtlich geleistete Arbeit zu danken. <\/span><\/span><\/span><span style=\"color: #222222;\"><span style=\"font-family: arial, sans-serif;\"><span style=\"font-size: small;\">Da sich Rosa Niedermeier nicht mehr zur Wahl stellte <\/span><\/span><\/span><span style=\"color: #222222;\"><span style=\"font-family: arial, sans-serif;\"><span style=\"font-size: small;\">, die in den vergangenen acht Jahren Teil des Pfarrgemeinderats war.&nbsp;<\/span><\/span><\/span><span style=\"color: #222222;\"><span style=\"font-family: arial, sans-serif;\"><span style=\"font-size: small;\">Sprecherin Dietl erinnerte brennpunktartig an so manch gemeinsam Erlebtes &#8211; sei es beim Putzen der Kirche oder beim Schm\u00fccken der Christb\u00e4ume. Pfarrer Dirscherl betonte in seinen Worten, dass Niedermeier mit ihrer gewinnenden Art den Pfarrgemeinderat stets bereichert habe und erinnerte daran, dass man den Dienst in der Kirche mit dem Glauben bis in die Ewigkeit leisten w\u00fcrde. So dankte Dirscherl der Ausscheidenden mit einer Urkunde der Di\u00f6zese, Dietl \u00fcberreichte ein Geschenk und einen Blumenstrau\u00df.<\/span><\/span><\/span><\/p>\n<p><span style=\"color: #222222;\"><img loading=\"lazy\" decoding=\"async\" class=\"alignnone size-medium wp-image-912\" src=\"http:\/\/pfarrei-schwarzach-perasdorf.de\/wp-content\/uploads\/2018\/04\/unnamed-300x225.jpg\" alt=\"\" width=\"300\" height=\"225\" srcset=\"https:\/\/pfarrei-schwarzach-perasdorf.de\/wp-content\/uploads\/2018\/04\/unnamed-300x225.jpg 300w, https:\/\/pfarrei-schwarzach-perasdorf.de\/wp-content\/uploads\/2018\/04\/unnamed-150x113.jpg 150w, https:\/\/pfarrei-schwarzach-perasdorf.de\/wp-content\/uploads\/2018\/04\/unnamed-768x576.jpg 768w, https:\/\/pfarrei-schwarzach-perasdorf.de\/wp-content\/uploads\/2018\/04\/unnamed-1024x768.jpg 1024w\" sizes=\"(max-width: 300px) 100vw, 300px\" \/><img loading=\"lazy\" decoding=\"async\" class=\"alignnone size-medium wp-image-908\" style=\"color: #333333;\" src=\"http:\/\/pfarrei-schwarzach-perasdorf.de\/wp-content\/uploads\/2018\/04\/20180420_1946491-266x300.jpg\" alt=\"\" width=\"266\" height=\"300\" srcset=\"https:\/\/pfarrei-schwarzach-perasdorf.de\/wp-content\/uploads\/2018\/04\/20180420_1946491-266x300.jpg 266w, https:\/\/pfarrei-schwarzach-perasdorf.de\/wp-content\/uploads\/2018\/04\/20180420_1946491-133x150.jpg 133w, https:\/\/pfarrei-schwarzach-perasdorf.de\/wp-content\/uploads\/2018\/04\/20180420_1946491-768x867.jpg 768w, https:\/\/pfarrei-schwarzach-perasdorf.de\/wp-content\/uploads\/2018\/04\/20180420_1946491-907x1024.jpg 907w\" sizes=\"(max-width: 266px) 100vw, 266px\" \/><\/span><\/p>\n<p>Foto\u00b4s &amp; Text: Tobias Schroll, Kerstin Schedlbauer&nbsp;<\/p>\n<p><span style=\"color: #222222;\"><span style=\"font-family: arial, sans-serif;\"><span style=\"font-size: small;\">&nbsp;&nbsp;<\/span><\/span><\/span><span style=\"color: #222222;\"><span style=\"font-family: arial, sans-serif;\"><span style=\"font-size: small;\"> <img loading=\"lazy\" decoding=\"async\" class=\"alignnone size-medium wp-image-909\" src=\"http:\/\/pfarrei-schwarzach-perasdorf.de\/wp-content\/uploads\/2018\/04\/PastedGraphic-1.tiff\" alt=\"\" width=\"1\" height=\"1\">&nbsp;<\/span><\/span><\/span> <span style=\"font-size: small; font-family: arial, sans-serif; color: #222222;\">&nbsp;<\/span><img loading=\"lazy\" decoding=\"async\" class=\"alignnone size-medium wp-image-909\" style=\"font-size: small; font-family: arial, sans-serif; color: #222222;\" src=\"http:\/\/pfarrei-schwarzach-perasdorf.de\/wp-content\/uploads\/2018\/04\/PastedGraphic-1.tiff\" alt=\"\" width=\"1\" height=\"1\"><\/p>\n","protected":false},"excerpt":{"rendered":"<p>Im Rahmen einer Feierstunde trafen sich am Freitag den 20. April die Mitglieder von Pfarrgemeinderat und Kirchenverwaltung der Pfarrei Sankt Laurentius mit den Pfarrern Dirscherl und Trimpl, Pater Paul und Gemeindeassistent Bartlreither im Gasthaus Steininger in Hintersollach&nbsp; um Rosa Niedermeier geb\u00fchrend zu verabschieden und ihr f\u00fcr die ehrenamtlich geleistete Arbeit zu danken. Da sich Rosa &#8230; <span class=\"more\"><a class=\"more-link\" href=\"https:\/\/pfarrei-schwarzach-perasdorf.de\/?p=901\">[weiterlesen&#8230;]<\/a><\/span><\/p>\n","protected":false},"author":8,"featured_media":0,"comment_status":"closed","ping_status":"closed","sticky":false,"template":"","format":"standard","meta":{"footnotes":""},"categories":[6],"tags":[],"_links":{"self":[{"href":"https:\/\/pfarrei-schwarzach-perasdorf.de\/index.php?rest_route=\/wp\/v2\/posts\/901"}],"collection":[{"href":"https:\/\/pfarrei-schwarzach-perasdorf.de\/index.php?rest_route=\/wp\/v2\/posts"}],"about":[{"href":"https:\/\/pfarrei-schwarzach-perasdorf.de\/index.php?rest_route=\/wp\/v2\/types\/post"}],"author":[{"embeddable":true,"href":"https:\/\/pfarrei-schwarzach-perasdorf.de\/index.php?rest_route=\/wp\/v2\/users\/8"}],"replies":[{"embeddable":true,"href":"https:\/\/pfarrei-schwarzach-perasdorf.de\/index.php?rest_route=%2Fwp%2Fv2%2Fcomments&post=901"}],"version-history":[{"count":2,"href":"https:\/\/pfarrei-schwarzach-perasdorf.de\/index.php?rest_route=\/wp\/v2\/posts\/901\/revisions"}],"predecessor-version":[{"id":913,"href":"https:\/\/pfarrei-schwarzach-perasdorf.de\/index.php?rest_route=\/wp\/v2\/posts\/901\/revisions\/913"}],"wp:attachment":[{"href":"https:\/\/pfarrei-schwarzach-perasdorf.de\/index.php?rest_route=%2Fwp%2Fv2%2Fmedia&parent=901"}],"wp:term":[{"taxonomy":"category","embeddable":true,"href":"https:\/\/pfarrei-schwarzach-perasdorf.de\/index.php?rest_route=%2Fwp%2Fv2%2Fcategories&post=901"},{"taxonomy":"post_tag","embeddable":true,"href":"https:\/\/pfarrei-schwarzach-perasdorf.de\/index.php?rest_route=%2Fwp%2Fv2%2Ftags&post=901"}],"curies":[{"name":"wp","href":"https:\/\/api.w.org\/{rel}","templated":true}]}}