{"id":896,"date":"2018-04-25T09:36:27","date_gmt":"2018-04-25T07:36:27","guid":{"rendered":"http:\/\/pfarrei-schwarzach-perasdorf.de\/?p=896"},"modified":"2018-04-25T09:36:27","modified_gmt":"2018-04-25T07:36:27","slug":"pfarrgemeinderatswahlen-2018","status":"publish","type":"post","link":"https:\/\/pfarrei-schwarzach-perasdorf.de\/?p=896","title":{"rendered":"Pfarrgemeinderatswahlen 2018"},"content":{"rendered":"<p>Im Februar diesen Jahres fanden die Wahlen f\u00fcr den Pfarrgemeinderat statt und am 9. M\u00e4rz trafen sich die Mitglieder zu ihrer konstituierenden Sitzung.&nbsp;&nbsp;<\/p>\n<p><span style=\"color: #222222;\"><span style=\"font-family: arial, sans-serif;\"><span style=\"font-size: small;\">Neben den gew\u00e4hlten Mitgliedern &#8211; neu dabei sind Tobias Schroll und Inge Renner &#8211; wurden Gisela Stiglmeier und Thomas Schuster in das Gremium berufen.&nbsp; Zur Vorsitzenden wurde Barbara Dietl gew\u00e4hlt, sie wird vertreten von Angela Hornberger. Das Amt der Schriftf\u00fchrerin \u00fcbernimmt Gisela Stiglmeier. Sachaussch\u00fcsse wurden ob der \u00dcberschaubarkeit der anfallenden Arbeiten nicht gebildet, man besprach in der Sitzung zus\u00e4tzlich die anstehenden Veranstaltungen im kommenden halben Jahr.<\/span><\/span><\/span>&nbsp;<\/p>\n<p>&nbsp;<\/p>\n<p><img loading=\"lazy\" decoding=\"async\" class=\"alignnone size-medium wp-image-899\" src=\"http:\/\/pfarrei-schwarzach-perasdorf.de\/wp-content\/uploads\/2018\/04\/20180420_194811-2-270x300.jpg\" alt=\"\" width=\"270\" height=\"300\" srcset=\"https:\/\/pfarrei-schwarzach-perasdorf.de\/wp-content\/uploads\/2018\/04\/20180420_194811-2-270x300.jpg 270w, https:\/\/pfarrei-schwarzach-perasdorf.de\/wp-content\/uploads\/2018\/04\/20180420_194811-2-135x150.jpg 135w, https:\/\/pfarrei-schwarzach-perasdorf.de\/wp-content\/uploads\/2018\/04\/20180420_194811-2-768x852.jpg 768w, https:\/\/pfarrei-schwarzach-perasdorf.de\/wp-content\/uploads\/2018\/04\/20180420_194811-2-923x1024.jpg 923w\" sizes=\"(max-width: 270px) 100vw, 270px\" \/><\/p>\n<p>Auf dem Foto fehlt Thomas Schuster<\/p>\n<p>Foto&amp;Text: Tobias Schroll, Kerstin Schedlbauer&nbsp;<\/p>\n","protected":false},"excerpt":{"rendered":"<p>Im Februar diesen Jahres fanden die Wahlen f\u00fcr den Pfarrgemeinderat statt und am 9. M\u00e4rz trafen sich die Mitglieder zu ihrer konstituierenden Sitzung.&nbsp;&nbsp; Neben den gew\u00e4hlten Mitgliedern &#8211; neu dabei sind Tobias Schroll und Inge Renner &#8211; wurden Gisela Stiglmeier und Thomas Schuster in das Gremium berufen.&nbsp; Zur Vorsitzenden wurde Barbara Dietl gew\u00e4hlt, sie wird &#8230; <span class=\"more\"><a class=\"more-link\" href=\"https:\/\/pfarrei-schwarzach-perasdorf.de\/?p=896\">[weiterlesen&#8230;]<\/a><\/span><\/p>\n","protected":false},"author":8,"featured_media":0,"comment_status":"closed","ping_status":"closed","sticky":false,"template":"","format":"standard","meta":{"footnotes":""},"categories":[6],"tags":[],"_links":{"self":[{"href":"https:\/\/pfarrei-schwarzach-perasdorf.de\/index.php?rest_route=\/wp\/v2\/posts\/896"}],"collection":[{"href":"https:\/\/pfarrei-schwarzach-perasdorf.de\/index.php?rest_route=\/wp\/v2\/posts"}],"about":[{"href":"https:\/\/pfarrei-schwarzach-perasdorf.de\/index.php?rest_route=\/wp\/v2\/types\/post"}],"author":[{"embeddable":true,"href":"https:\/\/pfarrei-schwarzach-perasdorf.de\/index.php?rest_route=\/wp\/v2\/users\/8"}],"replies":[{"embeddable":true,"href":"https:\/\/pfarrei-schwarzach-perasdorf.de\/index.php?rest_route=%2Fwp%2Fv2%2Fcomments&post=896"}],"version-history":[{"count":2,"href":"https:\/\/pfarrei-schwarzach-perasdorf.de\/index.php?rest_route=\/wp\/v2\/posts\/896\/revisions"}],"predecessor-version":[{"id":900,"href":"https:\/\/pfarrei-schwarzach-perasdorf.de\/index.php?rest_route=\/wp\/v2\/posts\/896\/revisions\/900"}],"wp:attachment":[{"href":"https:\/\/pfarrei-schwarzach-perasdorf.de\/index.php?rest_route=%2Fwp%2Fv2%2Fmedia&parent=896"}],"wp:term":[{"taxonomy":"category","embeddable":true,"href":"https:\/\/pfarrei-schwarzach-perasdorf.de\/index.php?rest_route=%2Fwp%2Fv2%2Fcategories&post=896"},{"taxonomy":"post_tag","embeddable":true,"href":"https:\/\/pfarrei-schwarzach-perasdorf.de\/index.php?rest_route=%2Fwp%2Fv2%2Ftags&post=896"}],"curies":[{"name":"wp","href":"https:\/\/api.w.org\/{rel}","templated":true}]}}