{"id":884,"date":"2018-04-25T09:10:08","date_gmt":"2018-04-25T07:10:08","guid":{"rendered":"http:\/\/pfarrei-schwarzach-perasdorf.de\/?p=884"},"modified":"2018-04-25T09:10:08","modified_gmt":"2018-04-25T07:10:08","slug":"uebergabe-der-kommunionsgewaender","status":"publish","type":"post","link":"https:\/\/pfarrei-schwarzach-perasdorf.de\/?p=884","title":{"rendered":"\u00dcbergabe der Kommunionsgew\u00e4nder"},"content":{"rendered":"<p><strong>Am wei\u00dfen Sonntag wurden in der Pfarrei Perasdorf die Kommunionsgew\u00e4nder an die Kinder \u00fcbergeben.<\/strong><\/p>\n<p>Pfarrer Dirscherl sprach in seiner Predigt von dem wei\u00dfen Kleid das sie in Ihrem Leben immer wieder begleitete wird. Das wei\u00dfe Taufkleid das er dabei hatte machte den Anfang nun kommt in wenigen Woche das wei\u00dfe Kommunionskleid und bei der Hochzeit sp\u00e4ter dann das wei\u00dfe Hochzeitskleid.&nbsp;Die Mesnerin Frau Dietl half Pfarrer Dirscherl bei der \u00dcbergabe der Gew\u00e4nder.&nbsp;Ein Kind war leider erkrank.<\/p>\n<p>&nbsp;<\/p>\n<p><img loading=\"lazy\" decoding=\"async\" class=\"alignnone size-medium wp-image-890\" src=\"http:\/\/pfarrei-schwarzach-perasdorf.de\/wp-content\/uploads\/2018\/04\/IMG_5037-300x225.jpg\" alt=\"\" width=\"300\" height=\"225\" srcset=\"https:\/\/pfarrei-schwarzach-perasdorf.de\/wp-content\/uploads\/2018\/04\/IMG_5037-300x225.jpg 300w, https:\/\/pfarrei-schwarzach-perasdorf.de\/wp-content\/uploads\/2018\/04\/IMG_5037-150x113.jpg 150w, https:\/\/pfarrei-schwarzach-perasdorf.de\/wp-content\/uploads\/2018\/04\/IMG_5037-768x576.jpg 768w, https:\/\/pfarrei-schwarzach-perasdorf.de\/wp-content\/uploads\/2018\/04\/IMG_5037-1024x768.jpg 1024w\" sizes=\"(max-width: 300px) 100vw, 300px\" \/><\/p>\n<p>Foto: Tobias Schroll<\/p>\n","protected":false},"excerpt":{"rendered":"<p>Am wei\u00dfen Sonntag wurden in der Pfarrei Perasdorf die Kommunionsgew\u00e4nder an die Kinder \u00fcbergeben. Pfarrer Dirscherl sprach in seiner Predigt von dem wei\u00dfen Kleid das sie in Ihrem Leben immer wieder begleitete wird. Das wei\u00dfe Taufkleid das er dabei hatte machte den Anfang nun kommt in wenigen Woche das wei\u00dfe Kommunionskleid und bei der Hochzeit &#8230; <span class=\"more\"><a class=\"more-link\" href=\"https:\/\/pfarrei-schwarzach-perasdorf.de\/?p=884\">[weiterlesen&#8230;]<\/a><\/span><\/p>\n","protected":false},"author":8,"featured_media":0,"comment_status":"closed","ping_status":"closed","sticky":false,"template":"","format":"standard","meta":{"footnotes":""},"categories":[6],"tags":[],"_links":{"self":[{"href":"https:\/\/pfarrei-schwarzach-perasdorf.de\/index.php?rest_route=\/wp\/v2\/posts\/884"}],"collection":[{"href":"https:\/\/pfarrei-schwarzach-perasdorf.de\/index.php?rest_route=\/wp\/v2\/posts"}],"about":[{"href":"https:\/\/pfarrei-schwarzach-perasdorf.de\/index.php?rest_route=\/wp\/v2\/types\/post"}],"author":[{"embeddable":true,"href":"https:\/\/pfarrei-schwarzach-perasdorf.de\/index.php?rest_route=\/wp\/v2\/users\/8"}],"replies":[{"embeddable":true,"href":"https:\/\/pfarrei-schwarzach-perasdorf.de\/index.php?rest_route=%2Fwp%2Fv2%2Fcomments&post=884"}],"version-history":[{"count":7,"href":"https:\/\/pfarrei-schwarzach-perasdorf.de\/index.php?rest_route=\/wp\/v2\/posts\/884\/revisions"}],"predecessor-version":[{"id":897,"href":"https:\/\/pfarrei-schwarzach-perasdorf.de\/index.php?rest_route=\/wp\/v2\/posts\/884\/revisions\/897"}],"wp:attachment":[{"href":"https:\/\/pfarrei-schwarzach-perasdorf.de\/index.php?rest_route=%2Fwp%2Fv2%2Fmedia&parent=884"}],"wp:term":[{"taxonomy":"category","embeddable":true,"href":"https:\/\/pfarrei-schwarzach-perasdorf.de\/index.php?rest_route=%2Fwp%2Fv2%2Fcategories&post=884"},{"taxonomy":"post_tag","embeddable":true,"href":"https:\/\/pfarrei-schwarzach-perasdorf.de\/index.php?rest_route=%2Fwp%2Fv2%2Ftags&post=884"}],"curies":[{"name":"wp","href":"https:\/\/api.w.org\/{rel}","templated":true}]}}