{"id":855,"date":"2018-03-14T17:00:34","date_gmt":"2018-03-14T16:00:34","guid":{"rendered":"http:\/\/pfarrei-schwarzach-perasdorf.de\/?p=855"},"modified":"2018-04-01T11:20:07","modified_gmt":"2018-04-01T09:20:07","slug":"den-glauben-weitertragen","status":"publish","type":"post","link":"https:\/\/pfarrei-schwarzach-perasdorf.de\/?p=855","title":{"rendered":"Den Glauben weitertragen"},"content":{"rendered":"<p>Am 14.03.2018 fanden sich die Soldalen der Marianischen M\u00e4nnerkongregation der Ortsgruppen aus Schwarzach, Perasdorf und Degernbach im Pfarrheim Schwarzach ein, um ihre &nbsp;Jahreshauptversammlung abzuhalten. Der Abend begann zuvor mit einem Gottesdienst, der von Pf. Dirscherl und Pater Paul zelebriert wurde.<\/p>\n<p>Obmann Ludwig Laschinger zeigte sich sehr erfreut, dass sich so viele Soldalen im Pfarrheim Schwarzach eingefunden haben. Im abgelaufen Jahr nahm die MMC Schwarzach wieder an zahlreichen Veranstaltungen teil, zuletzt am Hauptfest der MMC am zur\u00fcckliegenden Sonntag in Straubing.<\/p>\n<p>Nach dem R\u00fcckblick nahmen Obmann Ludwig Laschinger und Pf. Dirscherl die Ehrungen der Soldalen aus Schwarzach f\u00fcr ihre langj\u00e4hrige Mitgliedschaft vor.<\/p>\n<p>Aus der Ortsgruppe Schwarzach wurden 3 Mitglieder geehrt:<\/p>\n<p>Josef Jungmeier f\u00fcr 70 Jahre, Josef Schmid&nbsp; f\u00fcr 50 Jahre und Franz Staudinger f\u00fcr 50 Jahre Mitgliedschaft.<\/p>\n<p>Von der Ortsgruppe Degernbach \u00fcbergab Obmann Herbert Nebel eine Urkunde an Josef Fuchs f\u00fcr 40 Jahre, Josef Staudinger f\u00fcr 40 Jahre und Rudolf Kronfeldner f\u00fcr 30 Jahre Mitgliedschaft. Obmann Herbert Nebel ist ebenfalls seit 70 Jahren Mitglied.<\/p>\n<p>Pfr. Dirscherl referierte anschlie\u00dfend \u00fcber die Geschichte vom Hintergrund bzw. der Gr\u00fcndung der MMC. So wurde die MMC Straubing im Jahr 1646 von den Jesuiten gegr\u00fcndet. Ziel war damals die inhaltliche Glaubensweiterbildung und Festigung in der Bev\u00f6lkerung.<\/p>\n<p>Beendet wurde der offizielle Teil der Jahreshauptversammlung mit einem gemeinsamen Mariengebet und einem Marienlied.<\/p>\n<p><img loading=\"lazy\" decoding=\"async\" class=\"aligncenter size-full wp-image-856\" src=\"http:\/\/pfarrei-schwarzach-perasdorf.de\/wp-content\/uploads\/2018\/04\/JHV-2018-1.jpg\" alt=\"JHV 2018 1\" width=\"570\" height=\"380\" srcset=\"https:\/\/pfarrei-schwarzach-perasdorf.de\/wp-content\/uploads\/2018\/04\/JHV-2018-1.jpg 570w, https:\/\/pfarrei-schwarzach-perasdorf.de\/wp-content\/uploads\/2018\/04\/JHV-2018-1-150x100.jpg 150w, https:\/\/pfarrei-schwarzach-perasdorf.de\/wp-content\/uploads\/2018\/04\/JHV-2018-1-300x200.jpg 300w\" sizes=\"(max-width: 570px) 100vw, 570px\" \/><\/p>\n<p><img loading=\"lazy\" decoding=\"async\" class=\"aligncenter size-full wp-image-857\" src=\"http:\/\/pfarrei-schwarzach-perasdorf.de\/wp-content\/uploads\/2018\/04\/JHV-2018-2.jpg\" alt=\"JHV 2018 2\" width=\"421\" height=\"280\" srcset=\"https:\/\/pfarrei-schwarzach-perasdorf.de\/wp-content\/uploads\/2018\/04\/JHV-2018-2.jpg 421w, https:\/\/pfarrei-schwarzach-perasdorf.de\/wp-content\/uploads\/2018\/04\/JHV-2018-2-150x100.jpg 150w, https:\/\/pfarrei-schwarzach-perasdorf.de\/wp-content\/uploads\/2018\/04\/JHV-2018-2-300x200.jpg 300w\" sizes=\"(max-width: 421px) 100vw, 421px\" \/><\/p>\n<p><img loading=\"lazy\" decoding=\"async\" class=\"aligncenter size-full wp-image-858\" src=\"http:\/\/pfarrei-schwarzach-perasdorf.de\/wp-content\/uploads\/2018\/04\/JHV-2018-3.jpg\" alt=\"JHV 2018 3\" width=\"424\" height=\"282\" srcset=\"https:\/\/pfarrei-schwarzach-perasdorf.de\/wp-content\/uploads\/2018\/04\/JHV-2018-3.jpg 424w, https:\/\/pfarrei-schwarzach-perasdorf.de\/wp-content\/uploads\/2018\/04\/JHV-2018-3-150x100.jpg 150w, https:\/\/pfarrei-schwarzach-perasdorf.de\/wp-content\/uploads\/2018\/04\/JHV-2018-3-300x200.jpg 300w\" sizes=\"(max-width: 424px) 100vw, 424px\" \/><\/p>\n<p><img loading=\"lazy\" decoding=\"async\" class=\"aligncenter size-full wp-image-859\" src=\"http:\/\/pfarrei-schwarzach-perasdorf.de\/wp-content\/uploads\/2018\/04\/JHV-2018-4.jpg\" alt=\"JHV 2018 4\" width=\"443\" height=\"296\" srcset=\"https:\/\/pfarrei-schwarzach-perasdorf.de\/wp-content\/uploads\/2018\/04\/JHV-2018-4.jpg 443w, https:\/\/pfarrei-schwarzach-perasdorf.de\/wp-content\/uploads\/2018\/04\/JHV-2018-4-150x100.jpg 150w, https:\/\/pfarrei-schwarzach-perasdorf.de\/wp-content\/uploads\/2018\/04\/JHV-2018-4-300x200.jpg 300w\" sizes=\"(max-width: 443px) 100vw, 443px\" \/><\/p>\n<div id=\"attachment_860\" style=\"width: 462px\" class=\"wp-caption aligncenter\"><img loading=\"lazy\" decoding=\"async\" aria-describedby=\"caption-attachment-860\" class=\"size-full wp-image-860\" src=\"http:\/\/pfarrei-schwarzach-perasdorf.de\/wp-content\/uploads\/2018\/04\/JHV-2018-5.jpg\" alt=\"Fotos und Text: Erwin Fuchs\" width=\"452\" height=\"302\" srcset=\"https:\/\/pfarrei-schwarzach-perasdorf.de\/wp-content\/uploads\/2018\/04\/JHV-2018-5.jpg 452w, https:\/\/pfarrei-schwarzach-perasdorf.de\/wp-content\/uploads\/2018\/04\/JHV-2018-5-150x100.jpg 150w, https:\/\/pfarrei-schwarzach-perasdorf.de\/wp-content\/uploads\/2018\/04\/JHV-2018-5-300x200.jpg 300w\" sizes=\"(max-width: 452px) 100vw, 452px\" \/><p id=\"caption-attachment-860\" class=\"wp-caption-text\">Fotos und Text: Erwin Fuchs<\/p><\/div>\n","protected":false},"excerpt":{"rendered":"<p>Am 14.03.2018 fanden sich die Soldalen der Marianischen M\u00e4nnerkongregation der Ortsgruppen aus Schwarzach, Perasdorf und Degernbach im Pfarrheim Schwarzach ein, um ihre &nbsp;Jahreshauptversammlung abzuhalten. Der Abend begann zuvor mit einem Gottesdienst, der von Pf. Dirscherl und Pater Paul zelebriert wurde. Obmann Ludwig Laschinger zeigte sich sehr erfreut, dass sich so viele Soldalen im Pfarrheim Schwarzach &#8230; <span class=\"more\"><a class=\"more-link\" href=\"https:\/\/pfarrei-schwarzach-perasdorf.de\/?p=855\">[weiterlesen&#8230;]<\/a><\/span><\/p>\n","protected":false},"author":6,"featured_media":0,"comment_status":"closed","ping_status":"closed","sticky":false,"template":"","format":"standard","meta":{"footnotes":""},"categories":[6],"tags":[],"_links":{"self":[{"href":"https:\/\/pfarrei-schwarzach-perasdorf.de\/index.php?rest_route=\/wp\/v2\/posts\/855"}],"collection":[{"href":"https:\/\/pfarrei-schwarzach-perasdorf.de\/index.php?rest_route=\/wp\/v2\/posts"}],"about":[{"href":"https:\/\/pfarrei-schwarzach-perasdorf.de\/index.php?rest_route=\/wp\/v2\/types\/post"}],"author":[{"embeddable":true,"href":"https:\/\/pfarrei-schwarzach-perasdorf.de\/index.php?rest_route=\/wp\/v2\/users\/6"}],"replies":[{"embeddable":true,"href":"https:\/\/pfarrei-schwarzach-perasdorf.de\/index.php?rest_route=%2Fwp%2Fv2%2Fcomments&post=855"}],"version-history":[{"count":1,"href":"https:\/\/pfarrei-schwarzach-perasdorf.de\/index.php?rest_route=\/wp\/v2\/posts\/855\/revisions"}],"predecessor-version":[{"id":861,"href":"https:\/\/pfarrei-schwarzach-perasdorf.de\/index.php?rest_route=\/wp\/v2\/posts\/855\/revisions\/861"}],"wp:attachment":[{"href":"https:\/\/pfarrei-schwarzach-perasdorf.de\/index.php?rest_route=%2Fwp%2Fv2%2Fmedia&parent=855"}],"wp:term":[{"taxonomy":"category","embeddable":true,"href":"https:\/\/pfarrei-schwarzach-perasdorf.de\/index.php?rest_route=%2Fwp%2Fv2%2Fcategories&post=855"},{"taxonomy":"post_tag","embeddable":true,"href":"https:\/\/pfarrei-schwarzach-perasdorf.de\/index.php?rest_route=%2Fwp%2Fv2%2Ftags&post=855"}],"curies":[{"name":"wp","href":"https:\/\/api.w.org\/{rel}","templated":true}]}}