{"id":714,"date":"2018-02-03T10:00:01","date_gmt":"2018-02-03T09:00:01","guid":{"rendered":"http:\/\/pfarrei-schwarzach-perasdorf.de\/?p=714"},"modified":"2018-02-03T10:00:01","modified_gmt":"2018-02-03T09:00:01","slug":"pfarrgemeinderatswahlen","status":"publish","type":"post","link":"https:\/\/pfarrei-schwarzach-perasdorf.de\/?p=714","title":{"rendered":"Pfarrgemeinderatswahlen!!!"},"content":{"rendered":"<p style=\"text-align: center;\"><strong>Am Samstag, 24.2. bzw. Sonntag, 25.2. sind Pfarrgemeinderatswahlen<\/strong><\/p>\n<p>In Perasdorf werden aus den 10 Kandidaten 8 Personen und in Schwarzach werden aus den 14 Kandidaten 12 Personen gew\u00e4hlt.<\/p>\n<p><strong>Schwarzach:<\/strong><br \/>\nBitte kommen Sie zu den jeweils angegebenen Wahlzeiten in das Pfarrheim<br \/>\n<strong>Samstag, 24.2. von 15.00 bis 18.00 Uhr<\/strong><br \/>\n<strong>Sonntag, 25.2. von 9.00 bis 12.00 Uhr<\/strong><\/p>\n<p><strong>Briefwahl f\u00fcr Schwarzach<\/strong><br \/>\nDie Briefwahlunterlagen k\u00f6nnen ab Mittwoch, 14.2. bis Freitag, 23.2.\/11.00 Uhr im Pfarrb\u00fcro abgeholt werden. R\u00fcckgabe bis sp\u00e4testens Sonntag, 25.2.\/12.00 Uhr im Pfarrb\u00fcro (Briefkasten) oder im Wahllokal.<\/p>\n<p><strong>Perasdorf: Allgemeine Briefwahl<\/strong><br \/>\nDie Wahl wird ausschlie\u00dflich als Briefwahl durchgef\u00fchrt. Alle wahlberechtigten Pfarrangeh\u00f6rigen erhalten die Briefwahlunterlagen automatisch per Post.<br \/>\nDie ausgef\u00fcllten Briefwahlunterlagen k\u00f6nnen in der Sakristei oder im Vorraum der Kirche (Briefkasten) abgegeben werden oder bitte per Post an: Kath. Pfarramt St. Laurentius, Laurentiusstr. 1, 94366 Perasdorf. Die Unterlagen m\u00fcssen bis sp\u00e4testens Sonntag, 25.2.2018 \/12.00 Uhr abgegeben wer-den!<\/p>\n<p><strong>Wahlmodus<\/strong><br \/>\nStimmberechtigt ist jeder, der 14 Jahre alt ist.<\/p>\n<p><strong>Perasdorf:<\/strong> Am Wahlsonntag, 25.2. treffen sich ab 11.00 Uhr alle bisherigen Pfarrgemeinder\u00e4te zum Ausz\u00e4hlen im Pfarrheim. Die Verabschiedung der ausscheidenden Pfarrgemeinderatsmitglieder findet zu einem sp\u00e4teren Zeitpunkt statt. Das Wahlergebnis wird beim Ausgang der Kirche und in der Presse bekannt gemacht. Wahlanfechtungen k\u00f6nnen bis zum 8. M\u00e4rz im Pfarrb\u00fcro in Schwarzach angegeben werden.<\/p>\n<p><strong>Schwarzach:<\/strong> Am Wahlsonntag, 25.2 treffen sich ab 12.00 Uhr alle bisherigen Pfarrgemeinder\u00e4te zum Ausz\u00e4hlen im Pfarrheim. Gratulation und Dank folgt!<br \/>\nWeitere Angaben wie oben in Perasdorf.<\/p>\n<p>Konstituierende Sitzung &#8211; Neue Vorstandschaft &#8211; Sachaussch\u00fcsse<br \/>\nPerasdorf: Freitag, 9.3. um 19.00 Uhr<br \/>\nSchwarzach: Freitag 16.03. um 20.15 Uhr<\/p>\n<p style=\"text-align: center;\"><strong>10 Kandidaten f\u00fcr Pfarrgemeinderatswahl in Perasdorf<\/strong><\/p>\n<div id=\"attachment_715\" style=\"width: 114px\" class=\"wp-caption alignnone\"><img loading=\"lazy\" decoding=\"async\" aria-describedby=\"caption-attachment-715\" class=\"size-full wp-image-715\" src=\"http:\/\/pfarrei-schwarzach-perasdorf.de\/wp-content\/uploads\/2018\/02\/Dietl-Babara.png\" alt=\"Dietl Barbara 67 J. Mesnerin, PGR-Sprecherin Perasdorf\" width=\"104\" height=\"141\"><p id=\"caption-attachment-715\" class=\"wp-caption-text\">Dietl Barbara 67 J.<br \/>Mesnerin, PGR-Sprecherin<br \/>Perasdorf<\/p><\/div>\n<div id=\"attachment_724\" style=\"width: 118px\" class=\"wp-caption alignnone\"><img loading=\"lazy\" decoding=\"async\" aria-describedby=\"caption-attachment-724\" class=\"size-full wp-image-724\" src=\"http:\/\/pfarrei-schwarzach-perasdorf.de\/wp-content\/uploads\/2018\/02\/Stiglmeier-Gisela.png\" alt=\"Stiglmeier Gisela, 67 J. Rentnerin Perasdorf\" width=\"108\" height=\"138\"><p id=\"caption-attachment-724\" class=\"wp-caption-text\">Stiglmeier Gisela, 67 J.<br \/>Rentnerin<br \/>Perasdorf<\/p><\/div>\n<div id=\"attachment_723\" style=\"width: 123px\" class=\"wp-caption alignnone\"><img loading=\"lazy\" decoding=\"async\" aria-describedby=\"caption-attachment-723\" class=\"size-medium_large wp-image-723\" src=\"http:\/\/pfarrei-schwarzach-perasdorf.de\/wp-content\/uploads\/2018\/02\/Schuster-Thomas.png\" alt=\"Schuster Thomas, 44 J. BMW-Arbeiter Perasdorf\" width=\"113\" height=\"139\"><p id=\"caption-attachment-723\" class=\"wp-caption-text\">Schuster Thomas, 44 J.<br \/>BMW-Arbeiter<br \/>Perasdorf<\/p><\/div>\n<div id=\"attachment_722\" style=\"width: 118px\" class=\"wp-caption alignnone\"><img loading=\"lazy\" decoding=\"async\" aria-describedby=\"caption-attachment-722\" class=\"size-medium_large wp-image-722\" src=\"http:\/\/pfarrei-schwarzach-perasdorf.de\/wp-content\/uploads\/2018\/02\/Schroll-Tobias.png\" alt=\"Schroll Tobias, 19 J. Student Unterholzen\" width=\"108\" height=\"138\"><p id=\"caption-attachment-722\" class=\"wp-caption-text\">Schroll Tobias, 19 J.<br \/>Student<br \/>Unterholzen<\/p><\/div>\n<div id=\"attachment_721\" style=\"width: 121px\" class=\"wp-caption alignnone\"><img loading=\"lazy\" decoding=\"async\" aria-describedby=\"caption-attachment-721\" class=\"size-medium_large wp-image-721\" src=\"http:\/\/pfarrei-schwarzach-perasdorf.de\/wp-content\/uploads\/2018\/02\/Schedlbauer-Kerstin.png\" alt=\"Schedlbauer Kerstin, 29 J. Erzieherin Wolfessen\" width=\"111\" height=\"141\"><p id=\"caption-attachment-721\" class=\"wp-caption-text\">Schedlbauer Kerstin, 29 J. Erzieherin<br \/>Wolfessen<\/p><\/div>\n<div id=\"attachment_720\" style=\"width: 124px\" class=\"wp-caption alignnone\"><img loading=\"lazy\" decoding=\"async\" aria-describedby=\"caption-attachment-720\" class=\"size-medium_large wp-image-720\" src=\"http:\/\/pfarrei-schwarzach-perasdorf.de\/wp-content\/uploads\/2018\/02\/Renner-Inge.png\" alt=\"Renner Inge, 40 J. Folienverarbeiterin Hintersollach\" width=\"114\" height=\"136\"><p id=\"caption-attachment-720\" class=\"wp-caption-text\">Renner Inge, 40 J.<br \/>Folienverarbeiterin<br \/>Hintersollach<\/p><\/div>\n<div id=\"attachment_719\" style=\"width: 117px\" class=\"wp-caption alignnone\"><img loading=\"lazy\" decoding=\"async\" aria-describedby=\"caption-attachment-719\" class=\"size-medium_large wp-image-719\" src=\"http:\/\/pfarrei-schwarzach-perasdorf.de\/wp-content\/uploads\/2018\/02\/Pollak-Elisabeth.png\" alt=\"Pollak Elisabeth, 55 J. Hausfrau Unterlindberg\" width=\"107\" height=\"136\"><p id=\"caption-attachment-719\" class=\"wp-caption-text\">Pollak Elisabeth, 55 J.<br \/>Hausfrau<br \/>Unterlindberg<\/p><\/div>\n<div id=\"attachment_718\" style=\"width: 113px\" class=\"wp-caption alignnone\"><img loading=\"lazy\" decoding=\"async\" aria-describedby=\"caption-attachment-718\" class=\"size-medium_large wp-image-718\" src=\"http:\/\/pfarrei-schwarzach-perasdorf.de\/wp-content\/uploads\/2018\/02\/M\u00fcller-Josef.png\" alt=\"M\u00fcller Josef, 48 J. Montierer Steg\" width=\"103\" height=\"138\"><p id=\"caption-attachment-718\" class=\"wp-caption-text\">M\u00fcller Josef, 48 J.<br \/>Montierer<br \/>Steg<\/p><\/div>\n<div id=\"attachment_717\" style=\"width: 121px\" class=\"wp-caption alignnone\"><img loading=\"lazy\" decoding=\"async\" aria-describedby=\"caption-attachment-717\" class=\"size-medium_large wp-image-717\" src=\"http:\/\/pfarrei-schwarzach-perasdorf.de\/wp-content\/uploads\/2018\/02\/Karl-Michael.png\" alt=\"Karl Michael, 57 J. Servicefahrer Perasdorf\" width=\"111\" height=\"144\"><p id=\"caption-attachment-717\" class=\"wp-caption-text\">Karl Michael, 57 J.<br \/>Servicefahrer<br \/>Perasdorf<\/p><\/div>\n<div id=\"attachment_716\" style=\"width: 115px\" class=\"wp-caption alignnone\"><img loading=\"lazy\" decoding=\"async\" aria-describedby=\"caption-attachment-716\" class=\"size-medium_large wp-image-716\" src=\"http:\/\/pfarrei-schwarzach-perasdorf.de\/wp-content\/uploads\/2018\/02\/Hornberger-Angela.png\" alt=\"Hornberger Angela, 52 J. Schulbegleiterin Perasdorf\" width=\"105\" height=\"134\"><p id=\"caption-attachment-716\" class=\"wp-caption-text\">Hornberger Angela, 52 J.<br \/>Schulbegleiterin<br \/>Perasdorf<\/p><\/div>\n<p style=\"text-align: center;\"><strong>14 Kandidaten f\u00fcr Pfarrgemeinderatswahl in Schwarzach<\/strong><\/p>\n<div id=\"attachment_727\" style=\"width: 126px\" class=\"wp-caption alignnone\"><img loading=\"lazy\" decoding=\"async\" aria-describedby=\"caption-attachment-727\" class=\"size-full wp-image-727\" src=\"http:\/\/pfarrei-schwarzach-perasdorf.de\/wp-content\/uploads\/2018\/02\/Bauer-Michael.png\" alt=\"Bauer Michael, 28 J. Konstruktionsmech. Schwarzach\" width=\"116\" height=\"154\" srcset=\"https:\/\/pfarrei-schwarzach-perasdorf.de\/wp-content\/uploads\/2018\/02\/Bauer-Michael.png 116w, https:\/\/pfarrei-schwarzach-perasdorf.de\/wp-content\/uploads\/2018\/02\/Bauer-Michael-113x150.png 113w\" sizes=\"(max-width: 116px) 100vw, 116px\" \/><p id=\"caption-attachment-727\" class=\"wp-caption-text\">Bauer Michael, 28 J. Konstruktionsmech.<br \/>Schwarzach<\/p><\/div>\n<div id=\"attachment_740\" style=\"width: 124px\" class=\"wp-caption alignnone\"><img loading=\"lazy\" decoding=\"async\" aria-describedby=\"caption-attachment-740\" class=\"size-full wp-image-740\" src=\"http:\/\/pfarrei-schwarzach-perasdorf.de\/wp-content\/uploads\/2018\/02\/Ziermann-Christoph.png\" alt=\"Ziermann Christoph, 64 J. Rentner Schwarzach\" width=\"114\" height=\"150\"><p id=\"caption-attachment-740\" class=\"wp-caption-text\">Ziermann Christoph, 64 J.<br \/>Rentner<br \/>Schwarzach<\/p><\/div>\n<div id=\"attachment_739\" style=\"width: 126px\" class=\"wp-caption alignnone\"><img loading=\"lazy\" decoding=\"async\" aria-describedby=\"caption-attachment-739\" class=\"size-full wp-image-739\" src=\"http:\/\/pfarrei-schwarzach-perasdorf.de\/wp-content\/uploads\/2018\/02\/Venus-Brigitte.png\" alt=\"Venus Brigitte, 59 J. Erzieherin Lindforst\" width=\"116\" height=\"153\" srcset=\"https:\/\/pfarrei-schwarzach-perasdorf.de\/wp-content\/uploads\/2018\/02\/Venus-Brigitte.png 116w, https:\/\/pfarrei-schwarzach-perasdorf.de\/wp-content\/uploads\/2018\/02\/Venus-Brigitte-114x150.png 114w\" sizes=\"(max-width: 116px) 100vw, 116px\" \/><p id=\"caption-attachment-739\" class=\"wp-caption-text\">Venus Brigitte, 59 J.<br \/>Erzieherin<br \/>Lindforst<\/p><\/div>\n<div id=\"attachment_738\" style=\"width: 124px\" class=\"wp-caption alignnone\"><img loading=\"lazy\" decoding=\"async\" aria-describedby=\"caption-attachment-738\" class=\"size-full wp-image-738\" src=\"http:\/\/pfarrei-schwarzach-perasdorf.de\/wp-content\/uploads\/2018\/02\/Tremmel-Beate.png\" alt=\"Tremmel Beate, 52 J. Zahnarzthelferin Amosried\" width=\"114\" height=\"154\" srcset=\"https:\/\/pfarrei-schwarzach-perasdorf.de\/wp-content\/uploads\/2018\/02\/Tremmel-Beate.png 114w, https:\/\/pfarrei-schwarzach-perasdorf.de\/wp-content\/uploads\/2018\/02\/Tremmel-Beate-111x150.png 111w\" sizes=\"(max-width: 114px) 100vw, 114px\" \/><p id=\"caption-attachment-738\" class=\"wp-caption-text\">Tremmel Beate, 52 J.<br \/>Zahnarzthelferin<br \/>Amosried<\/p><\/div>\n<div id=\"attachment_737\" style=\"width: 128px\" class=\"wp-caption alignnone\"><img loading=\"lazy\" decoding=\"async\" aria-describedby=\"caption-attachment-737\" class=\"size-full wp-image-737\" src=\"http:\/\/pfarrei-schwarzach-perasdorf.de\/wp-content\/uploads\/2018\/02\/R\u00f6sch-Michaela.png\" alt=\"R\u00f6sch Michaela, 46 J. Lehrerin Schwarzach\" width=\"118\" height=\"153\" srcset=\"https:\/\/pfarrei-schwarzach-perasdorf.de\/wp-content\/uploads\/2018\/02\/R\u00f6sch-Michaela.png 118w, https:\/\/pfarrei-schwarzach-perasdorf.de\/wp-content\/uploads\/2018\/02\/R\u00f6sch-Michaela-116x150.png 116w\" sizes=\"(max-width: 118px) 100vw, 118px\" \/><p id=\"caption-attachment-737\" class=\"wp-caption-text\">R\u00f6sch Michaela, 46 J.<br \/>Lehrerin<br \/>Schwarzach<\/p><\/div>\n<div id=\"attachment_736\" style=\"width: 135px\" class=\"wp-caption alignnone\"><img loading=\"lazy\" decoding=\"async\" aria-describedby=\"caption-attachment-736\" class=\"size-full wp-image-736\" src=\"http:\/\/pfarrei-schwarzach-perasdorf.de\/wp-content\/uploads\/2018\/02\/Paukner-Johann.png\" alt=\"Paukner Johann, 53 J. Landwirt Niederhofen\" width=\"125\" height=\"152\" srcset=\"https:\/\/pfarrei-schwarzach-perasdorf.de\/wp-content\/uploads\/2018\/02\/Paukner-Johann.png 125w, https:\/\/pfarrei-schwarzach-perasdorf.de\/wp-content\/uploads\/2018\/02\/Paukner-Johann-123x150.png 123w\" sizes=\"(max-width: 125px) 100vw, 125px\" \/><p id=\"caption-attachment-736\" class=\"wp-caption-text\">Paukner Johann, 53 J.<br \/>Landwirt<br \/>Niederhofen<\/p><\/div>\n<div id=\"attachment_735\" style=\"width: 117px\" class=\"wp-caption alignnone\"><img loading=\"lazy\" decoding=\"async\" aria-describedby=\"caption-attachment-735\" class=\"size-full wp-image-735\" src=\"http:\/\/pfarrei-schwarzach-perasdorf.de\/wp-content\/uploads\/2018\/02\/Mietaner-Otto.png\" alt=\"Mietaner Otto, 45 J. Steinmetz Harpfen\" width=\"107\" height=\"156\" srcset=\"https:\/\/pfarrei-schwarzach-perasdorf.de\/wp-content\/uploads\/2018\/02\/Mietaner-Otto.png 107w, https:\/\/pfarrei-schwarzach-perasdorf.de\/wp-content\/uploads\/2018\/02\/Mietaner-Otto-103x150.png 103w\" sizes=\"(max-width: 107px) 100vw, 107px\" \/><p id=\"caption-attachment-735\" class=\"wp-caption-text\">Mietaner Otto, 45 J.<br \/>Steinmetz<br \/>Harpfen<\/p><\/div>\n<div id=\"attachment_734\" style=\"width: 135px\" class=\"wp-caption alignnone\"><img loading=\"lazy\" decoding=\"async\" aria-describedby=\"caption-attachment-734\" class=\"size-full wp-image-734\" src=\"http:\/\/pfarrei-schwarzach-perasdorf.de\/wp-content\/uploads\/2018\/02\/Kerscher-Christian.png\" alt=\"Kerscher Christian, 52 J. Elektroingenieur Schwarzach\" width=\"125\" height=\"159\" srcset=\"https:\/\/pfarrei-schwarzach-perasdorf.de\/wp-content\/uploads\/2018\/02\/Kerscher-Christian.png 125w, https:\/\/pfarrei-schwarzach-perasdorf.de\/wp-content\/uploads\/2018\/02\/Kerscher-Christian-118x150.png 118w\" sizes=\"(max-width: 125px) 100vw, 125px\" \/><p id=\"caption-attachment-734\" class=\"wp-caption-text\">Kerscher Christian, 52 J.<br \/>Elektroingenieur<br \/>Schwarzach<\/p><\/div>\n<div id=\"attachment_733\" style=\"width: 131px\" class=\"wp-caption alignnone\"><img loading=\"lazy\" decoding=\"async\" aria-describedby=\"caption-attachment-733\" class=\"size-full wp-image-733\" src=\"http:\/\/pfarrei-schwarzach-perasdorf.de\/wp-content\/uploads\/2018\/02\/Karl-Stefanie.png\" alt=\"Karl Stefanie, 69 J. Mesnerin Kreuzstra\u00dfe\" width=\"121\" height=\"160\" srcset=\"https:\/\/pfarrei-schwarzach-perasdorf.de\/wp-content\/uploads\/2018\/02\/Karl-Stefanie.png 121w, https:\/\/pfarrei-schwarzach-perasdorf.de\/wp-content\/uploads\/2018\/02\/Karl-Stefanie-113x150.png 113w\" sizes=\"(max-width: 121px) 100vw, 121px\" \/><p id=\"caption-attachment-733\" class=\"wp-caption-text\">Karl Stefanie, 69 J.<br \/>Mesnerin<br \/>Kreuzstra\u00dfe<\/p><\/div>\n<div id=\"attachment_732\" style=\"width: 119px\" class=\"wp-caption alignnone\"><img loading=\"lazy\" decoding=\"async\" aria-describedby=\"caption-attachment-732\" class=\"size-full wp-image-732\" src=\"http:\/\/pfarrei-schwarzach-perasdorf.de\/wp-content\/uploads\/2018\/02\/H\u00f6pfl-Maria.png\" alt=\"H\u00f6pfl Maria, 33 J. B\u00fcrokauffrau Edersdorf\" width=\"109\" height=\"148\"><p id=\"caption-attachment-732\" class=\"wp-caption-text\">H\u00f6pfl Maria, 33 J.<br \/>B\u00fcrokauffrau<br \/>Edersdorf<\/p><\/div>\n<div id=\"attachment_731\" style=\"width: 126px\" class=\"wp-caption alignnone\"><img loading=\"lazy\" decoding=\"async\" aria-describedby=\"caption-attachment-731\" class=\"size-full wp-image-731\" src=\"http:\/\/pfarrei-schwarzach-perasdorf.de\/wp-content\/uploads\/2018\/02\/Fuchs-Erwin.png\" alt=\"Fuchs Erwin, 47 J. Polizeibeamter Schwarzach\" width=\"116\" height=\"153\" srcset=\"https:\/\/pfarrei-schwarzach-perasdorf.de\/wp-content\/uploads\/2018\/02\/Fuchs-Erwin.png 116w, https:\/\/pfarrei-schwarzach-perasdorf.de\/wp-content\/uploads\/2018\/02\/Fuchs-Erwin-114x150.png 114w\" sizes=\"(max-width: 116px) 100vw, 116px\" \/><p id=\"caption-attachment-731\" class=\"wp-caption-text\">Fuchs Erwin, 47 J.<br \/>Polizeibeamter<br \/>Schwarzach<\/p><\/div>\n<div id=\"attachment_730\" style=\"width: 150px\" class=\"wp-caption alignnone\"><img loading=\"lazy\" decoding=\"async\" aria-describedby=\"caption-attachment-730\" class=\"size-full wp-image-730\" src=\"http:\/\/pfarrei-schwarzach-perasdorf.de\/wp-content\/uploads\/2018\/02\/Breu-Josef.png\" alt=\"Breu Josef, 40 J. kaufm. Angestellter Schwarzach\" width=\"140\" height=\"149\"><p id=\"caption-attachment-730\" class=\"wp-caption-text\">Breu Josef, 40 J.<br \/>kaufm. Angestellter<br \/>Schwarzach<\/p><\/div>\n<div id=\"attachment_729\" style=\"width: 132px\" class=\"wp-caption alignnone\"><img loading=\"lazy\" decoding=\"async\" aria-describedby=\"caption-attachment-729\" class=\"size-full wp-image-729\" src=\"http:\/\/pfarrei-schwarzach-perasdorf.de\/wp-content\/uploads\/2018\/02\/Breu-Christoph.png\" alt=\"Breu Christoph, 30 J. Sozialp\u00e4dagoge Schwarzach\" width=\"122\" height=\"153\" srcset=\"https:\/\/pfarrei-schwarzach-perasdorf.de\/wp-content\/uploads\/2018\/02\/Breu-Christoph.png 122w, https:\/\/pfarrei-schwarzach-perasdorf.de\/wp-content\/uploads\/2018\/02\/Breu-Christoph-120x150.png 120w\" sizes=\"(max-width: 122px) 100vw, 122px\" \/><p id=\"caption-attachment-729\" class=\"wp-caption-text\">Breu Christoph, 30 J. Sozialp\u00e4dagoge<br \/>Schwarzach<\/p><\/div>\n<div id=\"attachment_728\" style=\"width: 127px\" class=\"wp-caption alignnone\"><img loading=\"lazy\" decoding=\"async\" aria-describedby=\"caption-attachment-728\" class=\"size-full wp-image-728\" src=\"http:\/\/pfarrei-schwarzach-perasdorf.de\/wp-content\/uploads\/2018\/02\/Binnermann-Gabi.png\" alt=\"Binnermann Gabi, 49 J. Lagerarbeiterin Gai\u00dfing\" width=\"117\" height=\"152\" srcset=\"https:\/\/pfarrei-schwarzach-perasdorf.de\/wp-content\/uploads\/2018\/02\/Binnermann-Gabi.png 117w, https:\/\/pfarrei-schwarzach-perasdorf.de\/wp-content\/uploads\/2018\/02\/Binnermann-Gabi-115x150.png 115w\" sizes=\"(max-width: 117px) 100vw, 117px\" \/><p id=\"caption-attachment-728\" class=\"wp-caption-text\">Binnermann Gabi, 49 J.<br \/>Lagerarbeiterin<br \/>Gai\u00dfing<\/p><\/div>\n","protected":false},"excerpt":{"rendered":"<p>Am Samstag, 24.2. bzw. Sonntag, 25.2. sind Pfarrgemeinderatswahlen In Perasdorf werden aus den 10 Kandidaten 8 Personen und in Schwarzach werden aus den 14 Kandidaten 12 Personen gew\u00e4hlt. Schwarzach: Bitte kommen Sie zu den jeweils angegebenen Wahlzeiten in das Pfarrheim Samstag, 24.2. von 15.00 bis 18.00 Uhr Sonntag, 25.2. von 9.00 bis 12.00 Uhr Briefwahl &#8230; <span class=\"more\"><a class=\"more-link\" href=\"https:\/\/pfarrei-schwarzach-perasdorf.de\/?p=714\">[weiterlesen&#8230;]<\/a><\/span><\/p>\n","protected":false},"author":6,"featured_media":0,"comment_status":"closed","ping_status":"closed","sticky":false,"template":"","format":"standard","meta":{"footnotes":""},"categories":[6],"tags":[],"_links":{"self":[{"href":"https:\/\/pfarrei-schwarzach-perasdorf.de\/index.php?rest_route=\/wp\/v2\/posts\/714"}],"collection":[{"href":"https:\/\/pfarrei-schwarzach-perasdorf.de\/index.php?rest_route=\/wp\/v2\/posts"}],"about":[{"href":"https:\/\/pfarrei-schwarzach-perasdorf.de\/index.php?rest_route=\/wp\/v2\/types\/post"}],"author":[{"embeddable":true,"href":"https:\/\/pfarrei-schwarzach-perasdorf.de\/index.php?rest_route=\/wp\/v2\/users\/6"}],"replies":[{"embeddable":true,"href":"https:\/\/pfarrei-schwarzach-perasdorf.de\/index.php?rest_route=%2Fwp%2Fv2%2Fcomments&post=714"}],"version-history":[{"count":3,"href":"https:\/\/pfarrei-schwarzach-perasdorf.de\/index.php?rest_route=\/wp\/v2\/posts\/714\/revisions"}],"predecessor-version":[{"id":741,"href":"https:\/\/pfarrei-schwarzach-perasdorf.de\/index.php?rest_route=\/wp\/v2\/posts\/714\/revisions\/741"}],"wp:attachment":[{"href":"https:\/\/pfarrei-schwarzach-perasdorf.de\/index.php?rest_route=%2Fwp%2Fv2%2Fmedia&parent=714"}],"wp:term":[{"taxonomy":"category","embeddable":true,"href":"https:\/\/pfarrei-schwarzach-perasdorf.de\/index.php?rest_route=%2Fwp%2Fv2%2Fcategories&post=714"},{"taxonomy":"post_tag","embeddable":true,"href":"https:\/\/pfarrei-schwarzach-perasdorf.de\/index.php?rest_route=%2Fwp%2Fv2%2Ftags&post=714"}],"curies":[{"name":"wp","href":"https:\/\/api.w.org\/{rel}","templated":true}]}}