{"id":710,"date":"2018-01-07T18:13:59","date_gmt":"2018-01-07T17:13:59","guid":{"rendered":"http:\/\/pfarrei-schwarzach-perasdorf.de\/?p=710"},"modified":"2018-02-02T18:16:27","modified_gmt":"2018-02-02T17:16:27","slug":"seniorennachmittag","status":"publish","type":"post","link":"https:\/\/pfarrei-schwarzach-perasdorf.de\/?p=710","title":{"rendered":"Seniorennachmittag"},"content":{"rendered":"<p>Am Dreik\u00f6nigstag fanden sich im Pfarrheim in Schwarzach wieder zahlreiche Besucher zum allj\u00e4hrlichen Seniorennachmittag ein. Die PGR Sprecherin, Beate Tremmel, zeigte sich sehr erfreut, dass auch dieses Jahr wieder so viele Senioren gekommen sind. Nach einer kurzen Begr\u00fc\u00dfung durch Herrn Pfarrer Dirscherl und den 1. B\u00fcrgermeister, Georg Edbauer, wurde den Senioren von den Mitgliedern des Pfarrgemeinderates und der Kirchenverwaltung ein Mittagessen serviert. F\u00fcr die musikalische Unterhaltung stellte sich wieder Hans Oswald zur Verf\u00fcgung. Konrad Karl und Luise M\u00fchlbauer sorgten zwischendurch mit Geschichten und Gesang nach bayerischer Mundart f\u00fcr einen kurzweiligen Tag. Der Nachmittag wurde den Senioren noch mit selbstgemachten Torten und Kuchen vers\u00fc\u00dft. Der kurzweilige und sehr unterhaltsame Seniorennachmittag wurde wieder von der Holzapfelstiftung der Marktgemeinde Schwarzach finanziert.<\/p>\n<p>&nbsp;<\/p>\n","protected":false},"excerpt":{"rendered":"<p>Am Dreik\u00f6nigstag fanden sich im Pfarrheim in Schwarzach wieder zahlreiche Besucher zum allj\u00e4hrlichen Seniorennachmittag ein. Die PGR Sprecherin, Beate Tremmel, zeigte sich sehr erfreut, dass auch dieses Jahr wieder so viele Senioren gekommen sind. Nach einer kurzen Begr\u00fc\u00dfung durch Herrn Pfarrer Dirscherl und den 1. B\u00fcrgermeister, Georg Edbauer, wurde den Senioren von den Mitgliedern des &#8230; <span class=\"more\"><a class=\"more-link\" href=\"https:\/\/pfarrei-schwarzach-perasdorf.de\/?p=710\">[weiterlesen&#8230;]<\/a><\/span><\/p>\n","protected":false},"author":6,"featured_media":0,"comment_status":"closed","ping_status":"closed","sticky":false,"template":"","format":"standard","meta":{"footnotes":""},"categories":[6],"tags":[],"_links":{"self":[{"href":"https:\/\/pfarrei-schwarzach-perasdorf.de\/index.php?rest_route=\/wp\/v2\/posts\/710"}],"collection":[{"href":"https:\/\/pfarrei-schwarzach-perasdorf.de\/index.php?rest_route=\/wp\/v2\/posts"}],"about":[{"href":"https:\/\/pfarrei-schwarzach-perasdorf.de\/index.php?rest_route=\/wp\/v2\/types\/post"}],"author":[{"embeddable":true,"href":"https:\/\/pfarrei-schwarzach-perasdorf.de\/index.php?rest_route=\/wp\/v2\/users\/6"}],"replies":[{"embeddable":true,"href":"https:\/\/pfarrei-schwarzach-perasdorf.de\/index.php?rest_route=%2Fwp%2Fv2%2Fcomments&post=710"}],"version-history":[{"count":1,"href":"https:\/\/pfarrei-schwarzach-perasdorf.de\/index.php?rest_route=\/wp\/v2\/posts\/710\/revisions"}],"predecessor-version":[{"id":711,"href":"https:\/\/pfarrei-schwarzach-perasdorf.de\/index.php?rest_route=\/wp\/v2\/posts\/710\/revisions\/711"}],"wp:attachment":[{"href":"https:\/\/pfarrei-schwarzach-perasdorf.de\/index.php?rest_route=%2Fwp%2Fv2%2Fmedia&parent=710"}],"wp:term":[{"taxonomy":"category","embeddable":true,"href":"https:\/\/pfarrei-schwarzach-perasdorf.de\/index.php?rest_route=%2Fwp%2Fv2%2Fcategories&post=710"},{"taxonomy":"post_tag","embeddable":true,"href":"https:\/\/pfarrei-schwarzach-perasdorf.de\/index.php?rest_route=%2Fwp%2Fv2%2Ftags&post=710"}],"curies":[{"name":"wp","href":"https:\/\/api.w.org\/{rel}","templated":true}]}}