{"id":685,"date":"2017-11-26T12:00:53","date_gmt":"2017-11-26T11:00:53","guid":{"rendered":"http:\/\/pfarrei-schwarzach-perasdorf.de\/?p=685"},"modified":"2017-11-28T21:58:00","modified_gmt":"2017-11-28T20:58:00","slug":"neue-ministranten-aufgenommen-2","status":"publish","type":"post","link":"https:\/\/pfarrei-schwarzach-perasdorf.de\/?p=685","title":{"rendered":"Neue Ministranten aufgenommen"},"content":{"rendered":"<p><strong>Schwarzach(ml)&nbsp;<\/strong> Der Christk\u00f6nig-Sonntag ist in der Pfarrei Sankt Martin der Tag, an dem neue Ministranten, dieses Jahr sind es 8, in die Schar der Altardiener aufgenommen werden und andere Messdiener verabschiedet werden. In einem feierlichen Einzug zogen Pfarrer Alfons Dirscherl und Gemeindeassistent Martin Bartlreiher gemeinsam mit den Ministranten in die Pfarrkirche ein, um dem Christk\u00f6nig-Gottesdienst zu feiern. Pfarrer Dirscherl zeigte sich sehr erfreut \u00fcber den gro\u00dfen Zuwachs in der Ministrantenschar und bedankte sich mit einem kleinen Pr\u00e4sent f\u00fcr den zum Teil jahrelangen treuen Altardienst bei:<\/p>\n<p>Tamara Petzendorfer, Matthias Feldmeier Roman Strele und Fabian Schwarzensteiner. Stefan Kress und Paul Sommer waren nicht anwesend.&nbsp; Von Oberministrant Adrian Murrer wurden den neuen Altardienern das &#8222;Zubeh\u00f6r&#8220; f\u00fcr den Ministrantendienst vorgestellt. Nachdem Pfr. Dirscherl die Ministranten-Plaketten gesegnet hatte bekamen die &#8222;8 neuen&#8220; von Gemeindeassistent Martin Bartlreiher und Pfr. Dirscherl diese Plakette \u00fcberreicht. Pfr. Dirscherl gab den neuen Altardienern noch auf den Weg, da\u00df Ministrant von Minister abgeleitet wird. Es gibt Minister der Regierung, aber Ministranten sind Minister eines noch &#8222;Gr\u00f6\u00dferen&#8220;.<\/p>\n<p>Die 8 neuen Ministranten sind: Philipp Zwickl, Theresa Fuchs, Leonie Wintermeier, Benedikt Breu, Katharina Breu, Isabella Kerscher, Lena Dobler und Franziska Echinger.&nbsp; Auch bedankte sich Gemeindeassistent Martin Bartlreiher bei den Eltern f\u00fcr ihre Unterst\u00fctzung.<\/p>\n<div id=\"attachment_686\" style=\"width: 710px\" class=\"wp-caption alignnone\"><img loading=\"lazy\" decoding=\"async\" aria-describedby=\"caption-attachment-686\" class=\"size-medium_large wp-image-686\" src=\"http:\/\/pfarrei-schwarzach-perasdorf.de\/wp-content\/uploads\/2017\/11\/Mini-Neuaufnahme-768x576.jpg\" alt=\"vorne die neuen Ministranten mit Tamara Petzendorfer u. Matthias Kellermeier(ausgeschieden) mit Pfr. Alfons Dirscherl, Gemeindeassistent Martin Bartlreiher, Mesnerin Stefanie Karl und weiteren Ministranten.\" width=\"700\" height=\"525\" srcset=\"https:\/\/pfarrei-schwarzach-perasdorf.de\/wp-content\/uploads\/2017\/11\/Mini-Neuaufnahme-768x576.jpg 768w, https:\/\/pfarrei-schwarzach-perasdorf.de\/wp-content\/uploads\/2017\/11\/Mini-Neuaufnahme-150x113.jpg 150w, https:\/\/pfarrei-schwarzach-perasdorf.de\/wp-content\/uploads\/2017\/11\/Mini-Neuaufnahme-300x225.jpg 300w, https:\/\/pfarrei-schwarzach-perasdorf.de\/wp-content\/uploads\/2017\/11\/Mini-Neuaufnahme-1024x768.jpg 1024w\" sizes=\"(max-width: 700px) 100vw, 700px\" \/><p id=\"caption-attachment-686\" class=\"wp-caption-text\">vorne die neuen Ministranten mit Tamara Petzendorfer u. Matthias Kellermeier(ausgeschieden) mit Pfr. Alfons Dirscherl, Gemeindeassistent Martin Bartlreiher, Mesnerin Stefanie Karl und weiteren Ministranten.<\/p><\/div>\n","protected":false},"excerpt":{"rendered":"<p>Schwarzach(ml)&nbsp; Der Christk\u00f6nig-Sonntag ist in der Pfarrei Sankt Martin der Tag, an dem neue Ministranten, dieses Jahr sind es 8, in die Schar der Altardiener aufgenommen werden und andere Messdiener verabschiedet werden. In einem feierlichen Einzug zogen Pfarrer Alfons Dirscherl und Gemeindeassistent Martin Bartlreiher gemeinsam mit den Ministranten in die Pfarrkirche ein, um dem Christk\u00f6nig-Gottesdienst &#8230; <span class=\"more\"><a class=\"more-link\" href=\"https:\/\/pfarrei-schwarzach-perasdorf.de\/?p=685\">[weiterlesen&#8230;]<\/a><\/span><\/p>\n","protected":false},"author":6,"featured_media":0,"comment_status":"closed","ping_status":"closed","sticky":false,"template":"","format":"standard","meta":{"footnotes":""},"categories":[6],"tags":[],"_links":{"self":[{"href":"https:\/\/pfarrei-schwarzach-perasdorf.de\/index.php?rest_route=\/wp\/v2\/posts\/685"}],"collection":[{"href":"https:\/\/pfarrei-schwarzach-perasdorf.de\/index.php?rest_route=\/wp\/v2\/posts"}],"about":[{"href":"https:\/\/pfarrei-schwarzach-perasdorf.de\/index.php?rest_route=\/wp\/v2\/types\/post"}],"author":[{"embeddable":true,"href":"https:\/\/pfarrei-schwarzach-perasdorf.de\/index.php?rest_route=\/wp\/v2\/users\/6"}],"replies":[{"embeddable":true,"href":"https:\/\/pfarrei-schwarzach-perasdorf.de\/index.php?rest_route=%2Fwp%2Fv2%2Fcomments&post=685"}],"version-history":[{"count":1,"href":"https:\/\/pfarrei-schwarzach-perasdorf.de\/index.php?rest_route=\/wp\/v2\/posts\/685\/revisions"}],"predecessor-version":[{"id":687,"href":"https:\/\/pfarrei-schwarzach-perasdorf.de\/index.php?rest_route=\/wp\/v2\/posts\/685\/revisions\/687"}],"wp:attachment":[{"href":"https:\/\/pfarrei-schwarzach-perasdorf.de\/index.php?rest_route=%2Fwp%2Fv2%2Fmedia&parent=685"}],"wp:term":[{"taxonomy":"category","embeddable":true,"href":"https:\/\/pfarrei-schwarzach-perasdorf.de\/index.php?rest_route=%2Fwp%2Fv2%2Fcategories&post=685"},{"taxonomy":"post_tag","embeddable":true,"href":"https:\/\/pfarrei-schwarzach-perasdorf.de\/index.php?rest_route=%2Fwp%2Fv2%2Ftags&post=685"}],"curies":[{"name":"wp","href":"https:\/\/api.w.org\/{rel}","templated":true}]}}