{"id":677,"date":"2017-11-19T21:00:20","date_gmt":"2017-11-19T20:00:20","guid":{"rendered":"http:\/\/pfarrei-schwarzach-perasdorf.de\/?p=677"},"modified":"2017-11-27T22:25:10","modified_gmt":"2017-11-27T21:25:10","slug":"dankbar-fuer-den-frieden","status":"publish","type":"post","link":"https:\/\/pfarrei-schwarzach-perasdorf.de\/?p=677","title":{"rendered":"\u00a0Dankbar f\u00fcr den Frieden"},"content":{"rendered":"<p><strong>Volkstrauertag mit Kranzniederlegung und Segnung der renovierten \u00d6lbergkapelle<\/strong><\/p>\n<p><strong>Schwarzach(ml)&nbsp;<\/strong> Marktgemeinde, Pfarrei und Ortsvereine begingen am Sonntag in feierlicher Weise den Volkstrauertag. Nach dem Kirchenzug und dem Einzug der Ortsvereine in die Pfarrkirche Sankt Martin zelebrierte Pfarrer Alfons Dirscherl den feierlichen Gottesdienst. Musikalisch umrahmt wurde dieser Gottesdienst von der Blaskapelle Perasdorf unter der Leitung von Anna Bielmeier. In seiner Predigt ging Pfarrer Alfons Dirscherl auf das Tagesevangelium ein, in dem es um die Kernaussage ging:<\/p>\n<p>Talente ausgraben &#8211; nicht vergraben. Aber was ist, so Pfr. Dirscherl, wenn ein Mensch eben das nicht wei\u00df, Angst hat, vor falschen Entscheidungen. Dann darf er auf die&nbsp; Worte des hl.Augustinus vertrauen: Liebe! Und dann tu, was Du willst, denn was man aus Liebe tut, wird gut! Und haben das nicht unz\u00e4hlige Menschen quer durch alle Generationen auch getan, nicht zuletzt in schweren Zeiten. Frieden stiften, Br\u00fccken bauen und f\u00fcr Vers\u00f6hnung eintreten, das ist das Motto f\u00fcr eine Welt in Frieden und ohne Gewalt, woran uns der Volkstrauertag heute besonders erinnert. F\u00fcr eine solche Welt, die wir den Opfern von Krieg, Gewalt, Vertreibung und Terror schuldig sind.&nbsp; Nach der Eucharistiefeier versammelten sich die Teilnehmer am Ehrenmal bei der renovierten \u00d6lbergkapelle,&nbsp; die zugleich von Pfarrer Alfons Dirscherl gesegnet wurde,&nbsp; zur Gedenkfeier.&nbsp; In seiner Ansprache erinnerte B\u00fcrgermeister Georg Edbauer ebenso an die Millionen Opfer der beiden Weltkriege. Es sei wichtig, das Andenken an diejenigen nicht zu vergessen, die ihr Leben lassen mussten, weil sie Opfer von Gewalt, Hunger, und Vertreibung wurden. Edbauer wies auch darauf hin, da\u00df die Menschen in Deutschland dankbar sein m\u00fcssen f\u00fcr diese lange Friedensperiode, denn in weiten Teilen der Welt ist das nicht so, Kriege und Hungersn\u00f6te lasten schwer auf den Menschen in diesen Regionen. Desweiteren dankte B\u00fcrgermeister Edbauer dem Krieger-und Soldatenverein f\u00fcr die Renovierung dieser \u00d6lbergkapelle, die jetzt wieder in neuem Glanz erstrahlt. Auch Mitglied des Bundestages, Alois Rainer, der dieses Mal mit an den Feierlichkeiten des Volkstrauertages in Schwarzach teilnahm, sprach Gedenkworte f\u00fcr die vielen Opfer der beiden Weltkriege, sprach aber ebenso dem Krieger-und Soldatenverein Anerkennung und Lob f\u00fcr ihr gro\u00dfes Engagement aus. Nach den Ansprachen legten die beiden Vorsitzenden des Krieger-und Soldatenvereins Ludwig Mika und Alfons Falk am Ehrenmal einen Kranz zum Gedenken an die Opfer von Krieg und Gewalt nieder, w\u00e4hrend die Blaskapelle Perasdorf mit dem Lied &#8222;Vom guten Kameraden&#8220; und der &#8222;Deutschlandhymne&#8220; die w\u00fcrdige Gedenkfeier beendete.<\/p>\n<div id=\"attachment_679\" style=\"width: 710px\" class=\"wp-caption alignnone\"><img loading=\"lazy\" decoding=\"async\" aria-describedby=\"caption-attachment-679\" class=\"size-medium_large wp-image-679\" src=\"http:\/\/pfarrei-schwarzach-perasdorf.de\/wp-content\/uploads\/2017\/11\/Volkstrauertag-1-768x576.jpg\" alt=\"Pfr. Alfons Dirscherl bei der Segnung der renovierten \u00d6lbergkapelle\" width=\"700\" height=\"525\" srcset=\"https:\/\/pfarrei-schwarzach-perasdorf.de\/wp-content\/uploads\/2017\/11\/Volkstrauertag-1-768x576.jpg 768w, https:\/\/pfarrei-schwarzach-perasdorf.de\/wp-content\/uploads\/2017\/11\/Volkstrauertag-1-150x113.jpg 150w, https:\/\/pfarrei-schwarzach-perasdorf.de\/wp-content\/uploads\/2017\/11\/Volkstrauertag-1-300x225.jpg 300w, https:\/\/pfarrei-schwarzach-perasdorf.de\/wp-content\/uploads\/2017\/11\/Volkstrauertag-1-1024x768.jpg 1024w\" sizes=\"(max-width: 700px) 100vw, 700px\" \/><p id=\"caption-attachment-679\" class=\"wp-caption-text\">Pfr. Alfons Dirscherl bei der Segnung der renovierten \u00d6lbergkapelle<\/p><\/div>\n<div id=\"attachment_680\" style=\"width: 710px\" class=\"wp-caption alignnone\"><img loading=\"lazy\" decoding=\"async\" aria-describedby=\"caption-attachment-680\" class=\"size-medium_large wp-image-680\" src=\"http:\/\/pfarrei-schwarzach-perasdorf.de\/wp-content\/uploads\/2017\/11\/Volkstrauertag-2-768x576.jpg\" alt=\"B\u00fcrgermeister Georg Edbauer bei seiner Ansprache\" width=\"700\" height=\"525\" srcset=\"https:\/\/pfarrei-schwarzach-perasdorf.de\/wp-content\/uploads\/2017\/11\/Volkstrauertag-2-768x576.jpg 768w, https:\/\/pfarrei-schwarzach-perasdorf.de\/wp-content\/uploads\/2017\/11\/Volkstrauertag-2-150x113.jpg 150w, https:\/\/pfarrei-schwarzach-perasdorf.de\/wp-content\/uploads\/2017\/11\/Volkstrauertag-2-300x225.jpg 300w, https:\/\/pfarrei-schwarzach-perasdorf.de\/wp-content\/uploads\/2017\/11\/Volkstrauertag-2-1024x768.jpg 1024w\" sizes=\"(max-width: 700px) 100vw, 700px\" \/><p id=\"caption-attachment-680\" class=\"wp-caption-text\">B\u00fcrgermeister Georg Edbauer bei seiner Ansprache<\/p><\/div>\n","protected":false},"excerpt":{"rendered":"<p>Volkstrauertag mit Kranzniederlegung und Segnung der renovierten \u00d6lbergkapelle Schwarzach(ml)&nbsp; Marktgemeinde, Pfarrei und Ortsvereine begingen am Sonntag in feierlicher Weise den Volkstrauertag. Nach dem Kirchenzug und dem Einzug der Ortsvereine in die Pfarrkirche Sankt Martin zelebrierte Pfarrer Alfons Dirscherl den feierlichen Gottesdienst. Musikalisch umrahmt wurde dieser Gottesdienst von der Blaskapelle Perasdorf unter der Leitung von Anna &#8230; <span class=\"more\"><a class=\"more-link\" href=\"https:\/\/pfarrei-schwarzach-perasdorf.de\/?p=677\">[weiterlesen&#8230;]<\/a><\/span><\/p>\n","protected":false},"author":6,"featured_media":0,"comment_status":"closed","ping_status":"closed","sticky":false,"template":"","format":"standard","meta":{"footnotes":""},"categories":[6],"tags":[],"_links":{"self":[{"href":"https:\/\/pfarrei-schwarzach-perasdorf.de\/index.php?rest_route=\/wp\/v2\/posts\/677"}],"collection":[{"href":"https:\/\/pfarrei-schwarzach-perasdorf.de\/index.php?rest_route=\/wp\/v2\/posts"}],"about":[{"href":"https:\/\/pfarrei-schwarzach-perasdorf.de\/index.php?rest_route=\/wp\/v2\/types\/post"}],"author":[{"embeddable":true,"href":"https:\/\/pfarrei-schwarzach-perasdorf.de\/index.php?rest_route=\/wp\/v2\/users\/6"}],"replies":[{"embeddable":true,"href":"https:\/\/pfarrei-schwarzach-perasdorf.de\/index.php?rest_route=%2Fwp%2Fv2%2Fcomments&post=677"}],"version-history":[{"count":2,"href":"https:\/\/pfarrei-schwarzach-perasdorf.de\/index.php?rest_route=\/wp\/v2\/posts\/677\/revisions"}],"predecessor-version":[{"id":681,"href":"https:\/\/pfarrei-schwarzach-perasdorf.de\/index.php?rest_route=\/wp\/v2\/posts\/677\/revisions\/681"}],"wp:attachment":[{"href":"https:\/\/pfarrei-schwarzach-perasdorf.de\/index.php?rest_route=%2Fwp%2Fv2%2Fmedia&parent=677"}],"wp:term":[{"taxonomy":"category","embeddable":true,"href":"https:\/\/pfarrei-schwarzach-perasdorf.de\/index.php?rest_route=%2Fwp%2Fv2%2Fcategories&post=677"},{"taxonomy":"post_tag","embeddable":true,"href":"https:\/\/pfarrei-schwarzach-perasdorf.de\/index.php?rest_route=%2Fwp%2Fv2%2Ftags&post=677"}],"curies":[{"name":"wp","href":"https:\/\/api.w.org\/{rel}","templated":true}]}}