{"id":672,"date":"2017-11-01T15:44:11","date_gmt":"2017-11-01T14:44:11","guid":{"rendered":"http:\/\/pfarrei-schwarzach-perasdorf.de\/?p=672"},"modified":"2017-11-01T15:44:11","modified_gmt":"2017-11-01T14:44:11","slug":"gedenkstein-fuer-adolph-kolping-aufgestellt","status":"publish","type":"post","link":"https:\/\/pfarrei-schwarzach-perasdorf.de\/?p=672","title":{"rendered":"Gedenkstein f\u00fcr Adolph Kolping aufgestellt"},"content":{"rendered":"<p><strong>Schwarzach(ml)&nbsp;<\/strong>Im n\u00f6rdlichen aufgelassenen Friedhof in Schwarzach, der zur Zeit von der Marktgemeinde Schwarzach neu gestaltet wird, wurde k\u00fcrzlich auf Initiative des Ehrenvorsitzenden der Kolpingsfamilie Schwarzach, Herbert Edenhofer, dieser m\u00e4chtige Stein von fast 10 t , der noch mit Glas gestaltet wird, mit einem Kranwagen an seinem Bestimmungsort gehievt.<\/p>\n<p>Gestiftet wurde dieser riesige Granitstein vom langj\u00e4hrigen Mitglied der Kolpingsfamilie Ludwig Venus sen. Nach Absprache mit 1.B\u00fcrgermeister Georg Edbauer sollte auf einem Teil des Friedhofs ein Kleinod zu Ehren Adolph Kolpings entstehen.<\/p>\n<p>Unterst\u00fctzt wurde diese Aktion von Vorst\u00e4nden und Mitgliedern der Kolpingsfamilie.&nbsp;<\/p>\n<div id=\"attachment_673\" style=\"width: 710px\" class=\"wp-caption alignnone\"><img loading=\"lazy\" decoding=\"async\" aria-describedby=\"caption-attachment-673\" class=\"size-medium_large wp-image-673\" src=\"http:\/\/pfarrei-schwarzach-perasdorf.de\/wp-content\/uploads\/2017\/11\/Gedenkstein-Adolf-Kolping-768x570.jpg\" alt=\"von rechts: Ehrenvorsitzender Herbert Edenhofer, 3.Vorsitzender Josef Wagner, auf der linken Seite Kolpingsmitglied Georg Gierl und 2.Vorsitzender Peter Hof\" width=\"700\" height=\"520\" srcset=\"https:\/\/pfarrei-schwarzach-perasdorf.de\/wp-content\/uploads\/2017\/11\/Gedenkstein-Adolf-Kolping-768x570.jpg 768w, https:\/\/pfarrei-schwarzach-perasdorf.de\/wp-content\/uploads\/2017\/11\/Gedenkstein-Adolf-Kolping-150x111.jpg 150w, https:\/\/pfarrei-schwarzach-perasdorf.de\/wp-content\/uploads\/2017\/11\/Gedenkstein-Adolf-Kolping-300x223.jpg 300w, https:\/\/pfarrei-schwarzach-perasdorf.de\/wp-content\/uploads\/2017\/11\/Gedenkstein-Adolf-Kolping.jpg 995w\" sizes=\"(max-width: 700px) 100vw, 700px\" \/><p id=\"caption-attachment-673\" class=\"wp-caption-text\">von rechts: Ehrenvorsitzender Herbert Edenhofer, 3.Vorsitzender Josef Wagner, auf der linken Seite Kolpingsmitglied Georg Gierl und 2.Vorsitzender Peter Hof<\/p><\/div>\n<p>&nbsp;<\/p>\n","protected":false},"excerpt":{"rendered":"<p>Schwarzach(ml)&nbsp;Im n\u00f6rdlichen aufgelassenen Friedhof in Schwarzach, der zur Zeit von der Marktgemeinde Schwarzach neu gestaltet wird, wurde k\u00fcrzlich auf Initiative des Ehrenvorsitzenden der Kolpingsfamilie Schwarzach, Herbert Edenhofer, dieser m\u00e4chtige Stein von fast 10 t , der noch mit Glas gestaltet wird, mit einem Kranwagen an seinem Bestimmungsort gehievt. Gestiftet wurde dieser riesige Granitstein vom langj\u00e4hrigen &#8230; <span class=\"more\"><a class=\"more-link\" href=\"https:\/\/pfarrei-schwarzach-perasdorf.de\/?p=672\">[weiterlesen&#8230;]<\/a><\/span><\/p>\n","protected":false},"author":6,"featured_media":0,"comment_status":"closed","ping_status":"closed","sticky":false,"template":"","format":"standard","meta":{"footnotes":""},"categories":[6],"tags":[],"_links":{"self":[{"href":"https:\/\/pfarrei-schwarzach-perasdorf.de\/index.php?rest_route=\/wp\/v2\/posts\/672"}],"collection":[{"href":"https:\/\/pfarrei-schwarzach-perasdorf.de\/index.php?rest_route=\/wp\/v2\/posts"}],"about":[{"href":"https:\/\/pfarrei-schwarzach-perasdorf.de\/index.php?rest_route=\/wp\/v2\/types\/post"}],"author":[{"embeddable":true,"href":"https:\/\/pfarrei-schwarzach-perasdorf.de\/index.php?rest_route=\/wp\/v2\/users\/6"}],"replies":[{"embeddable":true,"href":"https:\/\/pfarrei-schwarzach-perasdorf.de\/index.php?rest_route=%2Fwp%2Fv2%2Fcomments&post=672"}],"version-history":[{"count":1,"href":"https:\/\/pfarrei-schwarzach-perasdorf.de\/index.php?rest_route=\/wp\/v2\/posts\/672\/revisions"}],"predecessor-version":[{"id":674,"href":"https:\/\/pfarrei-schwarzach-perasdorf.de\/index.php?rest_route=\/wp\/v2\/posts\/672\/revisions\/674"}],"wp:attachment":[{"href":"https:\/\/pfarrei-schwarzach-perasdorf.de\/index.php?rest_route=%2Fwp%2Fv2%2Fmedia&parent=672"}],"wp:term":[{"taxonomy":"category","embeddable":true,"href":"https:\/\/pfarrei-schwarzach-perasdorf.de\/index.php?rest_route=%2Fwp%2Fv2%2Fcategories&post=672"},{"taxonomy":"post_tag","embeddable":true,"href":"https:\/\/pfarrei-schwarzach-perasdorf.de\/index.php?rest_route=%2Fwp%2Fv2%2Ftags&post=672"}],"curies":[{"name":"wp","href":"https:\/\/api.w.org\/{rel}","templated":true}]}}