{"id":669,"date":"2017-10-27T19:47:07","date_gmt":"2017-10-27T17:47:07","guid":{"rendered":"http:\/\/pfarrei-schwarzach-perasdorf.de\/?p=669"},"modified":"2017-10-27T19:47:07","modified_gmt":"2017-10-27T17:47:07","slug":"kreuzwegstationen-vom-st-georgs-kapelle-degenberg-restauriert","status":"publish","type":"post","link":"https:\/\/pfarrei-schwarzach-perasdorf.de\/?p=669","title":{"rendered":"Kreuzwegstationen vom St.Georgs-Kapelle Degenberg restauriert"},"content":{"rendered":"<p><strong>Schwarzach(ml)<\/strong> In unendlicher Geduldsarbeit hat sich der 1.Vorsitzende des Bayerischen Waldvereins Sektion Schwarzach Hr. Rudi Stettmer uentgeltlich der Erhaltung der Kreuzwegstationen von der St.Georgs-Kapelle am Degenberg angenommen. Bei der Restaurierung dieses Kleinodes am Fu\u00df des Degenberges ist auch der Bayerische Waldverein von Schwarzach ma\u00dfgeblich beteiligt. Unter Anleitung und Betreuung von Restaurator und Kirchenmaler Hr. Peter Schwarz aus Straubing hat Hr.Stettmer diese Kreuzwegstationen gereinigt, entrostet und von beiden Seiten konserviert, um den weiteren Verfall zu stoppen. Dies ist Hilfe zur Selbsthilfe so Hr. Schwarz , denn jede andere Art von Restaurierung w\u00fcrde den Rahmen sprengen.&nbsp; Als letztes wird Hr.Stettmer diese Kreuzwegstationen&nbsp; in Form&nbsp; eines d\u00fcnnen schwarzen Rahmen mit Goldrand&nbsp; den letzten Schliff geben.&nbsp; Lt. Hr. Schwarz ist dies eine Kopie von einem barocken Kreuzweg von Fluele und stammt ungef\u00e4hr von Mitte oder Ende des 18 Jahrhundert. Bevor diese Kreuzwegstationen aber wieder an ihrem alten Platz in der Kapelle angebracht werden k\u00f6nnen, steht&nbsp; noch die Erneuerung des Glockenturms bevor. Ebenfalls positiv&nbsp; zu erw\u00e4hnen ist, da\u00df sich die Sparkasse Mitte in Schwarzach durch Gesch\u00e4ftsstellenleiter Hr. Schuh mit einer Spende von 250.&#8211;\u20ac bei der Restaurierung dieser Kreuzwegstationen an den Bayerischen Waldverein&nbsp; Sektion Schwarzach beteiligt hat.&nbsp;<\/p>\n<div id=\"attachment_670\" style=\"width: 710px\" class=\"wp-caption alignnone\"><img loading=\"lazy\" decoding=\"async\" aria-describedby=\"caption-attachment-670\" class=\"size-medium_large wp-image-670\" src=\"http:\/\/pfarrei-schwarzach-perasdorf.de\/wp-content\/uploads\/2017\/10\/Kreuzwegsstation-restauriert-768x576.jpg\" alt=\"Hr. Rudi Stettmer und&nbsp; Restaurator u.Kirchenmaler Hr. Peter Schwarz mit den restaurierten Kreuzwegstationen\" width=\"700\" height=\"525\" srcset=\"https:\/\/pfarrei-schwarzach-perasdorf.de\/wp-content\/uploads\/2017\/10\/Kreuzwegsstation-restauriert-768x576.jpg 768w, https:\/\/pfarrei-schwarzach-perasdorf.de\/wp-content\/uploads\/2017\/10\/Kreuzwegsstation-restauriert-150x113.jpg 150w, https:\/\/pfarrei-schwarzach-perasdorf.de\/wp-content\/uploads\/2017\/10\/Kreuzwegsstation-restauriert-300x225.jpg 300w, https:\/\/pfarrei-schwarzach-perasdorf.de\/wp-content\/uploads\/2017\/10\/Kreuzwegsstation-restauriert-1024x768.jpg 1024w\" sizes=\"(max-width: 700px) 100vw, 700px\" \/><p id=\"caption-attachment-670\" class=\"wp-caption-text\">Hr. Rudi Stettmer und&nbsp; Restaurator u.Kirchenmaler Hr. Peter Schwarz mit den restaurierten Kreuzwegstationen<\/p><\/div>\n","protected":false},"excerpt":{"rendered":"<p>Schwarzach(ml) In unendlicher Geduldsarbeit hat sich der 1.Vorsitzende des Bayerischen Waldvereins Sektion Schwarzach Hr. Rudi Stettmer uentgeltlich der Erhaltung der Kreuzwegstationen von der St.Georgs-Kapelle am Degenberg angenommen. Bei der Restaurierung dieses Kleinodes am Fu\u00df des Degenberges ist auch der Bayerische Waldverein von Schwarzach ma\u00dfgeblich beteiligt. Unter Anleitung und Betreuung von Restaurator und Kirchenmaler Hr. Peter &#8230; <span class=\"more\"><a class=\"more-link\" href=\"https:\/\/pfarrei-schwarzach-perasdorf.de\/?p=669\">[weiterlesen&#8230;]<\/a><\/span><\/p>\n","protected":false},"author":6,"featured_media":0,"comment_status":"closed","ping_status":"closed","sticky":false,"template":"","format":"standard","meta":{"footnotes":""},"categories":[6],"tags":[],"_links":{"self":[{"href":"https:\/\/pfarrei-schwarzach-perasdorf.de\/index.php?rest_route=\/wp\/v2\/posts\/669"}],"collection":[{"href":"https:\/\/pfarrei-schwarzach-perasdorf.de\/index.php?rest_route=\/wp\/v2\/posts"}],"about":[{"href":"https:\/\/pfarrei-schwarzach-perasdorf.de\/index.php?rest_route=\/wp\/v2\/types\/post"}],"author":[{"embeddable":true,"href":"https:\/\/pfarrei-schwarzach-perasdorf.de\/index.php?rest_route=\/wp\/v2\/users\/6"}],"replies":[{"embeddable":true,"href":"https:\/\/pfarrei-schwarzach-perasdorf.de\/index.php?rest_route=%2Fwp%2Fv2%2Fcomments&post=669"}],"version-history":[{"count":1,"href":"https:\/\/pfarrei-schwarzach-perasdorf.de\/index.php?rest_route=\/wp\/v2\/posts\/669\/revisions"}],"predecessor-version":[{"id":671,"href":"https:\/\/pfarrei-schwarzach-perasdorf.de\/index.php?rest_route=\/wp\/v2\/posts\/669\/revisions\/671"}],"wp:attachment":[{"href":"https:\/\/pfarrei-schwarzach-perasdorf.de\/index.php?rest_route=%2Fwp%2Fv2%2Fmedia&parent=669"}],"wp:term":[{"taxonomy":"category","embeddable":true,"href":"https:\/\/pfarrei-schwarzach-perasdorf.de\/index.php?rest_route=%2Fwp%2Fv2%2Fcategories&post=669"},{"taxonomy":"post_tag","embeddable":true,"href":"https:\/\/pfarrei-schwarzach-perasdorf.de\/index.php?rest_route=%2Fwp%2Fv2%2Ftags&post=669"}],"curies":[{"name":"wp","href":"https:\/\/api.w.org\/{rel}","templated":true}]}}