{"id":651,"date":"2017-09-30T17:10:05","date_gmt":"2017-09-30T15:10:05","guid":{"rendered":"http:\/\/pfarrei-schwarzach-perasdorf.de\/?p=651"},"modified":"2017-10-03T17:11:58","modified_gmt":"2017-10-03T15:11:58","slug":"gottesdienst-fuer-ehejubilare-in-sankt-martin","status":"publish","type":"post","link":"https:\/\/pfarrei-schwarzach-perasdorf.de\/?p=651","title":{"rendered":"Gottesdienst f\u00fcr Ehejubilare in Sankt Martin"},"content":{"rendered":"<p>Am vergangenen Samstag hatten sich 9 Jubelpaare aus der Pfarreiengemeinschaft Schwarzach-Perasdorf zum Vorabendgottesdienst in der Pfarrkirche Sankt Martin eingefunden. Sie waren einer Einladung der Pfarrgemeinde gefolgt, um in feierlicher Form ihren 25,30,40,50 oder 60 Jahrestag ihrer Eheschlie\u00dfung zu begehen. Pfarrer Alfons Dirscherl regte in seiner Predigt die Jubelpaare an, zur\u00fcckzuschauen, zur\u00fcckzudenken und sich zu erinnern, wie die Beziehung gewachsen und gereift sei und hier besteht dazu auch ein Bezug zum Erntedankfest. Die drei Buchstaben des Wortes&#8220;Ehe&#8220; k\u00f6nnten dabei auch so gedeutet werden: &#8222;Einer und Eine gehen ihren Weg und der Herr geht in ihrer Mitte mit&#8220;. Auf Wunsch konnten sich die Jubelpaare am Schlu\u00df des Gottesdienstes den Einzelsegen von Pfr. Dirscherl erteilen lassen und bekamen dann von Gemeindeassistent Martin Bartlreiher eine Rose \u00fcberreicht als \u00e4u\u00dferes Zeichen der Liebe. Anschlie\u00dfend fand im Gasthaus Hartl in Wei\u00dfenberg ein gemeinsames Essen f\u00fcr die Ehe-Jubilare statt.<\/p>\n<div id=\"attachment_652\" style=\"width: 710px\" class=\"wp-caption alignnone\"><img loading=\"lazy\" decoding=\"async\" aria-describedby=\"caption-attachment-652\" class=\"size-medium_large wp-image-652\" src=\"http:\/\/pfarrei-schwarzach-perasdorf.de\/wp-content\/uploads\/2017\/10\/Ehejubil\u00e4um-2017-768x576.jpg\" alt=\"Die Ehejubiliare mit Pfr. Alfons Dirscherl und Gemeindeassistent Martin Bartlreiher\" width=\"700\" height=\"525\" srcset=\"https:\/\/pfarrei-schwarzach-perasdorf.de\/wp-content\/uploads\/2017\/10\/Ehejubil\u00e4um-2017-768x576.jpg 768w, https:\/\/pfarrei-schwarzach-perasdorf.de\/wp-content\/uploads\/2017\/10\/Ehejubil\u00e4um-2017-150x113.jpg 150w, https:\/\/pfarrei-schwarzach-perasdorf.de\/wp-content\/uploads\/2017\/10\/Ehejubil\u00e4um-2017-300x225.jpg 300w, https:\/\/pfarrei-schwarzach-perasdorf.de\/wp-content\/uploads\/2017\/10\/Ehejubil\u00e4um-2017-1024x768.jpg 1024w\" sizes=\"(max-width: 700px) 100vw, 700px\" \/><p id=\"caption-attachment-652\" class=\"wp-caption-text\">Die Ehejubiliare mit Pfr. Alfons Dirscherl und Gemeindeassistent Martin Bartlreiher<\/p><\/div>\n","protected":false},"excerpt":{"rendered":"<p>Am vergangenen Samstag hatten sich 9 Jubelpaare aus der Pfarreiengemeinschaft Schwarzach-Perasdorf zum Vorabendgottesdienst in der Pfarrkirche Sankt Martin eingefunden. Sie waren einer Einladung der Pfarrgemeinde gefolgt, um in feierlicher Form ihren 25,30,40,50 oder 60 Jahrestag ihrer Eheschlie\u00dfung zu begehen. Pfarrer Alfons Dirscherl regte in seiner Predigt die Jubelpaare an, zur\u00fcckzuschauen, zur\u00fcckzudenken und sich zu erinnern, &#8230; <span class=\"more\"><a class=\"more-link\" href=\"https:\/\/pfarrei-schwarzach-perasdorf.de\/?p=651\">[weiterlesen&#8230;]<\/a><\/span><\/p>\n","protected":false},"author":6,"featured_media":0,"comment_status":"closed","ping_status":"closed","sticky":false,"template":"","format":"standard","meta":{"footnotes":""},"categories":[6],"tags":[],"_links":{"self":[{"href":"https:\/\/pfarrei-schwarzach-perasdorf.de\/index.php?rest_route=\/wp\/v2\/posts\/651"}],"collection":[{"href":"https:\/\/pfarrei-schwarzach-perasdorf.de\/index.php?rest_route=\/wp\/v2\/posts"}],"about":[{"href":"https:\/\/pfarrei-schwarzach-perasdorf.de\/index.php?rest_route=\/wp\/v2\/types\/post"}],"author":[{"embeddable":true,"href":"https:\/\/pfarrei-schwarzach-perasdorf.de\/index.php?rest_route=\/wp\/v2\/users\/6"}],"replies":[{"embeddable":true,"href":"https:\/\/pfarrei-schwarzach-perasdorf.de\/index.php?rest_route=%2Fwp%2Fv2%2Fcomments&post=651"}],"version-history":[{"count":1,"href":"https:\/\/pfarrei-schwarzach-perasdorf.de\/index.php?rest_route=\/wp\/v2\/posts\/651\/revisions"}],"predecessor-version":[{"id":653,"href":"https:\/\/pfarrei-schwarzach-perasdorf.de\/index.php?rest_route=\/wp\/v2\/posts\/651\/revisions\/653"}],"wp:attachment":[{"href":"https:\/\/pfarrei-schwarzach-perasdorf.de\/index.php?rest_route=%2Fwp%2Fv2%2Fmedia&parent=651"}],"wp:term":[{"taxonomy":"category","embeddable":true,"href":"https:\/\/pfarrei-schwarzach-perasdorf.de\/index.php?rest_route=%2Fwp%2Fv2%2Fcategories&post=651"},{"taxonomy":"post_tag","embeddable":true,"href":"https:\/\/pfarrei-schwarzach-perasdorf.de\/index.php?rest_route=%2Fwp%2Fv2%2Ftags&post=651"}],"curies":[{"name":"wp","href":"https:\/\/api.w.org\/{rel}","templated":true}]}}