{"id":647,"date":"2017-09-26T18:24:28","date_gmt":"2017-09-26T16:24:28","guid":{"rendered":"http:\/\/pfarrei-schwarzach-perasdorf.de\/?p=647"},"modified":"2017-10-03T17:26:52","modified_gmt":"2017-10-03T15:26:52","slug":"neuer-gemeindeassistent","status":"publish","type":"post","link":"https:\/\/pfarrei-schwarzach-perasdorf.de\/?p=647","title":{"rendered":"Begr\u00fc\u00dfung des neuen Gemeindeassistent in Schwarzach"},"content":{"rendered":"<p><strong>Schwarzach(ml)<\/strong> Mit einem feierlichen Einzug in die Pfarrkirche Sankt Martin in Schwarzach begann der Gottesdienst in dem der neue Gemeindeassistent Martin Bartlreiher, der seit dem 1.September in der Pfarreiengemeinschaft Schwarzach-Perasdorf t\u00e4tig ist, offiziell von Pfarrer Alfons Dirscherl und Diakon Norbert Spargert und im Beisein seiner Familie, eingef\u00fchrt&nbsp; wurde. In seiner Predigt ging Pfr. Dirscherl auf das Evangelium vom Gleichnis der Arbeiter im Weinberg ein, sowie auf die Caritas-Herbstsammlung und spannte hier den Bogen zur nachgehenden Seelsorge mit Freude \u00fcber die Unterst\u00fctzung des neuen Gemeindeassistenten. 1.Pfarrgemeinderatssprecherin Beate Tremml \u00fcberreichte Hr.Martin Bartlreiher im Namen der Pfarrei, Pfarrgemeinderat und Kirchenverwaltung einen Willkommensgru\u00df in Form vom, typischen Wahrzeichen Schwarzachs, n\u00e4mlich Wei\u00dfbier,&nbsp; einem Blumenkranz und Kirchenf\u00fchrer. In seiner Vorstellung sagte Martin Bartlreiher, da\u00df&nbsp; er in Neufahrn(Niederbayern) geboren und hier seine Kindheit verbracht&nbsp; sowie am Gymnasium in Mallersdorf sein Abitur gemacht hat. Nach seiner &#8222;Zivi-Zeit&#8220;&nbsp; begann er an der Universit\u00e4t Regensburg sein Theologie-Studium. Diese Richtung einzuschlagen stand f\u00fcr &#8222;Ihn&#8220; schon lange fest, denn Kirche und Glaube waren schon immer wichige Begleiter in seinem Leben als Ministrant bzw. Oberministrant in seiner Heimatgemeinde. In dieser Zeit entwickelte sich auch eine enge Freundschaft zu seinem Heimatdiakon, der auch gro\u00dfen Anteil daran hatte, dass er heute an dieser Stelle steht. Nach zwei Jahren Studium wechselte Bartlreiher an die FH Eichst\u00e4tt um dort&nbsp; Religionsp\u00e4dagogik zu studieren und diese mit der Bachelorarbeit zu beenden.&nbsp; Erste Erfahrungen als Praktikant machte er in der der Pfarreiengemeinschaft Siegenburg-Train-Niederumelsdorf. Seine Assistenzzeit begann in Hemau und&nbsp; diese nun in der Pfarreieingemeinschaft Schwarzach-Perasdorf fortzuf\u00fchren freue er&nbsp; sich schon auf viele Begegnungen.&nbsp; Mit Freude auf gute Zusammenarbeit und den Dank an seine Familie schloss Bartlreiher seine Antrittsrede. Neben Religionsunterricht an der \u00f6rtlichen Schule wird Bartlreiher verschiedene Aufgabenbereiche in der Pfarrei \u00fcbernehmen und so Pfr. Alfons Dirscherl unterst\u00fctzen k\u00f6nnen.&nbsp;<\/p>\n<div id=\"attachment_648\" style=\"width: 710px\" class=\"wp-caption alignnone\"><img loading=\"lazy\" decoding=\"async\" aria-describedby=\"caption-attachment-648\" class=\"size-medium_large wp-image-648\" src=\"http:\/\/pfarrei-schwarzach-perasdorf.de\/wp-content\/uploads\/2017\/09\/Neuer-Gemeindeassistent-768x576.jpg\" alt=\"hintere Reihe der neuen Gemeindeassistent Martin Bartlreiher , Pfr. Alfons Dirscherl, Diakon Norbert Spargert, Familie Bartlreiher , Michaela Dorfner(Verlobte), Familie Dorfner, Mesnerin Stefanie Karl und Ministranten von St.Martin.\" width=\"700\" height=\"525\" srcset=\"https:\/\/pfarrei-schwarzach-perasdorf.de\/wp-content\/uploads\/2017\/09\/Neuer-Gemeindeassistent-768x576.jpg 768w, https:\/\/pfarrei-schwarzach-perasdorf.de\/wp-content\/uploads\/2017\/09\/Neuer-Gemeindeassistent-150x113.jpg 150w, https:\/\/pfarrei-schwarzach-perasdorf.de\/wp-content\/uploads\/2017\/09\/Neuer-Gemeindeassistent-300x225.jpg 300w, https:\/\/pfarrei-schwarzach-perasdorf.de\/wp-content\/uploads\/2017\/09\/Neuer-Gemeindeassistent-1024x768.jpg 1024w\" sizes=\"(max-width: 700px) 100vw, 700px\" \/><p id=\"caption-attachment-648\" class=\"wp-caption-text\">hintere Reihe der neuen Gemeindeassistent Martin Bartlreiher , Pfr. Alfons Dirscherl, Diakon Norbert Spargert, Familie Bartlreiher , Michaela Dorfner(Verlobte), Familie Dorfner, Mesnerin Stefanie Karl und Ministranten von St.Martin.<\/p><\/div>\n","protected":false},"excerpt":{"rendered":"<p>Schwarzach(ml) Mit einem feierlichen Einzug in die Pfarrkirche Sankt Martin in Schwarzach begann der Gottesdienst in dem der neue Gemeindeassistent Martin Bartlreiher, der seit dem 1.September in der Pfarreiengemeinschaft Schwarzach-Perasdorf t\u00e4tig ist, offiziell von Pfarrer Alfons Dirscherl und Diakon Norbert Spargert und im Beisein seiner Familie, eingef\u00fchrt&nbsp; wurde. In seiner Predigt ging Pfr. Dirscherl auf &#8230; <span class=\"more\"><a class=\"more-link\" href=\"https:\/\/pfarrei-schwarzach-perasdorf.de\/?p=647\">[weiterlesen&#8230;]<\/a><\/span><\/p>\n","protected":false},"author":6,"featured_media":0,"comment_status":"closed","ping_status":"closed","sticky":false,"template":"","format":"standard","meta":{"footnotes":""},"categories":[6],"tags":[],"_links":{"self":[{"href":"https:\/\/pfarrei-schwarzach-perasdorf.de\/index.php?rest_route=\/wp\/v2\/posts\/647"}],"collection":[{"href":"https:\/\/pfarrei-schwarzach-perasdorf.de\/index.php?rest_route=\/wp\/v2\/posts"}],"about":[{"href":"https:\/\/pfarrei-schwarzach-perasdorf.de\/index.php?rest_route=\/wp\/v2\/types\/post"}],"author":[{"embeddable":true,"href":"https:\/\/pfarrei-schwarzach-perasdorf.de\/index.php?rest_route=\/wp\/v2\/users\/6"}],"replies":[{"embeddable":true,"href":"https:\/\/pfarrei-schwarzach-perasdorf.de\/index.php?rest_route=%2Fwp%2Fv2%2Fcomments&post=647"}],"version-history":[{"count":2,"href":"https:\/\/pfarrei-schwarzach-perasdorf.de\/index.php?rest_route=\/wp\/v2\/posts\/647\/revisions"}],"predecessor-version":[{"id":654,"href":"https:\/\/pfarrei-schwarzach-perasdorf.de\/index.php?rest_route=\/wp\/v2\/posts\/647\/revisions\/654"}],"wp:attachment":[{"href":"https:\/\/pfarrei-schwarzach-perasdorf.de\/index.php?rest_route=%2Fwp%2Fv2%2Fmedia&parent=647"}],"wp:term":[{"taxonomy":"category","embeddable":true,"href":"https:\/\/pfarrei-schwarzach-perasdorf.de\/index.php?rest_route=%2Fwp%2Fv2%2Fcategories&post=647"},{"taxonomy":"post_tag","embeddable":true,"href":"https:\/\/pfarrei-schwarzach-perasdorf.de\/index.php?rest_route=%2Fwp%2Fv2%2Ftags&post=647"}],"curies":[{"name":"wp","href":"https:\/\/api.w.org\/{rel}","templated":true}]}}