{"id":629,"date":"2017-08-30T12:00:53","date_gmt":"2017-08-30T10:00:53","guid":{"rendered":"http:\/\/pfarrei-schwarzach-perasdorf.de\/?p=629"},"modified":"2017-08-26T12:29:46","modified_gmt":"2017-08-26T10:29:46","slug":"oelbergkapelle-im-schwarzacher-friedhof-restauriert","status":"publish","type":"post","link":"https:\/\/pfarrei-schwarzach-perasdorf.de\/?p=629","title":{"rendered":"\u00a0\u00d6lbergkapelle im Schwarzacher Friedhof restauriert"},"content":{"rendered":"<p><strong>Schwarzach(ml)&nbsp;<\/strong> Der Krieger-und Soldatenverein hat es sich zur Aufgabe gemacht, Denkm\u00e4ler und Kapellen oder sonstige Objekte wieder zu einem Schmuckst\u00fcck in ihrem Heimatort Schwarzach zu machen und deren Renovierung zu unterst\u00fctzen. Zuletzt war es das Kriegerdenkmal am Marktplatz und dieses Jahr war es die \u00d6lbergkapelle beim Friedhof. Diese hatte schon schwer unter dem Verfall gelitten und so wurde im Fr\u00fchjahr mit den baulichen Ma\u00dfnahmen begonnen. KSK Mitglied u. Kassier Karl Zwickl lag diese Renovierung sehr am Herzen und so begann er mit Hilfe von Franz Kerbl mit dem Abtragen des Mauerbelages. Als n\u00e4chstes wurde dann ein Animierputz mit Gewebeeinzug aufgetragen, damit weiterhin keine Risse mehr entstehen und als letztes ein Fantasieputz aufgezogen. Der hiesige Steinmetzmeister Rudolf Geiger &nbsp;hatte die Namen der Gefallenen und Vermissten des 2.Weltkrieges &nbsp;auf &nbsp;Tafeln eingraviert und diese &nbsp;angebracht. Au\u00dferdem wurde ein vermauertes Fenster wieder freigelegt. Zum Abschlu\u00df wurde die \u00d6lbergkapelle innen und au\u00dfen mit Farbe versehen. Mit Hilfe der Bauhofarbeiter wurde auch die St\u00fctzmauer bei der Kapelle gehoben und befestigt. Die Gesamtkosten beliefen sich hierf\u00fcr auf 5.460.&#8211;\u20ac , davon eingegangene Spenden 3.180.&#8211;\u20ac. Es ist lobenswert, da\u00df sich auch andere Vereine und B\u00fcrger finanziell daf\u00fcr einsetzen, damit diese Kapelle wieder in neuem Glanz erstrahlen kann. Eingeweiht wird die Kapelle am Volkstrauertag 19.November, &nbsp;im Zuge des Traueraktes &nbsp;f\u00fcr die gefallenen und vermissten Soldaten des 2.Weltkrieges.<\/p>\n<div id=\"attachment_632\" style=\"width: 310px\" class=\"wp-caption alignnone\"><img loading=\"lazy\" decoding=\"async\" aria-describedby=\"caption-attachment-632\" class=\"size-medium wp-image-632\" src=\"http:\/\/pfarrei-schwarzach-perasdorf.de\/wp-content\/uploads\/2017\/08\/vor-der-restaurierung-der-\u00d6lbergkapelle-2-300x225.jpg\" alt=\"\u00d6lbergkapelle vor der Renovierung\" width=\"300\" height=\"225\" srcset=\"https:\/\/pfarrei-schwarzach-perasdorf.de\/wp-content\/uploads\/2017\/08\/vor-der-restaurierung-der-\u00d6lbergkapelle-2-300x225.jpg 300w, https:\/\/pfarrei-schwarzach-perasdorf.de\/wp-content\/uploads\/2017\/08\/vor-der-restaurierung-der-\u00d6lbergkapelle-2-150x113.jpg 150w, https:\/\/pfarrei-schwarzach-perasdorf.de\/wp-content\/uploads\/2017\/08\/vor-der-restaurierung-der-\u00d6lbergkapelle-2-768x576.jpg 768w, https:\/\/pfarrei-schwarzach-perasdorf.de\/wp-content\/uploads\/2017\/08\/vor-der-restaurierung-der-\u00d6lbergkapelle-2-1024x768.jpg 1024w\" sizes=\"(max-width: 300px) 100vw, 300px\" \/><p id=\"caption-attachment-632\" class=\"wp-caption-text\">\u00d6lbergkapelle vor der Renovierung<\/p><\/div>\n<div id=\"attachment_631\" style=\"width: 310px\" class=\"wp-caption alignnone\"><img loading=\"lazy\" decoding=\"async\" aria-describedby=\"caption-attachment-631\" class=\"size-medium wp-image-631\" src=\"http:\/\/pfarrei-schwarzach-perasdorf.de\/wp-content\/uploads\/2017\/08\/vor-der-restaurierung-der-\u00d6lbergkapelle-1-300x225.jpg\" alt=\"\u00d6lbergkapelle vor der Renovierung\" width=\"300\" height=\"225\" srcset=\"https:\/\/pfarrei-schwarzach-perasdorf.de\/wp-content\/uploads\/2017\/08\/vor-der-restaurierung-der-\u00d6lbergkapelle-1-300x225.jpg 300w, https:\/\/pfarrei-schwarzach-perasdorf.de\/wp-content\/uploads\/2017\/08\/vor-der-restaurierung-der-\u00d6lbergkapelle-1-150x113.jpg 150w, https:\/\/pfarrei-schwarzach-perasdorf.de\/wp-content\/uploads\/2017\/08\/vor-der-restaurierung-der-\u00d6lbergkapelle-1-768x576.jpg 768w, https:\/\/pfarrei-schwarzach-perasdorf.de\/wp-content\/uploads\/2017\/08\/vor-der-restaurierung-der-\u00d6lbergkapelle-1-1024x768.jpg 1024w\" sizes=\"(max-width: 300px) 100vw, 300px\" \/><p id=\"caption-attachment-631\" class=\"wp-caption-text\">\u00d6lbergkapelle vor der Renovierung<\/p><\/div>\n<div id=\"attachment_630\" style=\"width: 710px\" class=\"wp-caption alignnone\"><img loading=\"lazy\" decoding=\"async\" aria-describedby=\"caption-attachment-630\" class=\"size-medium_large wp-image-630\" src=\"http:\/\/pfarrei-schwarzach-perasdorf.de\/wp-content\/uploads\/2017\/08\/restaurierte-\u00d6lberg-Kapelle-768x1024.jpg\" alt=\"die renovierte \u00d6lbergkapelle mit 1.Vorsitzenden KSK Schwarzach Ludwig Mika (rechts) und 2.Vorsitzenden Alfons Falk (links).&nbsp;\" width=\"700\" height=\"933\" srcset=\"https:\/\/pfarrei-schwarzach-perasdorf.de\/wp-content\/uploads\/2017\/08\/restaurierte-\u00d6lberg-Kapelle-768x1024.jpg 768w, https:\/\/pfarrei-schwarzach-perasdorf.de\/wp-content\/uploads\/2017\/08\/restaurierte-\u00d6lberg-Kapelle-113x150.jpg 113w, https:\/\/pfarrei-schwarzach-perasdorf.de\/wp-content\/uploads\/2017\/08\/restaurierte-\u00d6lberg-Kapelle-225x300.jpg 225w\" sizes=\"(max-width: 700px) 100vw, 700px\" \/><p id=\"caption-attachment-630\" class=\"wp-caption-text\">die renovierte \u00d6lbergkapelle mit 1.Vorsitzenden KSK Schwarzach Ludwig Mika (rechts) und 2.Vorsitzenden Alfons Falk (links).<\/p><\/div>\n","protected":false},"excerpt":{"rendered":"<p>Schwarzach(ml)&nbsp; Der Krieger-und Soldatenverein hat es sich zur Aufgabe gemacht, Denkm\u00e4ler und Kapellen oder sonstige Objekte wieder zu einem Schmuckst\u00fcck in ihrem Heimatort Schwarzach zu machen und deren Renovierung zu unterst\u00fctzen. Zuletzt war es das Kriegerdenkmal am Marktplatz und dieses Jahr war es die \u00d6lbergkapelle beim Friedhof. Diese hatte schon schwer unter dem Verfall gelitten &#8230; <span class=\"more\"><a class=\"more-link\" href=\"https:\/\/pfarrei-schwarzach-perasdorf.de\/?p=629\">[weiterlesen&#8230;]<\/a><\/span><\/p>\n","protected":false},"author":6,"featured_media":0,"comment_status":"closed","ping_status":"closed","sticky":false,"template":"","format":"standard","meta":{"footnotes":""},"categories":[6],"tags":[],"_links":{"self":[{"href":"https:\/\/pfarrei-schwarzach-perasdorf.de\/index.php?rest_route=\/wp\/v2\/posts\/629"}],"collection":[{"href":"https:\/\/pfarrei-schwarzach-perasdorf.de\/index.php?rest_route=\/wp\/v2\/posts"}],"about":[{"href":"https:\/\/pfarrei-schwarzach-perasdorf.de\/index.php?rest_route=\/wp\/v2\/types\/post"}],"author":[{"embeddable":true,"href":"https:\/\/pfarrei-schwarzach-perasdorf.de\/index.php?rest_route=\/wp\/v2\/users\/6"}],"replies":[{"embeddable":true,"href":"https:\/\/pfarrei-schwarzach-perasdorf.de\/index.php?rest_route=%2Fwp%2Fv2%2Fcomments&post=629"}],"version-history":[{"count":3,"href":"https:\/\/pfarrei-schwarzach-perasdorf.de\/index.php?rest_route=\/wp\/v2\/posts\/629\/revisions"}],"predecessor-version":[{"id":635,"href":"https:\/\/pfarrei-schwarzach-perasdorf.de\/index.php?rest_route=\/wp\/v2\/posts\/629\/revisions\/635"}],"wp:attachment":[{"href":"https:\/\/pfarrei-schwarzach-perasdorf.de\/index.php?rest_route=%2Fwp%2Fv2%2Fmedia&parent=629"}],"wp:term":[{"taxonomy":"category","embeddable":true,"href":"https:\/\/pfarrei-schwarzach-perasdorf.de\/index.php?rest_route=%2Fwp%2Fv2%2Fcategories&post=629"},{"taxonomy":"post_tag","embeddable":true,"href":"https:\/\/pfarrei-schwarzach-perasdorf.de\/index.php?rest_route=%2Fwp%2Fv2%2Ftags&post=629"}],"curies":[{"name":"wp","href":"https:\/\/api.w.org\/{rel}","templated":true}]}}