{"id":550,"date":"2017-07-03T13:00:34","date_gmt":"2017-07-03T11:00:34","guid":{"rendered":"http:\/\/pfarrei-schwarzach-perasdorf.de\/?p=550"},"modified":"2017-07-09T12:35:55","modified_gmt":"2017-07-09T10:35:55","slug":"spende-fuer-kindergarten-zum-40jaehrigen-jubilaeum","status":"publish","type":"post","link":"https:\/\/pfarrei-schwarzach-perasdorf.de\/?p=550","title":{"rendered":"Spende f\u00fcr Kindergarten zum 40j\u00e4hrigen Jubil\u00e4um"},"content":{"rendered":"<p><strong>Schwarzach(ml)&nbsp;<\/strong> Gro\u00df war die Freude im Kindergarten St.Martin in Schwarzach als der Gesch\u00e4ftsf\u00fchrende Verwaltungsleiter der Orthop\u00e4dischen Fachklinik Michael Trotz am vergangenen Dienstag einen Scheck<strong> von 3000.&#8211;\u20ac<\/strong> an Pfr. Alfons Dirscherl und Kindergartenleiterin Astrid Eiglsperger zum Anlass des 40j\u00e4hrigen Jubil\u00e4ums \u00fcbereichen konnte. &nbsp;Dank des Engagement und Einsatzes des gesamten Klinikpersonals zum &#8222;Tag der offenen T\u00fcr&#8220; &nbsp;anl\u00e4sslich des ebenfalls &nbsp;40j\u00e4hrigen Bestehens der Orthop\u00e4dischen Fachklinik Schwarzach am 9.Oktober 2016, sowie der guten Bewirtung aller G\u00e4ste, kam dieses gro\u00dfartige Spendenergebnis zustande. Hierf\u00fcr sprach Pfr. Alfons Dirscherl und Kindergartenleiterin Astrid Eiglsperger mit ihren Mitarbeiterinnen Hr. Trotz ein herzliches &#8222;Vergelts Gott&#8220; aus. Die Orthop\u00e4dische Fachklinik unterst\u00fctzte schon bei vielen Jubil\u00e4en immer so manches soziale Projekt in Schwarzach. Diese Spende wird den Kindergartenkindern in jeder Hinsicht zugute kommen.<\/p>\n<p><img loading=\"lazy\" decoding=\"async\" class=\"size-medium_large wp-image-551\" src=\"http:\/\/pfarrei-schwarzach-perasdorf.de\/wp-content\/uploads\/2017\/07\/Spende-f\u00fcr-Kindergarten-zum-40j\u00e4hrigen-Jubil\u00e4um-768x576.jpg\" alt=\"Pfr. Alfons Dirscherl, Gesch\u00e4ftsf\u00fchrender Verwaltungsleiter der Orthop\u00e4dischen Fachklinik Schwarzach Michael Trotz und Kindergartenleiterin Astrid Eiglsperger mit Kindern der Kindertagesst\u00e4tte St.Martin Schwarzach.\" width=\"700\" height=\"525\" srcset=\"https:\/\/pfarrei-schwarzach-perasdorf.de\/wp-content\/uploads\/2017\/07\/Spende-f\u00fcr-Kindergarten-zum-40j\u00e4hrigen-Jubil\u00e4um-768x576.jpg 768w, https:\/\/pfarrei-schwarzach-perasdorf.de\/wp-content\/uploads\/2017\/07\/Spende-f\u00fcr-Kindergarten-zum-40j\u00e4hrigen-Jubil\u00e4um-150x113.jpg 150w, https:\/\/pfarrei-schwarzach-perasdorf.de\/wp-content\/uploads\/2017\/07\/Spende-f\u00fcr-Kindergarten-zum-40j\u00e4hrigen-Jubil\u00e4um-300x225.jpg 300w, https:\/\/pfarrei-schwarzach-perasdorf.de\/wp-content\/uploads\/2017\/07\/Spende-f\u00fcr-Kindergarten-zum-40j\u00e4hrigen-Jubil\u00e4um-1024x768.jpg 1024w\" sizes=\"(max-width: 700px) 100vw, 700px\" \/><\/p>\n<p>Pfr. Alfons Dirscherl, Gesch\u00e4ftsf\u00fchrender Verwaltungsleiter der Orthop\u00e4dischen Fachklinik Schwarzach Michael Trotz und Kindergartenleiterin Astrid Eiglsperger mit Kindern der Kindertagesst\u00e4tte St.Martin Schwarzach.<\/p>\n","protected":false},"excerpt":{"rendered":"<p>Schwarzach(ml)&nbsp; Gro\u00df war die Freude im Kindergarten St.Martin in Schwarzach als der Gesch\u00e4ftsf\u00fchrende Verwaltungsleiter der Orthop\u00e4dischen Fachklinik Michael Trotz am vergangenen Dienstag einen Scheck von 3000.&#8211;\u20ac an Pfr. Alfons Dirscherl und Kindergartenleiterin Astrid Eiglsperger zum Anlass des 40j\u00e4hrigen Jubil\u00e4ums \u00fcbereichen konnte. &nbsp;Dank des Engagement und Einsatzes des gesamten Klinikpersonals zum &#8222;Tag der offenen T\u00fcr&#8220; &nbsp;anl\u00e4sslich &#8230; <span class=\"more\"><a class=\"more-link\" href=\"https:\/\/pfarrei-schwarzach-perasdorf.de\/?p=550\">[weiterlesen&#8230;]<\/a><\/span><\/p>\n","protected":false},"author":6,"featured_media":0,"comment_status":"closed","ping_status":"closed","sticky":false,"template":"","format":"standard","meta":{"footnotes":""},"categories":[6],"tags":[],"_links":{"self":[{"href":"https:\/\/pfarrei-schwarzach-perasdorf.de\/index.php?rest_route=\/wp\/v2\/posts\/550"}],"collection":[{"href":"https:\/\/pfarrei-schwarzach-perasdorf.de\/index.php?rest_route=\/wp\/v2\/posts"}],"about":[{"href":"https:\/\/pfarrei-schwarzach-perasdorf.de\/index.php?rest_route=\/wp\/v2\/types\/post"}],"author":[{"embeddable":true,"href":"https:\/\/pfarrei-schwarzach-perasdorf.de\/index.php?rest_route=\/wp\/v2\/users\/6"}],"replies":[{"embeddable":true,"href":"https:\/\/pfarrei-schwarzach-perasdorf.de\/index.php?rest_route=%2Fwp%2Fv2%2Fcomments&post=550"}],"version-history":[{"count":1,"href":"https:\/\/pfarrei-schwarzach-perasdorf.de\/index.php?rest_route=\/wp\/v2\/posts\/550\/revisions"}],"predecessor-version":[{"id":552,"href":"https:\/\/pfarrei-schwarzach-perasdorf.de\/index.php?rest_route=\/wp\/v2\/posts\/550\/revisions\/552"}],"wp:attachment":[{"href":"https:\/\/pfarrei-schwarzach-perasdorf.de\/index.php?rest_route=%2Fwp%2Fv2%2Fmedia&parent=550"}],"wp:term":[{"taxonomy":"category","embeddable":true,"href":"https:\/\/pfarrei-schwarzach-perasdorf.de\/index.php?rest_route=%2Fwp%2Fv2%2Fcategories&post=550"},{"taxonomy":"post_tag","embeddable":true,"href":"https:\/\/pfarrei-schwarzach-perasdorf.de\/index.php?rest_route=%2Fwp%2Fv2%2Ftags&post=550"}],"curies":[{"name":"wp","href":"https:\/\/api.w.org\/{rel}","templated":true}]}}