{"id":547,"date":"2017-07-02T17:00:36","date_gmt":"2017-07-02T15:00:36","guid":{"rendered":"http:\/\/pfarrei-schwarzach-perasdorf.de\/?p=547"},"modified":"2017-07-09T12:29:34","modified_gmt":"2017-07-09T10:29:34","slug":"vater-unser-uebergabe","status":"publish","type":"post","link":"https:\/\/pfarrei-schwarzach-perasdorf.de\/?p=547","title":{"rendered":"Vater-Unser-\u00dcbergabe"},"content":{"rendered":"<p><strong>Schwarzach(ml)&nbsp;<\/strong>Ein besonderes Ereignis f\u00fcr 6 M\u00e4dchen und 1 Jungen der 1.Klasse an der Grundschule Schwarzach war die &#8222;Vater-Unser-\u00dcbergabe&#8220; im Gottesdienst am vergangenen Sonntag. Dem vorausgegangen war am Samstagvormittag der &#8222;Vater-Unser&#8220; Tag, in dem Gemeindereferentin Stefanie Trottmann die Kinder in diese Thematik mit Singen, Basteln und Brot backen einf\u00fchrte sowie die Kinder anleitete , sich das &#8222;Vater-unser&#8220; als Gebet einzupr\u00e4gen. Der Abschlu\u00df war der miteinander am Sonntag gefeierte Gottesdienst , den die Kinder symbolisch mitgestalteten und zum Schlu\u00df des Gottesdienstes das &#8222;Vater unser&#8220; , das wichtigste Gebet der Christen, auf einem Schmuckblatt von Pfr. Alfons Dirscherl und Gemeindereferentin Stefanie Trottmann \u00fcberreicht bekamen.&nbsp;<\/p>\n<div id=\"attachment_548\" style=\"width: 710px\" class=\"wp-caption alignnone\"><img loading=\"lazy\" decoding=\"async\" aria-describedby=\"caption-attachment-548\" class=\"size-medium_large wp-image-548\" src=\"http:\/\/pfarrei-schwarzach-perasdorf.de\/wp-content\/uploads\/2017\/07\/019-768x576.jpg\" alt=\"Die 7 Kinder der 1.Klasse an der Grundschule Schwarzach mit Gemeindereferentin Stefanie Trottmann, Klassenlehrerin Frau Bogner und Pfr. Alfons Dirscherl.\" width=\"700\" height=\"525\" srcset=\"https:\/\/pfarrei-schwarzach-perasdorf.de\/wp-content\/uploads\/2017\/07\/019-768x576.jpg 768w, https:\/\/pfarrei-schwarzach-perasdorf.de\/wp-content\/uploads\/2017\/07\/019-150x113.jpg 150w, https:\/\/pfarrei-schwarzach-perasdorf.de\/wp-content\/uploads\/2017\/07\/019-300x225.jpg 300w, https:\/\/pfarrei-schwarzach-perasdorf.de\/wp-content\/uploads\/2017\/07\/019-1024x768.jpg 1024w\" sizes=\"(max-width: 700px) 100vw, 700px\" \/><p id=\"caption-attachment-548\" class=\"wp-caption-text\">Die 7 Kinder der 1.Klasse an der Grundschule Schwarzach mit Gemeindereferentin Stefanie Trottmann, Klassenlehrerin Frau Bogner und Pfr. Alfons Dirscherl.<\/p><\/div>\n<p>&nbsp;<\/p>\n<p>&nbsp;<\/p>\n","protected":false},"excerpt":{"rendered":"<p>Schwarzach(ml)&nbsp;Ein besonderes Ereignis f\u00fcr 6 M\u00e4dchen und 1 Jungen der 1.Klasse an der Grundschule Schwarzach war die &#8222;Vater-Unser-\u00dcbergabe&#8220; im Gottesdienst am vergangenen Sonntag. Dem vorausgegangen war am Samstagvormittag der &#8222;Vater-Unser&#8220; Tag, in dem Gemeindereferentin Stefanie Trottmann die Kinder in diese Thematik mit Singen, Basteln und Brot backen einf\u00fchrte sowie die Kinder anleitete , sich das &#8230; <span class=\"more\"><a class=\"more-link\" href=\"https:\/\/pfarrei-schwarzach-perasdorf.de\/?p=547\">[weiterlesen&#8230;]<\/a><\/span><\/p>\n","protected":false},"author":6,"featured_media":0,"comment_status":"closed","ping_status":"closed","sticky":false,"template":"","format":"standard","meta":{"footnotes":""},"categories":[6],"tags":[],"_links":{"self":[{"href":"https:\/\/pfarrei-schwarzach-perasdorf.de\/index.php?rest_route=\/wp\/v2\/posts\/547"}],"collection":[{"href":"https:\/\/pfarrei-schwarzach-perasdorf.de\/index.php?rest_route=\/wp\/v2\/posts"}],"about":[{"href":"https:\/\/pfarrei-schwarzach-perasdorf.de\/index.php?rest_route=\/wp\/v2\/types\/post"}],"author":[{"embeddable":true,"href":"https:\/\/pfarrei-schwarzach-perasdorf.de\/index.php?rest_route=\/wp\/v2\/users\/6"}],"replies":[{"embeddable":true,"href":"https:\/\/pfarrei-schwarzach-perasdorf.de\/index.php?rest_route=%2Fwp%2Fv2%2Fcomments&post=547"}],"version-history":[{"count":1,"href":"https:\/\/pfarrei-schwarzach-perasdorf.de\/index.php?rest_route=\/wp\/v2\/posts\/547\/revisions"}],"predecessor-version":[{"id":549,"href":"https:\/\/pfarrei-schwarzach-perasdorf.de\/index.php?rest_route=\/wp\/v2\/posts\/547\/revisions\/549"}],"wp:attachment":[{"href":"https:\/\/pfarrei-schwarzach-perasdorf.de\/index.php?rest_route=%2Fwp%2Fv2%2Fmedia&parent=547"}],"wp:term":[{"taxonomy":"category","embeddable":true,"href":"https:\/\/pfarrei-schwarzach-perasdorf.de\/index.php?rest_route=%2Fwp%2Fv2%2Fcategories&post=547"},{"taxonomy":"post_tag","embeddable":true,"href":"https:\/\/pfarrei-schwarzach-perasdorf.de\/index.php?rest_route=%2Fwp%2Fv2%2Ftags&post=547"}],"curies":[{"name":"wp","href":"https:\/\/api.w.org\/{rel}","templated":true}]}}