{"id":534,"date":"2016-10-17T13:49:42","date_gmt":"2016-10-17T11:49:42","guid":{"rendered":"http:\/\/pfarrei-schwarzach-perasdorf.de\/?p=534"},"modified":"2016-11-02T13:50:48","modified_gmt":"2016-11-02T12:50:48","slug":"freu-dich-an-der-schoepfung-konzert-des-singkreises-st-vitus-pfarrei-neuhausen","status":"publish","type":"post","link":"https:\/\/pfarrei-schwarzach-perasdorf.de\/?p=534","title":{"rendered":"&#8222;Freu dich an der Sch\u00f6pfung&#8220; Konzert des Singkreises St.Vitus &#8211; Pfarrei Neuhausen"},"content":{"rendered":"<p><strong>Schwarzach(ml)<\/strong> Voll auf Ihre Kosten gekommen sind die Besucher beim Konzert des Singkreises St.Vitus unter der Leitung von Hr. Stefan Brandl, von der Pfarrei Neuhausen am vergangenen Sonntag in der Pfarrkirche St.Martin in Schwarzach. Mit Liedern und Songs religi\u00f6sen Ursprungs, die durch die fein aufeinanderabgestimmten Stimmen der rund 20 S\u00e4ngerinnen und S\u00e4ngerin in den Stimmlagen Sopran, Alt, Tenor und Bass erst richtig zur Wirkung kamen, konnten die Zuh\u00f6rer entspannen, tr\u00e4umen und abschalten von der Hektik des Lebens. Durch die einf\u00fchlsamen und gut abgestimmten Texte von Angelika Aschenbrenner war dies wahrlich eine Stunde f\u00fcr Herz und Seele. Begleitet am E-Piano wurde der Singkreis ebenso sehr exellent von Verena Schwaiberger, Wolfgang Hundt und Stefan Brandl. Gegr\u00fcndet wurde dieser Singkreis an 15,06.2003 von Stefan Brandl aus ehemaligen Mitgliedern des damaligen Jugendchores mit etwa 20 aktiven Mitgliedern. Regelm\u00e4\u00dfig gestaltet der Singkreis Gottesdienste in der Pfarrei Neuhausen, besonders auch an Hochfesten wie Ostern und Weihnachten, sowie auch bei Hochzeiten und Taufen. Es gab auch schon Konzertauftritte z.B. bei Irisch-schottischem Kirchenkonzerten in Aschenau, Mitwirkung beim Weihnachtskonzert des Musikvereins Neuhausen im Verbund mit dem Jazz-Chor des Vereins sowie eigene Konzerte in der Pfarrkirche Neuhausen. Nach dem letzten Vortrag: Dir vertrau ich mich an, denn ich glaube daran&#8220;, bedankte sich Singkreis-Leiter Hr. Stefan Brandl f\u00fcr die Einladung in der Pfarrei Schwarzach, dem entsprechend wurden die S\u00e4nger \u00a0mit einem langanhaltenden Applaus belohnt.<\/p>\n<div id=\"attachment_527\" style=\"width: 710px\" class=\"wp-caption aligncenter\"><img loading=\"lazy\" decoding=\"async\" aria-describedby=\"caption-attachment-527\" class=\"size-large wp-image-527\" src=\"http:\/\/pfarrei-schwarzach-perasdorf.de\/wp-content\/uploads\/2016\/11\/Singkreis1016-768x1024.jpg\" alt=\"Singkreis St.Vitus Neuhausen mit Leiter Hr. Brandl am E-Piano.\" width=\"700\" height=\"933\" srcset=\"https:\/\/pfarrei-schwarzach-perasdorf.de\/wp-content\/uploads\/2016\/11\/Singkreis1016-768x1024.jpg 768w, https:\/\/pfarrei-schwarzach-perasdorf.de\/wp-content\/uploads\/2016\/11\/Singkreis1016-113x150.jpg 113w, https:\/\/pfarrei-schwarzach-perasdorf.de\/wp-content\/uploads\/2016\/11\/Singkreis1016-225x300.jpg 225w\" sizes=\"(max-width: 700px) 100vw, 700px\" \/><p id=\"caption-attachment-527\" class=\"wp-caption-text\">Singkreis St.Vitus Neuhausen mit Leiter Hr. Brandl am E-Piano.<\/p><\/div>\n","protected":false},"excerpt":{"rendered":"<p>Schwarzach(ml) Voll auf Ihre Kosten gekommen sind die Besucher beim Konzert des Singkreises St.Vitus unter der Leitung von Hr. Stefan Brandl, von der Pfarrei Neuhausen am vergangenen Sonntag in der Pfarrkirche St.Martin in Schwarzach. Mit Liedern und Songs religi\u00f6sen Ursprungs, die durch die fein aufeinanderabgestimmten Stimmen der rund 20 S\u00e4ngerinnen und S\u00e4ngerin in den Stimmlagen &#8230; <span class=\"more\"><a class=\"more-link\" href=\"https:\/\/pfarrei-schwarzach-perasdorf.de\/?p=534\">[weiterlesen&#8230;]<\/a><\/span><\/p>\n","protected":false},"author":1,"featured_media":0,"comment_status":"closed","ping_status":"closed","sticky":false,"template":"","format":"standard","meta":{"footnotes":""},"categories":[6],"tags":[],"_links":{"self":[{"href":"https:\/\/pfarrei-schwarzach-perasdorf.de\/index.php?rest_route=\/wp\/v2\/posts\/534"}],"collection":[{"href":"https:\/\/pfarrei-schwarzach-perasdorf.de\/index.php?rest_route=\/wp\/v2\/posts"}],"about":[{"href":"https:\/\/pfarrei-schwarzach-perasdorf.de\/index.php?rest_route=\/wp\/v2\/types\/post"}],"author":[{"embeddable":true,"href":"https:\/\/pfarrei-schwarzach-perasdorf.de\/index.php?rest_route=\/wp\/v2\/users\/1"}],"replies":[{"embeddable":true,"href":"https:\/\/pfarrei-schwarzach-perasdorf.de\/index.php?rest_route=%2Fwp%2Fv2%2Fcomments&post=534"}],"version-history":[{"count":1,"href":"https:\/\/pfarrei-schwarzach-perasdorf.de\/index.php?rest_route=\/wp\/v2\/posts\/534\/revisions"}],"predecessor-version":[{"id":535,"href":"https:\/\/pfarrei-schwarzach-perasdorf.de\/index.php?rest_route=\/wp\/v2\/posts\/534\/revisions\/535"}],"wp:attachment":[{"href":"https:\/\/pfarrei-schwarzach-perasdorf.de\/index.php?rest_route=%2Fwp%2Fv2%2Fmedia&parent=534"}],"wp:term":[{"taxonomy":"category","embeddable":true,"href":"https:\/\/pfarrei-schwarzach-perasdorf.de\/index.php?rest_route=%2Fwp%2Fv2%2Fcategories&post=534"},{"taxonomy":"post_tag","embeddable":true,"href":"https:\/\/pfarrei-schwarzach-perasdorf.de\/index.php?rest_route=%2Fwp%2Fv2%2Ftags&post=534"}],"curies":[{"name":"wp","href":"https:\/\/api.w.org\/{rel}","templated":true}]}}