{"id":484,"date":"2016-07-10T15:27:30","date_gmt":"2016-07-10T13:27:30","guid":{"rendered":"http:\/\/pfarrei-schwarzach-perasdorf.de\/?p=484"},"modified":"2016-08-31T15:54:15","modified_gmt":"2016-08-31T13:54:15","slug":"pfarrfest-gut-besucht","status":"publish","type":"post","link":"https:\/\/pfarrei-schwarzach-perasdorf.de\/?p=484","title":{"rendered":"Pfarrfest gut besucht"},"content":{"rendered":"<p>Nach dem Festgottesdienst in der Pfarrkirche Sankt Martin wurde anschlie\u00dfend das Pfarrfest im Finkl-Stadl er\u00f6ffnet. So nutzten viele Kirchenbesucher, sowie auch G\u00e4ste von der Nachbarspfarrei Perasdorf, die Gelegenheit beim Pfarrfest zu Mittag zu essen.<\/p>\n<p>PGR-Sprecherin Beate Tremmel und Pfarrer Alfons Dirscherl dankten allen Verantwortlichen daf\u00fcr, das sie dieses Fest wieder auf die Beine gestellt hatten. Es findet immer im j\u00e4hrlichen Wechsel mit dem B\u00fcrgerfest statt. Der Erl\u00f6s dieses Pfarrfestes ist f\u00fcr die Fertigstellung des barrierefreien Eingangs in der Pfarrkirche Sankt Martin bestimmt. So stellten sich der gesch\u00e4ftsf\u00fchrende Verwaltungsleiter der Orthop\u00e4dischen Fachklinik u.der Inhaber des Sanit\u00e4tshauses Creorthiv Kim Boris Ley an den Holzgrill und &#8222;bruzelten&#8220; f\u00fcr die Pfarrfestbesucher Grillspezialit\u00e4ten. Auch die Minis von Sankt Martin halfen mit, in dem sie den Bedienungen zur Hand gingen. Bei der Musik von Johann Schie\u00dfl verbrachten die \u00a0Pfarrangeh\u00f6rigen den Nachmittag bei angenehmen Temperaturen mit Kaffee und den vielen selbstgemachten Kuchen und Torten, u.a. im Gespr\u00e4ch mit Hr. Pfr. Dirscherl. Die Kinder nutzten die ihnen gebotenen M\u00f6glichkeiten im Kinderprogramm , auch mit einer Torschie\u00dfwand. Auch die Kindergruppe des Trv.&#8220;Hirschenstein&#8220;Schwarzach, unter der Leitung von 1.Jugendleiterin Christine Obermeier u. 3.Jugendleiterin Melanie Baier erfreute die Besucher des diesj\u00e4hrigen Pfarrfestes mit ihren vorgef\u00fchrten Volkst\u00e4nzen und erhielten gro\u00dfen Beifall, sowie ein Eis spendiert. Eine weitere Einlage beim Pfarrfest war das&#8220;Seilziehen&#8220;, so konnten die Minis ihre Kr\u00e4fte messen, sowie Kolpingjugend gegen Altkolping und zuguterletzt PGR-KV Perasdorf gegen PGR-KV Schwarzach, wobei hier die Schwarzacher Kr\u00e4fte st\u00e4rker waren. In einer Sch\u00e4tzbox mit einem Einsatz von 1\u20ac war der 1.Preis ein Biergartenbesuch mit Pfr. Dirscherl. Gegen 16 Uhr verabschiedeten sich die letzten Besucher des Pfarrfestes und die Mitglieder des Pfarrgemeinderates und der Kirchenverwaltung waren sich einig, das es ein sehr harmonisches und gelungenes Pfarrfest war.<\/p>\n<p>&nbsp;<\/p>\n","protected":false},"excerpt":{"rendered":"<p>Nach dem Festgottesdienst in der Pfarrkirche Sankt Martin wurde anschlie\u00dfend das Pfarrfest im Finkl-Stadl er\u00f6ffnet. So nutzten viele Kirchenbesucher, sowie auch G\u00e4ste von der Nachbarspfarrei Perasdorf, die Gelegenheit beim Pfarrfest zu Mittag zu essen. PGR-Sprecherin Beate Tremmel und Pfarrer Alfons Dirscherl dankten allen Verantwortlichen daf\u00fcr, das sie dieses Fest wieder auf die Beine gestellt hatten. &#8230; <span class=\"more\"><a class=\"more-link\" href=\"https:\/\/pfarrei-schwarzach-perasdorf.de\/?p=484\">[weiterlesen&#8230;]<\/a><\/span><\/p>\n","protected":false},"author":1,"featured_media":0,"comment_status":"closed","ping_status":"closed","sticky":false,"template":"","format":"standard","meta":{"footnotes":""},"categories":[6],"tags":[],"_links":{"self":[{"href":"https:\/\/pfarrei-schwarzach-perasdorf.de\/index.php?rest_route=\/wp\/v2\/posts\/484"}],"collection":[{"href":"https:\/\/pfarrei-schwarzach-perasdorf.de\/index.php?rest_route=\/wp\/v2\/posts"}],"about":[{"href":"https:\/\/pfarrei-schwarzach-perasdorf.de\/index.php?rest_route=\/wp\/v2\/types\/post"}],"author":[{"embeddable":true,"href":"https:\/\/pfarrei-schwarzach-perasdorf.de\/index.php?rest_route=\/wp\/v2\/users\/1"}],"replies":[{"embeddable":true,"href":"https:\/\/pfarrei-schwarzach-perasdorf.de\/index.php?rest_route=%2Fwp%2Fv2%2Fcomments&post=484"}],"version-history":[{"count":3,"href":"https:\/\/pfarrei-schwarzach-perasdorf.de\/index.php?rest_route=\/wp\/v2\/posts\/484\/revisions"}],"predecessor-version":[{"id":508,"href":"https:\/\/pfarrei-schwarzach-perasdorf.de\/index.php?rest_route=\/wp\/v2\/posts\/484\/revisions\/508"}],"wp:attachment":[{"href":"https:\/\/pfarrei-schwarzach-perasdorf.de\/index.php?rest_route=%2Fwp%2Fv2%2Fmedia&parent=484"}],"wp:term":[{"taxonomy":"category","embeddable":true,"href":"https:\/\/pfarrei-schwarzach-perasdorf.de\/index.php?rest_route=%2Fwp%2Fv2%2Fcategories&post=484"},{"taxonomy":"post_tag","embeddable":true,"href":"https:\/\/pfarrei-schwarzach-perasdorf.de\/index.php?rest_route=%2Fwp%2Fv2%2Ftags&post=484"}],"curies":[{"name":"wp","href":"https:\/\/api.w.org\/{rel}","templated":true}]}}