{"id":479,"date":"2016-08-16T15:19:15","date_gmt":"2016-08-16T13:19:15","guid":{"rendered":"http:\/\/pfarrei-schwarzach-perasdorf.de\/?p=479"},"modified":"2016-08-31T15:20:01","modified_gmt":"2016-08-31T13:20:01","slug":"hochfest-mariae-himmelfahrt","status":"publish","type":"post","link":"https:\/\/pfarrei-schwarzach-perasdorf.de\/?p=479","title":{"rendered":"Hochfest Mari\u00e4 Himmelfahrt"},"content":{"rendered":"<p><strong>Schwarzach(ml)<\/strong> Zum Hochfest Mari\u00e4 Himmelfahrt hatten sich am vergangenen Montag die Pfarrangeh\u00f6rigen von Sankt Martin in Schwarzach in der Pfarrkirche um den Gottesdienst zu Ehren der Mutter Gottes mitzufeiern. Vor Beginn des Gottesdienstes verkauften die Landfrauen von Schwarzach die sogennannten&#8220;Kr\u00e4uterbuschen&#8220;, die sie zuvor gesammelt hatten, bevor sie zu Str\u00e4u\u00dfen gebunden wurden. Dieser Brauch, an M\u00e4ria Himmelfahrt solche Kr\u00e4uterbuschen herzustellen, stammt aus einer Legende, wonach bei der Sarg\u00f6ffnung von Maria nur noch Rosenbl\u00e4tter und Kr\u00e4uter zu finden waren. Pater Paul, der diese Kr\u00e4uterbuschen segnete, stellte nat\u00fcrlich auch die Gottesmutter Maria in den Mittelpunkt seiner Predigt, die ihr Leben nach Gott ausrichtete. Mit der Frage, k\u00f6nnen wir dies auch von unserem Leben behaupten? beendete Pater Paul seine Predigt und fuhr mit der Zelebration des Gottesdienstes fort.<\/p>\n","protected":false},"excerpt":{"rendered":"<p>Schwarzach(ml) Zum Hochfest Mari\u00e4 Himmelfahrt hatten sich am vergangenen Montag die Pfarrangeh\u00f6rigen von Sankt Martin in Schwarzach in der Pfarrkirche um den Gottesdienst zu Ehren der Mutter Gottes mitzufeiern. Vor Beginn des Gottesdienstes verkauften die Landfrauen von Schwarzach die sogennannten&#8220;Kr\u00e4uterbuschen&#8220;, die sie zuvor gesammelt hatten, bevor sie zu Str\u00e4u\u00dfen gebunden wurden. Dieser Brauch, an M\u00e4ria &#8230; <span class=\"more\"><a class=\"more-link\" href=\"https:\/\/pfarrei-schwarzach-perasdorf.de\/?p=479\">[weiterlesen&#8230;]<\/a><\/span><\/p>\n","protected":false},"author":1,"featured_media":470,"comment_status":"closed","ping_status":"closed","sticky":false,"template":"","format":"standard","meta":{"footnotes":""},"categories":[6],"tags":[],"_links":{"self":[{"href":"https:\/\/pfarrei-schwarzach-perasdorf.de\/index.php?rest_route=\/wp\/v2\/posts\/479"}],"collection":[{"href":"https:\/\/pfarrei-schwarzach-perasdorf.de\/index.php?rest_route=\/wp\/v2\/posts"}],"about":[{"href":"https:\/\/pfarrei-schwarzach-perasdorf.de\/index.php?rest_route=\/wp\/v2\/types\/post"}],"author":[{"embeddable":true,"href":"https:\/\/pfarrei-schwarzach-perasdorf.de\/index.php?rest_route=\/wp\/v2\/users\/1"}],"replies":[{"embeddable":true,"href":"https:\/\/pfarrei-schwarzach-perasdorf.de\/index.php?rest_route=%2Fwp%2Fv2%2Fcomments&post=479"}],"version-history":[{"count":1,"href":"https:\/\/pfarrei-schwarzach-perasdorf.de\/index.php?rest_route=\/wp\/v2\/posts\/479\/revisions"}],"predecessor-version":[{"id":480,"href":"https:\/\/pfarrei-schwarzach-perasdorf.de\/index.php?rest_route=\/wp\/v2\/posts\/479\/revisions\/480"}],"wp:featuredmedia":[{"embeddable":true,"href":"https:\/\/pfarrei-schwarzach-perasdorf.de\/index.php?rest_route=\/wp\/v2\/media\/470"}],"wp:attachment":[{"href":"https:\/\/pfarrei-schwarzach-perasdorf.de\/index.php?rest_route=%2Fwp%2Fv2%2Fmedia&parent=479"}],"wp:term":[{"taxonomy":"category","embeddable":true,"href":"https:\/\/pfarrei-schwarzach-perasdorf.de\/index.php?rest_route=%2Fwp%2Fv2%2Fcategories&post=479"},{"taxonomy":"post_tag","embeddable":true,"href":"https:\/\/pfarrei-schwarzach-perasdorf.de\/index.php?rest_route=%2Fwp%2Fv2%2Ftags&post=479"}],"curies":[{"name":"wp","href":"https:\/\/api.w.org\/{rel}","templated":true}]}}