{"id":477,"date":"2016-07-24T15:18:51","date_gmt":"2016-07-24T13:18:51","guid":{"rendered":"http:\/\/pfarrei-schwarzach-perasdorf.de\/?p=477"},"modified":"2016-08-31T15:19:04","modified_gmt":"2016-08-31T13:19:04","slug":"gottes-schutz-fuer-fahrer-und-fahrzeuge","status":"publish","type":"post","link":"https:\/\/pfarrei-schwarzach-perasdorf.de\/?p=477","title":{"rendered":"Gottes Schutz f\u00fcr Fahrer und Fahrzeuge"},"content":{"rendered":"<p><strong>Schwarzach(ml)<\/strong> Zahlreiche Fahrzeughalter hatten sich am vergangenen Sonntag, der zugleich der Gedenktag f\u00fcr den hl. Christopherus, den Patron der Autofahrer, war, am Pfarrparkplatz in der Martinstra\u00dfe eingefunden, um den Segen Gottes zu erhalten. \u00a0Nach dem Gottesdienst sprach Pater Paul Segensgebete zu Gott und den Schutzheiligen und bat um Gottes Segen f\u00fcr alle Fahrer, Mitfahrer sowie f\u00fcr die Fahrzeuge, damit sie vor Gefahren und Unf\u00e4llen bewahrt bleiben, gerade zur beginnenden Urlaubszeit. Anschlie\u00dfend ging Pater Paul mit den Ministranten durch die Fahrzeugreihen in der Martinstra\u00dfe und besprengte sie mit Weihwasser.<\/p>\n","protected":false},"excerpt":{"rendered":"<p>Schwarzach(ml) Zahlreiche Fahrzeughalter hatten sich am vergangenen Sonntag, der zugleich der Gedenktag f\u00fcr den hl. Christopherus, den Patron der Autofahrer, war, am Pfarrparkplatz in der Martinstra\u00dfe eingefunden, um den Segen Gottes zu erhalten. \u00a0Nach dem Gottesdienst sprach Pater Paul Segensgebete zu Gott und den Schutzheiligen und bat um Gottes Segen f\u00fcr alle Fahrer, Mitfahrer sowie &#8230; <span class=\"more\"><a class=\"more-link\" href=\"https:\/\/pfarrei-schwarzach-perasdorf.de\/?p=477\">[weiterlesen&#8230;]<\/a><\/span><\/p>\n","protected":false},"author":1,"featured_media":469,"comment_status":"closed","ping_status":"closed","sticky":false,"template":"","format":"standard","meta":{"footnotes":""},"categories":[6],"tags":[],"_links":{"self":[{"href":"https:\/\/pfarrei-schwarzach-perasdorf.de\/index.php?rest_route=\/wp\/v2\/posts\/477"}],"collection":[{"href":"https:\/\/pfarrei-schwarzach-perasdorf.de\/index.php?rest_route=\/wp\/v2\/posts"}],"about":[{"href":"https:\/\/pfarrei-schwarzach-perasdorf.de\/index.php?rest_route=\/wp\/v2\/types\/post"}],"author":[{"embeddable":true,"href":"https:\/\/pfarrei-schwarzach-perasdorf.de\/index.php?rest_route=\/wp\/v2\/users\/1"}],"replies":[{"embeddable":true,"href":"https:\/\/pfarrei-schwarzach-perasdorf.de\/index.php?rest_route=%2Fwp%2Fv2%2Fcomments&post=477"}],"version-history":[{"count":1,"href":"https:\/\/pfarrei-schwarzach-perasdorf.de\/index.php?rest_route=\/wp\/v2\/posts\/477\/revisions"}],"predecessor-version":[{"id":478,"href":"https:\/\/pfarrei-schwarzach-perasdorf.de\/index.php?rest_route=\/wp\/v2\/posts\/477\/revisions\/478"}],"wp:featuredmedia":[{"embeddable":true,"href":"https:\/\/pfarrei-schwarzach-perasdorf.de\/index.php?rest_route=\/wp\/v2\/media\/469"}],"wp:attachment":[{"href":"https:\/\/pfarrei-schwarzach-perasdorf.de\/index.php?rest_route=%2Fwp%2Fv2%2Fmedia&parent=477"}],"wp:term":[{"taxonomy":"category","embeddable":true,"href":"https:\/\/pfarrei-schwarzach-perasdorf.de\/index.php?rest_route=%2Fwp%2Fv2%2Fcategories&post=477"},{"taxonomy":"post_tag","embeddable":true,"href":"https:\/\/pfarrei-schwarzach-perasdorf.de\/index.php?rest_route=%2Fwp%2Fv2%2Ftags&post=477"}],"curies":[{"name":"wp","href":"https:\/\/api.w.org\/{rel}","templated":true}]}}