{"id":475,"date":"2016-08-09T15:12:39","date_gmt":"2016-08-09T13:12:39","guid":{"rendered":"http:\/\/pfarrei-schwarzach-perasdorf.de\/?p=475"},"modified":"2016-08-31T15:17:25","modified_gmt":"2016-08-31T13:17:25","slug":"fuer-wen-gehst-oder-lebst-du","status":"publish","type":"post","link":"https:\/\/pfarrei-schwarzach-perasdorf.de\/?p=475","title":{"rendered":"F\u00fcr wen gehst oder lebst DU?"},"content":{"rendered":"<p><span style=\"font-family: Arial; font-size: small;\">Feier des 25j\u00e4hrigen Priesterjubil\u00e4ums von Franziskanerminorit Pater Paul<\/span><\/p>\n<p>Schwarzach(ml) Nachdem Anfang Juli das 25j\u00e4hrige Priesterjubil\u00e4um von Franziskanerminoriten Pater Paul in der Pfarrei Perasdorf<\/p>\n<p>gefeiert wurde, versammelte sich die Schwarzacher Pfarrgemeinde am vergangenen Sonntag zu einem feierlichen Gottesdienst in ihrer Pfarrkirche Sankt Martin.<\/p>\n<p>Musikalisch gestaltet wurde dieser Festgottesdienst dem Anlass entsprechend mit rythmischen Liedern vom Lobpreis-Team.<\/p>\n<p>Pater Paul, einer der \u00a04 Patres, der auf dem Bogenberg ans\u00e4ssigen, aus Polen stammenden, zur Unterst\u00fctzung der Franziskanerminoriten u. seit drei Jahren auch in der Pfarreiengemeinschaft Schwarzach-Perasdorf t\u00e4tig, feierte in Konzelebration mit Pfr. Alfons Dirscherl, Pfr.<\/p>\n<p>Hans Trimpl sowie Gemeindereferentin Stefanie Trottmann sein 25j\u00e4hriges Priesterjubil\u00e4um.<\/p>\n<p>Pater Paul Salamon OFMConv. so steht es auf seinem Jubil\u00e4umsbild, wurde im Juni 1991 in Krakau zum Priester geweiht, so sagte zum<\/p>\n<p>Anfang seiner Festpredigt Pfr. Alfons Dirscherl. In einer kleinen Geschichte berichtete Pfr. Dirscherl von einem Rabbi und einem W\u00e4chter, in der es um die Frage ging: F\u00fcr wen gehtst oder lebst Du? \u00a0Diese Sinnfrage habe Pater Paul eindeutig beantwortet. Mit deinem: Ich bin bereit zu Gehen f\u00fcr und mit Gott, auch in eine neue Zukunft und nicht zuletzt auch f\u00fcr Maria und seinem Ordensgr\u00fcnder Franziskus von<\/p>\n<p>Assisi. Und so st\u00e4rkt Er auch das deutsch-polnische Verh\u00e4ltnis, wie es Gemeindereferentin Stefanie Trottmann beim Einstecken von den Landesf\u00e4hnchen symbolisch darstellte. Pfr. Dirscherl bedankte sich bei Pater Paul ganz pers\u00f6nlich f\u00fcr die von Anfang an vertrauensvolle Zusammenarbeit und das gute Miteinander zum Wohle der ganzen Pfarrei Schwarzach, bzw- Perasdorf, insbesondere auch f\u00fcr die schnelle Integration, denn mittlerweile kann Pater Paul schon mit sehr guten Bayerischkenntnissen aufwarten.<\/p>\n<p>Auch Pfarrgemeinderatssprecherin Beate Tremmel schloss sich den Dankesworten an u. sagte, da\u00df es f\u00fcr die Pfarreiengemeinschaft eine Freude ist, solch einen herzlichen Menschen als Seelsorger zu haben und man sp\u00fcrt, da\u00df der Glaube ihm dazu die n\u00f6tige Kraft gibt,<\/p>\n<p>nicht aufzugeben, nach vorne zu schauen und nicht zuletzt den Menschen ein Gef\u00fchl von Geborgenheit und Zusammenhalt in Gott gibt.<\/p>\n<p>Zum Dank und als Anerkennung \u00fcberreichte sie Ihm im Namen der Pfarrei einen Blumenstrau\u00df und ein Geldpr\u00e4sent.<\/p>\n<p>Auch f\u00fcr die Ministranten von Schwarzach \u00fcberreichte Oberministrant Adrian Murrer an den Jubilar einen Blumengeschenk.<\/p>\n<p>Nach diesem Gottesdienst wurde beim Gartenfest des Trachtenvereins&#8220;Hirschenstein&#8220;Schwarzach die weltliche Feier bei Mittagessen sowie Kaffee und Kuchen fortgesetzt.<\/p>\n","protected":false},"excerpt":{"rendered":"<p>Feier des 25j\u00e4hrigen Priesterjubil\u00e4ums von Franziskanerminorit Pater Paul Schwarzach(ml) Nachdem Anfang Juli das 25j\u00e4hrige Priesterjubil\u00e4um von Franziskanerminoriten Pater Paul in der Pfarrei Perasdorf gefeiert wurde, versammelte sich die Schwarzacher Pfarrgemeinde am vergangenen Sonntag zu einem feierlichen Gottesdienst in ihrer Pfarrkirche Sankt Martin. Musikalisch gestaltet wurde dieser Festgottesdienst dem Anlass entsprechend mit rythmischen Liedern vom Lobpreis-Team. &#8230; <span class=\"more\"><a class=\"more-link\" href=\"https:\/\/pfarrei-schwarzach-perasdorf.de\/?p=475\">[weiterlesen&#8230;]<\/a><\/span><\/p>\n","protected":false},"author":1,"featured_media":468,"comment_status":"closed","ping_status":"closed","sticky":false,"template":"","format":"standard","meta":{"footnotes":""},"categories":[6],"tags":[],"_links":{"self":[{"href":"https:\/\/pfarrei-schwarzach-perasdorf.de\/index.php?rest_route=\/wp\/v2\/posts\/475"}],"collection":[{"href":"https:\/\/pfarrei-schwarzach-perasdorf.de\/index.php?rest_route=\/wp\/v2\/posts"}],"about":[{"href":"https:\/\/pfarrei-schwarzach-perasdorf.de\/index.php?rest_route=\/wp\/v2\/types\/post"}],"author":[{"embeddable":true,"href":"https:\/\/pfarrei-schwarzach-perasdorf.de\/index.php?rest_route=\/wp\/v2\/users\/1"}],"replies":[{"embeddable":true,"href":"https:\/\/pfarrei-schwarzach-perasdorf.de\/index.php?rest_route=%2Fwp%2Fv2%2Fcomments&post=475"}],"version-history":[{"count":1,"href":"https:\/\/pfarrei-schwarzach-perasdorf.de\/index.php?rest_route=\/wp\/v2\/posts\/475\/revisions"}],"predecessor-version":[{"id":476,"href":"https:\/\/pfarrei-schwarzach-perasdorf.de\/index.php?rest_route=\/wp\/v2\/posts\/475\/revisions\/476"}],"wp:featuredmedia":[{"embeddable":true,"href":"https:\/\/pfarrei-schwarzach-perasdorf.de\/index.php?rest_route=\/wp\/v2\/media\/468"}],"wp:attachment":[{"href":"https:\/\/pfarrei-schwarzach-perasdorf.de\/index.php?rest_route=%2Fwp%2Fv2%2Fmedia&parent=475"}],"wp:term":[{"taxonomy":"category","embeddable":true,"href":"https:\/\/pfarrei-schwarzach-perasdorf.de\/index.php?rest_route=%2Fwp%2Fv2%2Fcategories&post=475"},{"taxonomy":"post_tag","embeddable":true,"href":"https:\/\/pfarrei-schwarzach-perasdorf.de\/index.php?rest_route=%2Fwp%2Fv2%2Ftags&post=475"}],"curies":[{"name":"wp","href":"https:\/\/api.w.org\/{rel}","templated":true}]}}