{"id":457,"date":"2016-06-11T19:22:50","date_gmt":"2016-06-11T17:22:50","guid":{"rendered":"http:\/\/pfarrei-schwarzach-perasdorf.de\/?p=457"},"modified":"2016-07-06T19:26:45","modified_gmt":"2016-07-06T17:26:45","slug":"vaterunser-uebergabe","status":"publish","type":"post","link":"https:\/\/pfarrei-schwarzach-perasdorf.de\/?p=457","title":{"rendered":"Vaterunser-\u00dcbergabe"},"content":{"rendered":"<p>Ein besonderes Ereignis f\u00fcr 10 M\u00e4dchen und Buben der 1.Klasse an der Grundschule Schwarzach war die &#8222;Vaterunser-\u00dcbergabe&#8220; am vergangenen Samstag im Vorabendgottesdienst. Dem vorausgegangen war am Vormittag, der Vaterunser-Tag, in dem Gemeindereferentin Stefanie Trottmann u. Mitglieder des Familiengottesdienstteams die Kinder in diese Thematik mit Singen, Basteln u. Brot backen einf\u00fchrten, sowie auch die Kinder anleiteten, sich das &#8222;Vaterunser&#8220; als Gebet einzupr\u00e4gen. Der Abschlu\u00df dieses Tag war dann der miteinander gefeierte Gottesdienst, den die Kinder symbolisch mitgestalteteten und zum Schlu\u00df des Gottesdienstes das &#8222;Vaterunser&#8220;, das wichtigste Gebet der Christen, auf einem Schmuckblatt, von Pfarrer Alfosn Dirscherl \u00fcberreicht bekamen.<\/p>\n<p><img loading=\"lazy\" decoding=\"async\" class=\"aligncenter size-full wp-image-458\" src=\"http:\/\/pfarrei-schwarzach-perasdorf.de\/wp-content\/uploads\/2016\/07\/011-e1467825895689.jpg\" alt=\"011\" width=\"800\" height=\"600\" \/>Das Foto zeigt die Kinder mit Gemeindereferentin Stefanie Trottmann, Pfarrer Alfons Dirscherl und den beiden Lehrerinnen Fr.Grieb u. Fr. Bogner.<\/p>\n","protected":false},"excerpt":{"rendered":"<p>Ein besonderes Ereignis f\u00fcr 10 M\u00e4dchen und Buben der 1.Klasse an der Grundschule Schwarzach war die &#8222;Vaterunser-\u00dcbergabe&#8220; am vergangenen Samstag im Vorabendgottesdienst. Dem vorausgegangen war am Vormittag, der Vaterunser-Tag, in dem Gemeindereferentin Stefanie Trottmann u. Mitglieder des Familiengottesdienstteams die Kinder in diese Thematik mit Singen, Basteln u. Brot backen einf\u00fchrten, sowie auch die Kinder anleiteten, &#8230; <span class=\"more\"><a class=\"more-link\" href=\"https:\/\/pfarrei-schwarzach-perasdorf.de\/?p=457\">[weiterlesen&#8230;]<\/a><\/span><\/p>\n","protected":false},"author":1,"featured_media":0,"comment_status":"closed","ping_status":"closed","sticky":false,"template":"","format":"standard","meta":{"footnotes":""},"categories":[6],"tags":[],"_links":{"self":[{"href":"https:\/\/pfarrei-schwarzach-perasdorf.de\/index.php?rest_route=\/wp\/v2\/posts\/457"}],"collection":[{"href":"https:\/\/pfarrei-schwarzach-perasdorf.de\/index.php?rest_route=\/wp\/v2\/posts"}],"about":[{"href":"https:\/\/pfarrei-schwarzach-perasdorf.de\/index.php?rest_route=\/wp\/v2\/types\/post"}],"author":[{"embeddable":true,"href":"https:\/\/pfarrei-schwarzach-perasdorf.de\/index.php?rest_route=\/wp\/v2\/users\/1"}],"replies":[{"embeddable":true,"href":"https:\/\/pfarrei-schwarzach-perasdorf.de\/index.php?rest_route=%2Fwp%2Fv2%2Fcomments&post=457"}],"version-history":[{"count":1,"href":"https:\/\/pfarrei-schwarzach-perasdorf.de\/index.php?rest_route=\/wp\/v2\/posts\/457\/revisions"}],"predecessor-version":[{"id":460,"href":"https:\/\/pfarrei-schwarzach-perasdorf.de\/index.php?rest_route=\/wp\/v2\/posts\/457\/revisions\/460"}],"wp:attachment":[{"href":"https:\/\/pfarrei-schwarzach-perasdorf.de\/index.php?rest_route=%2Fwp%2Fv2%2Fmedia&parent=457"}],"wp:term":[{"taxonomy":"category","embeddable":true,"href":"https:\/\/pfarrei-schwarzach-perasdorf.de\/index.php?rest_route=%2Fwp%2Fv2%2Fcategories&post=457"},{"taxonomy":"post_tag","embeddable":true,"href":"https:\/\/pfarrei-schwarzach-perasdorf.de\/index.php?rest_route=%2Fwp%2Fv2%2Ftags&post=457"}],"curies":[{"name":"wp","href":"https:\/\/api.w.org\/{rel}","templated":true}]}}