{"id":454,"date":"2016-06-07T19:16:39","date_gmt":"2016-06-07T17:16:39","guid":{"rendered":"http:\/\/pfarrei-schwarzach-perasdorf.de\/?p=454"},"modified":"2016-07-06T19:20:08","modified_gmt":"2016-07-06T17:20:08","slug":"neue-urnengraeber-gesegnet","status":"publish","type":"post","link":"https:\/\/pfarrei-schwarzach-perasdorf.de\/?p=454","title":{"rendered":"Neue Urnengr\u00e4ber gesegnet"},"content":{"rendered":"<p>Ein langgehegter Wunsch aus der Schwarzacher Bev\u00f6lkerung hat sich nun erf\u00fcllt, n\u00e4mlich die Errichtung von Urnengr\u00e4bern auf dem neuen Schwarzacher Friedhof, die nun am vergangenen Sonntag den kirchlichen Segen durch Pfarrer Alfons Dirscherl erhielten. \u00a0Diese Urnengr\u00e4ber konnten relativ kosteng\u00fcnstig errichtet werden, da der gr\u00f6\u00dfte Teil der Arbeiten durch den Bauhof in Eigenleistung durchgef\u00fchrt wurde. In Anwesenheit von 1.B\u00fcrgermeister Georg Edbauer, 2.B\u00fcrgermeister Christian Meier u. Marktgemeinder\u00e4ten, sowie den kirchlichen Gremien PGR u. KV \u00fcbergab Pfarrer Alfons Dirscherl diese Gr\u00e4ber ihrer Bestimmung. B\u00fcrgermeister Georg Edbauer zeigte sich besonders erfreut dar\u00fcber, dass nun nach vielen Jahren ein weiterer Wunsch der Schwarzacher B\u00fcrger in die Realit\u00e4t umgesetzt werden konnte.<\/p>\n<p>&nbsp;<\/p>\n","protected":false},"excerpt":{"rendered":"<p>Ein langgehegter Wunsch aus der Schwarzacher Bev\u00f6lkerung hat sich nun erf\u00fcllt, n\u00e4mlich die Errichtung von Urnengr\u00e4bern auf dem neuen Schwarzacher Friedhof, die nun am vergangenen Sonntag den kirchlichen Segen durch Pfarrer Alfons Dirscherl erhielten. \u00a0Diese Urnengr\u00e4ber konnten relativ kosteng\u00fcnstig errichtet werden, da der gr\u00f6\u00dfte Teil der Arbeiten durch den Bauhof in Eigenleistung durchgef\u00fchrt wurde. In &#8230; <span class=\"more\"><a class=\"more-link\" href=\"https:\/\/pfarrei-schwarzach-perasdorf.de\/?p=454\">[weiterlesen&#8230;]<\/a><\/span><\/p>\n","protected":false},"author":1,"featured_media":455,"comment_status":"closed","ping_status":"closed","sticky":false,"template":"","format":"standard","meta":{"footnotes":""},"categories":[6],"tags":[],"_links":{"self":[{"href":"https:\/\/pfarrei-schwarzach-perasdorf.de\/index.php?rest_route=\/wp\/v2\/posts\/454"}],"collection":[{"href":"https:\/\/pfarrei-schwarzach-perasdorf.de\/index.php?rest_route=\/wp\/v2\/posts"}],"about":[{"href":"https:\/\/pfarrei-schwarzach-perasdorf.de\/index.php?rest_route=\/wp\/v2\/types\/post"}],"author":[{"embeddable":true,"href":"https:\/\/pfarrei-schwarzach-perasdorf.de\/index.php?rest_route=\/wp\/v2\/users\/1"}],"replies":[{"embeddable":true,"href":"https:\/\/pfarrei-schwarzach-perasdorf.de\/index.php?rest_route=%2Fwp%2Fv2%2Fcomments&post=454"}],"version-history":[{"count":1,"href":"https:\/\/pfarrei-schwarzach-perasdorf.de\/index.php?rest_route=\/wp\/v2\/posts\/454\/revisions"}],"predecessor-version":[{"id":456,"href":"https:\/\/pfarrei-schwarzach-perasdorf.de\/index.php?rest_route=\/wp\/v2\/posts\/454\/revisions\/456"}],"wp:featuredmedia":[{"embeddable":true,"href":"https:\/\/pfarrei-schwarzach-perasdorf.de\/index.php?rest_route=\/wp\/v2\/media\/455"}],"wp:attachment":[{"href":"https:\/\/pfarrei-schwarzach-perasdorf.de\/index.php?rest_route=%2Fwp%2Fv2%2Fmedia&parent=454"}],"wp:term":[{"taxonomy":"category","embeddable":true,"href":"https:\/\/pfarrei-schwarzach-perasdorf.de\/index.php?rest_route=%2Fwp%2Fv2%2Fcategories&post=454"},{"taxonomy":"post_tag","embeddable":true,"href":"https:\/\/pfarrei-schwarzach-perasdorf.de\/index.php?rest_route=%2Fwp%2Fv2%2Ftags&post=454"}],"curies":[{"name":"wp","href":"https:\/\/api.w.org\/{rel}","templated":true}]}}