{"id":450,"date":"2016-08-31T14:00:13","date_gmt":"2016-08-31T12:00:13","guid":{"rendered":"http:\/\/pfarrei-schwarzach-perasdorf.de\/?p=450"},"modified":"2016-08-31T16:04:01","modified_gmt":"2016-08-31T14:04:01","slug":"herzlich-willkommen-auf-der-homepage-der-pfarreiengemeinschaft-st-martin-und-st-laurentius","status":"publish","type":"post","link":"https:\/\/pfarrei-schwarzach-perasdorf.de\/?p=450","title":{"rendered":"Herzlich willkommen auf der Homepage der Pfarreiengemeinschaft St.Martin und St.Laurentius"},"content":{"rendered":"<p>Unsere Pfarrei ist ein Teil der Pfarreiengemeinschaft Schwarzach und Perasdorf und geh\u00f6rt zum Dekanat Bogenberg-Pondorf, Bistum\u00a0Regensburg.<\/p>\n<p>Wir freuen uns \u00fcber Ihr Interesse und m\u00f6chten Sie mit dieser Seite \u00fcber unser Pfarreileben, \u00fcber das Gottesdienstangebot und weitere Veranstaltungen informieren!<\/p>\n<p>Diese Homepage befindet sich noch immer im Aufbau und wird in der n\u00e4chsten Zeit weiter ausgebaut werden.<\/p>\n<p>&nbsp;<\/p>\n<p>Unsere sch\u00f6nen Kirchen bieten auch \u00fcber die Gottesdienstzeiten hinaus Gelegenheit zum Innehalten, zum Gebet und zum Auftanken.<\/p>\n<p>Wir hoffen, dass Sie sich von unseren spirituellen Angeboten angesprochen f\u00fchlen und laden Sie herzlichst dazu ein.<\/p>\n","protected":false},"excerpt":{"rendered":"<p>Unsere Pfarrei ist ein Teil der Pfarreiengemeinschaft Schwarzach und Perasdorf und geh\u00f6rt zum Dekanat Bogenberg-Pondorf, Bistum\u00a0Regensburg. Wir freuen uns \u00fcber Ihr Interesse und m\u00f6chten Sie mit dieser Seite \u00fcber unser Pfarreileben, \u00fcber das Gottesdienstangebot und weitere Veranstaltungen informieren! Diese Homepage befindet sich noch immer im Aufbau und wird in der n\u00e4chsten Zeit weiter ausgebaut werden. &#8230; <span class=\"more\"><a class=\"more-link\" href=\"https:\/\/pfarrei-schwarzach-perasdorf.de\/?p=450\">[weiterlesen&#8230;]<\/a><\/span><\/p>\n","protected":false},"author":1,"featured_media":0,"comment_status":"closed","ping_status":"closed","sticky":false,"template":"","format":"standard","meta":{"footnotes":""},"categories":[6],"tags":[],"_links":{"self":[{"href":"https:\/\/pfarrei-schwarzach-perasdorf.de\/index.php?rest_route=\/wp\/v2\/posts\/450"}],"collection":[{"href":"https:\/\/pfarrei-schwarzach-perasdorf.de\/index.php?rest_route=\/wp\/v2\/posts"}],"about":[{"href":"https:\/\/pfarrei-schwarzach-perasdorf.de\/index.php?rest_route=\/wp\/v2\/types\/post"}],"author":[{"embeddable":true,"href":"https:\/\/pfarrei-schwarzach-perasdorf.de\/index.php?rest_route=\/wp\/v2\/users\/1"}],"replies":[{"embeddable":true,"href":"https:\/\/pfarrei-schwarzach-perasdorf.de\/index.php?rest_route=%2Fwp%2Fv2%2Fcomments&post=450"}],"version-history":[{"count":5,"href":"https:\/\/pfarrei-schwarzach-perasdorf.de\/index.php?rest_route=\/wp\/v2\/posts\/450\/revisions"}],"predecessor-version":[{"id":512,"href":"https:\/\/pfarrei-schwarzach-perasdorf.de\/index.php?rest_route=\/wp\/v2\/posts\/450\/revisions\/512"}],"wp:attachment":[{"href":"https:\/\/pfarrei-schwarzach-perasdorf.de\/index.php?rest_route=%2Fwp%2Fv2%2Fmedia&parent=450"}],"wp:term":[{"taxonomy":"category","embeddable":true,"href":"https:\/\/pfarrei-schwarzach-perasdorf.de\/index.php?rest_route=%2Fwp%2Fv2%2Fcategories&post=450"},{"taxonomy":"post_tag","embeddable":true,"href":"https:\/\/pfarrei-schwarzach-perasdorf.de\/index.php?rest_route=%2Fwp%2Fv2%2Ftags&post=450"}],"curies":[{"name":"wp","href":"https:\/\/api.w.org\/{rel}","templated":true}]}}