{"id":3749,"date":"2026-04-29T22:28:43","date_gmt":"2026-04-29T20:28:43","guid":{"rendered":"https:\/\/pfarrei-schwarzach-perasdorf.de\/?p=3749"},"modified":"2026-04-29T22:28:45","modified_gmt":"2026-04-29T20:28:45","slug":"unter-dem-thema-ich-bin-der-weinstock-feiern-21-kinder-erstkommunion","status":"publish","type":"post","link":"https:\/\/pfarrei-schwarzach-perasdorf.de\/?p=3749","title":{"rendered":"Unter dem Thema: \u201eIch bin der Weinstock\u201c feiern 21 Kinder Erstkommunion"},"content":{"rendered":"\n<p>Ein gro\u00dfer Tag war es nicht nur f\u00fcr die Pfarrei St. Martin Schwarzach, sondern auf f\u00fcr 10 M\u00e4dchen und 11 Jungen. Sie haben zum ersten Mal die Heilige Kommunion empfangen. Seit Wochen wurden die Kinder im Religionsunterricht, in den Weggottesdiensten, in den Tischgruppen, dem Beichtfest unter dem Motto \u201eIch bin der Weinstock \u2013 Ihr seid die Reben\u201c von Pfarrer Hans-J\u00fcrgen Koller, Gemeindereferent Martin Bartlreiher und den Tischgruppenleiterinnen auf diesen besonderen Tag in ihrem Leben vorbereitet. Die Eltern der Erstkommunionkinder begleiteten die Projekte tatkr\u00e4ftig mit ihrer Unterst\u00fctzung. Beim Beichtfest lernten die Kinder zum ersten Mal zu beichten und in den Vers\u00f6hnungsgeschichten, wie z. B. dem barmherzigen Vater oder dem Z\u00f6llner Zach\u00e4us, wie Vers\u00f6hnung in den Augen Gottes geschieht.<\/p>\n\n\n\n<p>Mit Stolz trugen nun beim Erstkommuniongottesdienst die Kinder ihre selbstgebastelte Erstkommunionkerze in die voll besetzte Pfarrkirche St. Martin in Schwarzach und entz\u00fcndeten ihre Kerze an der gro\u00dfen Osterkerze. In einem sehr lebendigen Gottesdienst wurden die Kinder bei verschiedenen Bereichen des Gottesdienstes aktiv mit einbezogen. So konnten die Kinder unter anderem in das Motto der Erstkommunion einf\u00fchren, die Kyrie-Rufe,&nbsp; die F\u00fcrbitten und das Dankgebet mitgestalten.<\/p>\n\n\n\n<p>Pfarrer Hans-J\u00fcrgen Koller erinnerte in seiner Predigt, wie wichtig es ist mit Jesus, dem Weinstock ein Leben lang in Verbindung zu bleiben. Aus dieser Verbindung heraus k\u00f6nnen die Kinder ihr Leben gestalten und aktiv zu einer besseren Welt beitragen. Wichtig dabei sei, dass die Eltern ihre Kinder auf diesem Weg mit ihrem guten Beispiel und als Vorbild begleiten.<\/p>\n\n\n\n<p>Besonders bedankte sich Pfarrer Koller bei der Grundschule Schwarzach f\u00fcr die stets hervorragende Zusammenarbeit und die breite Unterst\u00fctzung des Erstkommunionweges f\u00fcr die Pfarrei St. Martin Schwarzach. So tragen sowohl die Schule mit den Religionslehrerinnen und die Pfarrgemeinde zum Gelingen der Erstkommunion bei.<\/p>\n\n\n\n<p>Musikalisch wurde der Gottesdienst vom \u201eJona-Chor\u201c stimmungsvoll begleitet.<\/p>\n\n\n\n<p>Text: Hans-J\u00fcrgen Koller Foto: Norbert Neuhofer<\/p>\n\n\n\n<p><\/p>\n\n\n\n<figure class=\"wp-block-image size-large\"><img loading=\"lazy\" decoding=\"async\" width=\"1024\" height=\"684\" src=\"https:\/\/pfarrei-schwarzach-perasdorf.de\/wp-content\/uploads\/2026\/04\/Hl.-Erstkommunion-Schwarzach-Foto-Neuhofer-1024x684.jpg\" alt=\"\" class=\"wp-image-3750\" srcset=\"https:\/\/pfarrei-schwarzach-perasdorf.de\/wp-content\/uploads\/2026\/04\/Hl.-Erstkommunion-Schwarzach-Foto-Neuhofer-1024x684.jpg 1024w, https:\/\/pfarrei-schwarzach-perasdorf.de\/wp-content\/uploads\/2026\/04\/Hl.-Erstkommunion-Schwarzach-Foto-Neuhofer-300x201.jpg 300w, https:\/\/pfarrei-schwarzach-perasdorf.de\/wp-content\/uploads\/2026\/04\/Hl.-Erstkommunion-Schwarzach-Foto-Neuhofer-150x100.jpg 150w, https:\/\/pfarrei-schwarzach-perasdorf.de\/wp-content\/uploads\/2026\/04\/Hl.-Erstkommunion-Schwarzach-Foto-Neuhofer-768x513.jpg 768w, https:\/\/pfarrei-schwarzach-perasdorf.de\/wp-content\/uploads\/2026\/04\/Hl.-Erstkommunion-Schwarzach-Foto-Neuhofer-1536x1027.jpg 1536w, https:\/\/pfarrei-schwarzach-perasdorf.de\/wp-content\/uploads\/2026\/04\/Hl.-Erstkommunion-Schwarzach-Foto-Neuhofer-2048x1369.jpg 2048w\" sizes=\"(max-width: 1024px) 100vw, 1024px\" \/><\/figure>\n","protected":false},"excerpt":{"rendered":"<p>Ein gro\u00dfer Tag war es nicht nur f\u00fcr die Pfarrei St. Martin Schwarzach, sondern auf f\u00fcr 10 M\u00e4dchen und 11 Jungen. Sie haben zum ersten Mal die Heilige Kommunion empfangen. Seit Wochen wurden die Kinder im Religionsunterricht, in den Weggottesdiensten, in den Tischgruppen, dem Beichtfest unter dem Motto \u201eIch bin der Weinstock \u2013 Ihr seid &#8230; <span class=\"more\"><a class=\"more-link\" href=\"https:\/\/pfarrei-schwarzach-perasdorf.de\/?p=3749\">[weiterlesen&#8230;]<\/a><\/span><\/p>\n","protected":false},"author":10,"featured_media":3750,"comment_status":"closed","ping_status":"closed","sticky":false,"template":"","format":"standard","meta":{"footnotes":""},"categories":[6],"tags":[],"_links":{"self":[{"href":"https:\/\/pfarrei-schwarzach-perasdorf.de\/index.php?rest_route=\/wp\/v2\/posts\/3749"}],"collection":[{"href":"https:\/\/pfarrei-schwarzach-perasdorf.de\/index.php?rest_route=\/wp\/v2\/posts"}],"about":[{"href":"https:\/\/pfarrei-schwarzach-perasdorf.de\/index.php?rest_route=\/wp\/v2\/types\/post"}],"author":[{"embeddable":true,"href":"https:\/\/pfarrei-schwarzach-perasdorf.de\/index.php?rest_route=\/wp\/v2\/users\/10"}],"replies":[{"embeddable":true,"href":"https:\/\/pfarrei-schwarzach-perasdorf.de\/index.php?rest_route=%2Fwp%2Fv2%2Fcomments&post=3749"}],"version-history":[{"count":1,"href":"https:\/\/pfarrei-schwarzach-perasdorf.de\/index.php?rest_route=\/wp\/v2\/posts\/3749\/revisions"}],"predecessor-version":[{"id":3751,"href":"https:\/\/pfarrei-schwarzach-perasdorf.de\/index.php?rest_route=\/wp\/v2\/posts\/3749\/revisions\/3751"}],"wp:featuredmedia":[{"embeddable":true,"href":"https:\/\/pfarrei-schwarzach-perasdorf.de\/index.php?rest_route=\/wp\/v2\/media\/3750"}],"wp:attachment":[{"href":"https:\/\/pfarrei-schwarzach-perasdorf.de\/index.php?rest_route=%2Fwp%2Fv2%2Fmedia&parent=3749"}],"wp:term":[{"taxonomy":"category","embeddable":true,"href":"https:\/\/pfarrei-schwarzach-perasdorf.de\/index.php?rest_route=%2Fwp%2Fv2%2Fcategories&post=3749"},{"taxonomy":"post_tag","embeddable":true,"href":"https:\/\/pfarrei-schwarzach-perasdorf.de\/index.php?rest_route=%2Fwp%2Fv2%2Ftags&post=3749"}],"curies":[{"name":"wp","href":"https:\/\/api.w.org\/{rel}","templated":true}]}}