{"id":3747,"date":"2026-04-29T22:22:30","date_gmt":"2026-04-29T20:22:30","guid":{"rendered":"https:\/\/pfarrei-schwarzach-perasdorf.de\/?p=3747"},"modified":"2026-04-29T22:22:31","modified_gmt":"2026-04-29T20:22:31","slug":"sechs-maedchen-feiern-ihre-erste-heilige-kommunion-in-der-pfarrkirche-st-laurentius-in-perasdorf","status":"publish","type":"post","link":"https:\/\/pfarrei-schwarzach-perasdorf.de\/?p=3747","title":{"rendered":"Sechs M\u00e4dchen feiern ihre Erste Heilige Kommunion in der Pfarrkirche St Laurentius in Perasdorf"},"content":{"rendered":"\n<p>Perasdorf. Am vergangenen Sonntag feierten sechs M\u00e4dchen in der Pfarrgemeinde Perasdorf ihre Erste Heilige Kommunion. Unter dem Leitwort \u201eIch bin der Weinstock, ihr seid die Reben\u201c stand dieser besondere Tag ganz im Zeichen der Gemeinschaft und der Verbundenheit mit Jesus Christus.<\/p>\n\n\n\n<p>Die feierliche Messe wurde von den Kinder mit Pfarrer Koller, Gemeindereferent Martin Bartelreiher und dem Chor Laurentiusspatzen liebevoll gestaltet und bot den Kommunionkindern sowie ihren Familien einen unvergesslichen Rahmen f\u00fcr diesen wichtigen Schritt im Glaubensleben. Die sechs M\u00e4dchen traten erstmals an den Tisch des Herrn und wurden dabei von ihren Angeh\u00f6rigen und der Gemeinde begleitet.<\/p>\n\n\n\n<p>Intensiv vorbereitet wurden die Kinder in den vergangenen Wochen durch gemeinsame Weggottesdienste, die vom Gemeindereferenten Martin Bartelreiher gestaltet wurden. Diese boten den M\u00e4dchen die M\u00f6glichkeit, sich Schritt f\u00fcr Schritt mit den Inhalten des Glaubens auseinanderzusetzen. Erg\u00e4nzt wurde die Vorbereitung durch regelm\u00e4\u00dfige Kommunionstunden im Pfarrheim, in denen Gemeinschaft, Glaube und Freude im Mittelpunkt standen.<\/p>\n\n\n\n<p>Ein besonderes Zeichen der Gemeinschaft war, dass die M\u00e4dchen die Vorbereitungszeit gemeinsam durchliefen und so als Gruppe zusammenwuchsen. Mit viel Engagement und Begeisterung waren sie bei den Treffen dabei und gestalteten auch den Gottesdienst aktiv mit.<\/p>\n\n\n\n<p>Die Pfarrgemeinde Perasdorf w\u00fcnscht den Kommunionkindern alles Gute und Gottes Segen f\u00fcr ihren weiteren Lebens- und Glaubensweg.<\/p>\n\n\n\n<p>Text: Kerstin Schedlbauer<\/p>\n","protected":false},"excerpt":{"rendered":"<p>Perasdorf. Am vergangenen Sonntag feierten sechs M\u00e4dchen in der Pfarrgemeinde Perasdorf ihre Erste Heilige Kommunion. Unter dem Leitwort \u201eIch bin der Weinstock, ihr seid die Reben\u201c stand dieser besondere Tag ganz im Zeichen der Gemeinschaft und der Verbundenheit mit Jesus Christus. Die feierliche Messe wurde von den Kinder mit Pfarrer Koller, Gemeindereferent Martin Bartelreiher und &#8230; <span class=\"more\"><a class=\"more-link\" href=\"https:\/\/pfarrei-schwarzach-perasdorf.de\/?p=3747\">[weiterlesen&#8230;]<\/a><\/span><\/p>\n","protected":false},"author":10,"featured_media":0,"comment_status":"closed","ping_status":"closed","sticky":false,"template":"","format":"standard","meta":{"footnotes":""},"categories":[6],"tags":[],"_links":{"self":[{"href":"https:\/\/pfarrei-schwarzach-perasdorf.de\/index.php?rest_route=\/wp\/v2\/posts\/3747"}],"collection":[{"href":"https:\/\/pfarrei-schwarzach-perasdorf.de\/index.php?rest_route=\/wp\/v2\/posts"}],"about":[{"href":"https:\/\/pfarrei-schwarzach-perasdorf.de\/index.php?rest_route=\/wp\/v2\/types\/post"}],"author":[{"embeddable":true,"href":"https:\/\/pfarrei-schwarzach-perasdorf.de\/index.php?rest_route=\/wp\/v2\/users\/10"}],"replies":[{"embeddable":true,"href":"https:\/\/pfarrei-schwarzach-perasdorf.de\/index.php?rest_route=%2Fwp%2Fv2%2Fcomments&post=3747"}],"version-history":[{"count":1,"href":"https:\/\/pfarrei-schwarzach-perasdorf.de\/index.php?rest_route=\/wp\/v2\/posts\/3747\/revisions"}],"predecessor-version":[{"id":3748,"href":"https:\/\/pfarrei-schwarzach-perasdorf.de\/index.php?rest_route=\/wp\/v2\/posts\/3747\/revisions\/3748"}],"wp:attachment":[{"href":"https:\/\/pfarrei-schwarzach-perasdorf.de\/index.php?rest_route=%2Fwp%2Fv2%2Fmedia&parent=3747"}],"wp:term":[{"taxonomy":"category","embeddable":true,"href":"https:\/\/pfarrei-schwarzach-perasdorf.de\/index.php?rest_route=%2Fwp%2Fv2%2Fcategories&post=3747"},{"taxonomy":"post_tag","embeddable":true,"href":"https:\/\/pfarrei-schwarzach-perasdorf.de\/index.php?rest_route=%2Fwp%2Fv2%2Ftags&post=3747"}],"curies":[{"name":"wp","href":"https:\/\/api.w.org\/{rel}","templated":true}]}}