{"id":3743,"date":"2026-04-29T22:17:48","date_gmt":"2026-04-29T20:17:48","guid":{"rendered":"https:\/\/pfarrei-schwarzach-perasdorf.de\/?p=3743"},"modified":"2026-04-29T22:19:13","modified_gmt":"2026-04-29T20:19:13","slug":"gottesdienst-und-fruehstueck","status":"publish","type":"post","link":"https:\/\/pfarrei-schwarzach-perasdorf.de\/?p=3743","title":{"rendered":"Gottesdienst und Fr\u00fchst\u00fcck"},"content":{"rendered":"\n<p>Seit gut eineinhalb Jahren gibt es in der Klinikkapelle der Pfarrei Schwarzach ein besonderes Gottesdienstangebot. Jeden Freitag treffen sich die Gottesdienstbesucher um 9.30 Uhr zu einem sehr ansprechenden und pers\u00f6nlich gestalteten Gottesdienst mit Pfarrer Hans-J\u00fcrgen Koller. Im Anschluss lassen unsere Gottesdienstbesucher den Gottesdienst noch mit einem gemeinsamen Fr\u00fchst\u00fcck in der Cafeteria der Orthop\u00e4dischen Fachklinik nachwirken und ausklingen. Dabei gibt es immer interessante, humorvolle und bereichernde Gespr\u00e4che.&nbsp;Dieses besondere Angebot ist mittlerweile nicht mehr wegzudenken aus der Vielfalt der Gottesdienstangebote der Pfarrei St. Martin Schwarzach.&nbsp;<\/p>\n\n\n\n<p>Interessierte sind gerne eingeladen dazuzukommen.<\/p>\n\n\n\n<p>Text und Bilder: Hans-J\u00fcrgen Koller&nbsp;<\/p>\n\n\n\n<p><\/p>\n\n\n\n<p><\/p>\n\n\n\n<figure class=\"wp-block-image size-large\"><img loading=\"lazy\" decoding=\"async\" width=\"1024\" height=\"768\" src=\"https:\/\/pfarrei-schwarzach-perasdorf.de\/wp-content\/uploads\/2026\/04\/671bb5b6-4a39-47a6-937a-95b97db2f8a1-1024x768.jpeg\" alt=\"\" class=\"wp-image-3745\" srcset=\"https:\/\/pfarrei-schwarzach-perasdorf.de\/wp-content\/uploads\/2026\/04\/671bb5b6-4a39-47a6-937a-95b97db2f8a1-1024x768.jpeg 1024w, https:\/\/pfarrei-schwarzach-perasdorf.de\/wp-content\/uploads\/2026\/04\/671bb5b6-4a39-47a6-937a-95b97db2f8a1-300x225.jpeg 300w, https:\/\/pfarrei-schwarzach-perasdorf.de\/wp-content\/uploads\/2026\/04\/671bb5b6-4a39-47a6-937a-95b97db2f8a1-150x113.jpeg 150w, https:\/\/pfarrei-schwarzach-perasdorf.de\/wp-content\/uploads\/2026\/04\/671bb5b6-4a39-47a6-937a-95b97db2f8a1-768x576.jpeg 768w, https:\/\/pfarrei-schwarzach-perasdorf.de\/wp-content\/uploads\/2026\/04\/671bb5b6-4a39-47a6-937a-95b97db2f8a1-1536x1152.jpeg 1536w, https:\/\/pfarrei-schwarzach-perasdorf.de\/wp-content\/uploads\/2026\/04\/671bb5b6-4a39-47a6-937a-95b97db2f8a1.jpeg 2000w\" sizes=\"(max-width: 1024px) 100vw, 1024px\" \/><\/figure>\n","protected":false},"excerpt":{"rendered":"<p>Seit gut eineinhalb Jahren gibt es in der Klinikkapelle der Pfarrei Schwarzach ein besonderes Gottesdienstangebot. Jeden Freitag treffen sich die Gottesdienstbesucher um 9.30 Uhr zu einem sehr ansprechenden und pers\u00f6nlich gestalteten Gottesdienst mit Pfarrer Hans-J\u00fcrgen Koller. Im Anschluss lassen unsere Gottesdienstbesucher den Gottesdienst noch mit einem gemeinsamen Fr\u00fchst\u00fcck in der Cafeteria der Orthop\u00e4dischen Fachklinik nachwirken &#8230; <span class=\"more\"><a class=\"more-link\" href=\"https:\/\/pfarrei-schwarzach-perasdorf.de\/?p=3743\">[weiterlesen&#8230;]<\/a><\/span><\/p>\n","protected":false},"author":10,"featured_media":3745,"comment_status":"closed","ping_status":"closed","sticky":false,"template":"","format":"standard","meta":{"footnotes":""},"categories":[6],"tags":[],"_links":{"self":[{"href":"https:\/\/pfarrei-schwarzach-perasdorf.de\/index.php?rest_route=\/wp\/v2\/posts\/3743"}],"collection":[{"href":"https:\/\/pfarrei-schwarzach-perasdorf.de\/index.php?rest_route=\/wp\/v2\/posts"}],"about":[{"href":"https:\/\/pfarrei-schwarzach-perasdorf.de\/index.php?rest_route=\/wp\/v2\/types\/post"}],"author":[{"embeddable":true,"href":"https:\/\/pfarrei-schwarzach-perasdorf.de\/index.php?rest_route=\/wp\/v2\/users\/10"}],"replies":[{"embeddable":true,"href":"https:\/\/pfarrei-schwarzach-perasdorf.de\/index.php?rest_route=%2Fwp%2Fv2%2Fcomments&post=3743"}],"version-history":[{"count":2,"href":"https:\/\/pfarrei-schwarzach-perasdorf.de\/index.php?rest_route=\/wp\/v2\/posts\/3743\/revisions"}],"predecessor-version":[{"id":3746,"href":"https:\/\/pfarrei-schwarzach-perasdorf.de\/index.php?rest_route=\/wp\/v2\/posts\/3743\/revisions\/3746"}],"wp:featuredmedia":[{"embeddable":true,"href":"https:\/\/pfarrei-schwarzach-perasdorf.de\/index.php?rest_route=\/wp\/v2\/media\/3745"}],"wp:attachment":[{"href":"https:\/\/pfarrei-schwarzach-perasdorf.de\/index.php?rest_route=%2Fwp%2Fv2%2Fmedia&parent=3743"}],"wp:term":[{"taxonomy":"category","embeddable":true,"href":"https:\/\/pfarrei-schwarzach-perasdorf.de\/index.php?rest_route=%2Fwp%2Fv2%2Fcategories&post=3743"},{"taxonomy":"post_tag","embeddable":true,"href":"https:\/\/pfarrei-schwarzach-perasdorf.de\/index.php?rest_route=%2Fwp%2Fv2%2Ftags&post=3743"}],"curies":[{"name":"wp","href":"https:\/\/api.w.org\/{rel}","templated":true}]}}