{"id":3739,"date":"2026-04-29T21:59:01","date_gmt":"2026-04-29T19:59:01","guid":{"rendered":"https:\/\/pfarrei-schwarzach-perasdorf.de\/?p=3739"},"modified":"2026-04-29T22:15:58","modified_gmt":"2026-04-29T20:15:58","slug":"30-jahre-ogv-gefeiert","status":"publish","type":"post","link":"https:\/\/pfarrei-schwarzach-perasdorf.de\/?p=3739","title":{"rendered":"30 Jahre OGV gefeiert"},"content":{"rendered":"\n<p><strong>Viele treue Mitglieder geehrt \u2013 Freiluftgottesdienst mit Live-Band<\/strong><\/p>\n\n\n\n<p><strong>Schwarzach. <\/strong>(cm) Mit einer rundum gelungenen Feier beging der Obst- und Gartenbauverein (OGV) Schwarzach am vergangenen Samstag sein 30-j\u00e4hriges Bestehen am Grandsberger Hof. Zahlreiche Mitglieder, Ehreng\u00e4ste und Freunde des Vereins kamen zusammen, um auf<br>drei Jahrzehnte engagierter Vereinsarbeit zur\u00fcckzublicken.<br>Der Festtag begann um 14 Uhr ganz gem\u00fctlich bei Kaffee und Kuchen. In entspannter Atmosph\u00e4re<br>wurden viele Anekdoten aus 30 Jahren Vereinsgeschichte erz\u00e4hlt. Besonders unterhaltsam berichtete die Gr\u00fcndungsvorsitzende Margarete Bumes von den Anf\u00e4ngen des Vereins. Sie schilderte, wie sie damals v\u00f6llig unbedarft in die Gr\u00fcndungsversammlung ging \u2013 und als Vorsitzende wieder nach Hause kam. Auch der ehemalige zweite Vorsitzende Robert Zwickl lie\u00df die<br>\u201eGr\u00fcnderjahre\u201c Revue passieren und sorgte mit seinem kurzweiligen R\u00fcckblick f\u00fcr so manchen<br>Schmunzler . Ein besonderes Highlight der Vereinsgeschichte war der Bau der Obstpressanlage im Jahr 1999. Diese wurde nicht nur zum Pressen von Apfelsaft intensiv genutzt, sondern entwickelte sich auch zu einem Ort des geselligen Miteinanders.<br>Die stellvertretende Landr\u00e4tin Barbara Unger und B\u00fcrgermeister Georg Edbauer dankten in ihren<br>Gru\u00dfworten dem OGV Schwarzach f\u00fcr 30 Jahre ehrenamtlichen Engagements. Im weiteren Verlauf der Feier nahm Vorsitzende Monika Edenhofer gemeinsam mit der stellvertretenden Landr\u00e4tin und dem Schwarzacher B\u00fcrgermeister Ehrungen vor, darunter viele Gr\u00fcndungsmitglieder. Mit der silbernen Ehrennadel des Bayerischen Landesverbandes f\u00fcr mindestens 15-j\u00e4hrige Mitarbeit in der Vorstandschaft wurden Johann Wenninger, Gabi Knott, Rudi Binder und Thomas Prommersberger geehrt. Die goldene Ehrennadel f\u00fcr mindestens 25 Jahre Engagement erhielten Katharina Str\u00e4u\u00dfl und Rudi Hieninger.<\/p>\n\n\n\n<p><strong><br>Dank an den OGV und<br>alle \u201elieben Menschen\u201c<\/strong><\/p>\n\n\n\n<p><br>Ein weiterer H\u00f6hepunkt war der stimmungsvolle Freiluft-Gottesdienst auf dem Gel\u00e4nde des Grandsberger Hofs. Bei bestem Fr\u00fchlingswetter feierte Pfarrer Hans-J\u00fcrgen Koller gemeinsam mit den G\u00e4sten einen eindrucksvollen Gottesdienst, musikalisch begleitet von der Mini-Band aus Teisnach. In seiner Predigt rief er dazu auf, Dankbarkeit bewusst im Alltag zu leben: Die eigene Umgebung mit offenen Augen wahrzunehmen, einem lieben Menschen gezielt Danke zu sagen und sich Zeit zu nehmen, um Dinge \u201evon A bis Z\u201c aufzuschreiben, f\u00fcr die man dankbar sein kann.<br>Mit einem herzlichen Dank an den OGV f\u00fcr 30 Jahre Einsatz f\u00fcr regionale Produkte, die Natur und die Sch\u00f6pfung beendete er den Gottesdienst. Zum Abschluss sang die Mini-Band \u201eEin bisschen Frieden\u201c von Nicole \u2013 ein Moment der von den G\u00e4sten mit lang anhaltendem Applaus gew\u00fcrdigt wurde.<br><br><strong>Von null auf 269 Mitglieder<br>gewachsen<\/strong><\/p>\n\n\n\n<p><br>Am Abend ging die Feier nach einem gemeinsamen Essen in geselliger Runde weiter . Die Band \u201eRocking Dads\u201c sorgte f\u00fcr beste Stimmung und lockte einige G\u00e4ste auf die Tanzfl\u00e4che. F\u00fcr gro\u00dfe Heiterkeit sorgte zudem eine humorvolle Einlage des \u201eHeibe-Weibe\u201c, bei der sich der ganze Saal sprichw\u00f6rtlich vor Lachen bog.<br>Ein besonderer Moment war die Ehrung der Vorsitzenden Monika Edenhofer durch den stellvertretenden Vorsitzenden Ronny Grassl. Unter ihrer F\u00fchrung hat sich der Verein kontinuierlich weiterentwickelt und z\u00e4hlt mittlerweile 269 Mitglieder \u2013 damit geh\u00f6rt er zu den mitgliederst\u00e4rksten Vereinen in Schwarzach. Zu ihren Verdiensten z\u00e4hlen unter anderem die Wiederbelebung des OGV-Faschingsballs, die Weiterentwicklung des Presserfestes zum Hoffest bei Ulli und Thomas mit Hunderten Besuchern sowie zahlreiche Vereinsausfl\u00fcge und Veranstaltungen wie der Tag der offenen Gartent\u00fcr, der auch in diesem Jahr wieder in Schwarzach stattfindet. Zudem werden im Gemeindebereich seit vielen Jahren zwei Fahrbahnteiler ehrenamtlich g\u00e4rtnerisch gepflegt. Die Vorsitzende bedankte sich f\u00fcr die Ehrung und gab den Dank an die vielen flei\u00dfigen Helfer des Vereins weiter , ohne die das alles nicht m\u00f6glich w\u00e4re.<br>Die Jubil\u00e4umsfeier zeigte eindrucksvoll, wie lebendig das Vereinsleben beim OGV Schwarzach ist \u2013 gepr\u00e4gt von Gemeinschaft, Engagement und der Liebe zur Natur .<\/p>\n\n\n\n<p>Text: Christian Meier<\/p>\n","protected":false},"excerpt":{"rendered":"<p>Viele treue Mitglieder geehrt \u2013 Freiluftgottesdienst mit Live-Band Schwarzach. (cm) Mit einer rundum gelungenen Feier beging der Obst- und Gartenbauverein (OGV) Schwarzach am vergangenen Samstag sein 30-j\u00e4hriges Bestehen am Grandsberger Hof. Zahlreiche Mitglieder, Ehreng\u00e4ste und Freunde des Vereins kamen zusammen, um aufdrei Jahrzehnte engagierter Vereinsarbeit zur\u00fcckzublicken.Der Festtag begann um 14 Uhr ganz gem\u00fctlich bei Kaffee &#8230; <span class=\"more\"><a class=\"more-link\" href=\"https:\/\/pfarrei-schwarzach-perasdorf.de\/?p=3739\">[weiterlesen&#8230;]<\/a><\/span><\/p>\n","protected":false},"author":10,"featured_media":0,"comment_status":"closed","ping_status":"closed","sticky":false,"template":"","format":"standard","meta":{"footnotes":""},"categories":[6],"tags":[],"_links":{"self":[{"href":"https:\/\/pfarrei-schwarzach-perasdorf.de\/index.php?rest_route=\/wp\/v2\/posts\/3739"}],"collection":[{"href":"https:\/\/pfarrei-schwarzach-perasdorf.de\/index.php?rest_route=\/wp\/v2\/posts"}],"about":[{"href":"https:\/\/pfarrei-schwarzach-perasdorf.de\/index.php?rest_route=\/wp\/v2\/types\/post"}],"author":[{"embeddable":true,"href":"https:\/\/pfarrei-schwarzach-perasdorf.de\/index.php?rest_route=\/wp\/v2\/users\/10"}],"replies":[{"embeddable":true,"href":"https:\/\/pfarrei-schwarzach-perasdorf.de\/index.php?rest_route=%2Fwp%2Fv2%2Fcomments&post=3739"}],"version-history":[{"count":2,"href":"https:\/\/pfarrei-schwarzach-perasdorf.de\/index.php?rest_route=\/wp\/v2\/posts\/3739\/revisions"}],"predecessor-version":[{"id":3742,"href":"https:\/\/pfarrei-schwarzach-perasdorf.de\/index.php?rest_route=\/wp\/v2\/posts\/3739\/revisions\/3742"}],"wp:attachment":[{"href":"https:\/\/pfarrei-schwarzach-perasdorf.de\/index.php?rest_route=%2Fwp%2Fv2%2Fmedia&parent=3739"}],"wp:term":[{"taxonomy":"category","embeddable":true,"href":"https:\/\/pfarrei-schwarzach-perasdorf.de\/index.php?rest_route=%2Fwp%2Fv2%2Fcategories&post=3739"},{"taxonomy":"post_tag","embeddable":true,"href":"https:\/\/pfarrei-schwarzach-perasdorf.de\/index.php?rest_route=%2Fwp%2Fv2%2Ftags&post=3739"}],"curies":[{"name":"wp","href":"https:\/\/api.w.org\/{rel}","templated":true}]}}