{"id":3602,"date":"2026-03-15T21:03:03","date_gmt":"2026-03-15T20:03:03","guid":{"rendered":"https:\/\/pfarrei-schwarzach-perasdorf.de\/?p=3602"},"modified":"2026-03-15T21:03:04","modified_gmt":"2026-03-15T20:03:04","slug":"weltgebetstag-2026","status":"publish","type":"post","link":"https:\/\/pfarrei-schwarzach-perasdorf.de\/?p=3602","title":{"rendered":"Weltgebetstag 2026"},"content":{"rendered":"\n<p>Jedes Jahr am ersten Freitag im M\u00e4rz feiern Frauen rund um den Globus den Weltgebetstag. Heuer stand Nigeria im Mittelpunkt. Frauen aus Nigeria haben den Wortgottesdienst vorbereitet, der Frauenbund hatte ins Pfarrheim eingeladen mitzufeiern. Begleitet von Frau Bielmeier mit \u00a0Liedern aus dem Gotteslob, wurden in eindringlichen Texten die Lebensumst\u00e4nde der nigerianischen Frauen betrachtet und in Gebeten Solidarit\u00e4t bekundet. Im abschlie\u00dfenden gemeinsamen Gespr\u00e4ch wurden pers\u00f6nliche Eindr\u00fccke ausgetauscht und der Abend fand einen gem\u00fctlichen Ausklang.<\/p>\n\n\n\n<p>Text und Foto: Christa Obermeier<\/p>\n\n\n\n<p><\/p>\n\n\n\n<figure class=\"wp-block-image size-large\"><img loading=\"lazy\" decoding=\"async\" width=\"1024\" height=\"949\" src=\"https:\/\/pfarrei-schwarzach-perasdorf.de\/wp-content\/uploads\/2026\/03\/1773219053529-1024x949.jpg\" alt=\"\" class=\"wp-image-3603\" srcset=\"https:\/\/pfarrei-schwarzach-perasdorf.de\/wp-content\/uploads\/2026\/03\/1773219053529-1024x949.jpg 1024w, https:\/\/pfarrei-schwarzach-perasdorf.de\/wp-content\/uploads\/2026\/03\/1773219053529-300x278.jpg 300w, https:\/\/pfarrei-schwarzach-perasdorf.de\/wp-content\/uploads\/2026\/03\/1773219053529-150x139.jpg 150w, https:\/\/pfarrei-schwarzach-perasdorf.de\/wp-content\/uploads\/2026\/03\/1773219053529-768x712.jpg 768w, https:\/\/pfarrei-schwarzach-perasdorf.de\/wp-content\/uploads\/2026\/03\/1773219053529-1536x1424.jpg 1536w, https:\/\/pfarrei-schwarzach-perasdorf.de\/wp-content\/uploads\/2026\/03\/1773219053529-2048x1898.jpg 2048w\" sizes=\"(max-width: 1024px) 100vw, 1024px\" \/><\/figure>\n","protected":false},"excerpt":{"rendered":"<p>Jedes Jahr am ersten Freitag im M\u00e4rz feiern Frauen rund um den Globus den Weltgebetstag. Heuer stand Nigeria im Mittelpunkt. Frauen aus Nigeria haben den Wortgottesdienst vorbereitet, der Frauenbund hatte ins Pfarrheim eingeladen mitzufeiern. Begleitet von Frau Bielmeier mit \u00a0Liedern aus dem Gotteslob, wurden in eindringlichen Texten die Lebensumst\u00e4nde der nigerianischen Frauen betrachtet und in &#8230; <span class=\"more\"><a class=\"more-link\" href=\"https:\/\/pfarrei-schwarzach-perasdorf.de\/?p=3602\">[weiterlesen&#8230;]<\/a><\/span><\/p>\n","protected":false},"author":10,"featured_media":3603,"comment_status":"closed","ping_status":"closed","sticky":false,"template":"","format":"standard","meta":{"footnotes":""},"categories":[6],"tags":[],"_links":{"self":[{"href":"https:\/\/pfarrei-schwarzach-perasdorf.de\/index.php?rest_route=\/wp\/v2\/posts\/3602"}],"collection":[{"href":"https:\/\/pfarrei-schwarzach-perasdorf.de\/index.php?rest_route=\/wp\/v2\/posts"}],"about":[{"href":"https:\/\/pfarrei-schwarzach-perasdorf.de\/index.php?rest_route=\/wp\/v2\/types\/post"}],"author":[{"embeddable":true,"href":"https:\/\/pfarrei-schwarzach-perasdorf.de\/index.php?rest_route=\/wp\/v2\/users\/10"}],"replies":[{"embeddable":true,"href":"https:\/\/pfarrei-schwarzach-perasdorf.de\/index.php?rest_route=%2Fwp%2Fv2%2Fcomments&post=3602"}],"version-history":[{"count":1,"href":"https:\/\/pfarrei-schwarzach-perasdorf.de\/index.php?rest_route=\/wp\/v2\/posts\/3602\/revisions"}],"predecessor-version":[{"id":3604,"href":"https:\/\/pfarrei-schwarzach-perasdorf.de\/index.php?rest_route=\/wp\/v2\/posts\/3602\/revisions\/3604"}],"wp:featuredmedia":[{"embeddable":true,"href":"https:\/\/pfarrei-schwarzach-perasdorf.de\/index.php?rest_route=\/wp\/v2\/media\/3603"}],"wp:attachment":[{"href":"https:\/\/pfarrei-schwarzach-perasdorf.de\/index.php?rest_route=%2Fwp%2Fv2%2Fmedia&parent=3602"}],"wp:term":[{"taxonomy":"category","embeddable":true,"href":"https:\/\/pfarrei-schwarzach-perasdorf.de\/index.php?rest_route=%2Fwp%2Fv2%2Fcategories&post=3602"},{"taxonomy":"post_tag","embeddable":true,"href":"https:\/\/pfarrei-schwarzach-perasdorf.de\/index.php?rest_route=%2Fwp%2Fv2%2Ftags&post=3602"}],"curies":[{"name":"wp","href":"https:\/\/api.w.org\/{rel}","templated":true}]}}