{"id":3487,"date":"2026-02-06T22:23:22","date_gmt":"2026-02-06T21:23:22","guid":{"rendered":"https:\/\/pfarrei-schwarzach-perasdorf.de\/?p=3487"},"modified":"2026-02-06T22:23:23","modified_gmt":"2026-02-06T21:23:23","slug":"erstkommunionvorstellung-in-schwarzach-und-perasdorf","status":"publish","type":"post","link":"https:\/\/pfarrei-schwarzach-perasdorf.de\/?p=3487","title":{"rendered":"Erstkommunionvorstellung in Schwarzach und Perasdorf"},"content":{"rendered":"\n<p>Am 1. Februar war es soweit und unsere Erstkommunionkinder durften sich unseren Pfarreien vorstellen.<\/p>\n\n\n\n<p>In ihrer ersten Gruppenstunde haben sie bereits die Weintrauben mit Bildern von sich gebastelt, die sie bei den Gottesdiensten an das Themensymbol der diesj\u00e4hrigen Erstkommunion anbringen durften.<br>Au\u00dferdem durften sie die Gottesdienste mit Texten mitgestalten und bekamen das Credo als Schmuckblatt \u00fcberreicht, welches sie immer daran erinnern soll, dass sie als Christen immer Teil einer gro\u00dfen Gemeinschaft sind.<\/p>\n\n\n\n<p>Text und Fotos: Martin Bartlreiher<\/p>\n\n\n\n<p><\/p>\n\n\n\n<figure class=\"wp-block-image size-large\"><img loading=\"lazy\" decoding=\"async\" width=\"1024\" height=\"768\" src=\"https:\/\/pfarrei-schwarzach-perasdorf.de\/wp-content\/uploads\/2026\/02\/EK-2-1024x768.jpeg\" alt=\"\" class=\"wp-image-3489\" srcset=\"https:\/\/pfarrei-schwarzach-perasdorf.de\/wp-content\/uploads\/2026\/02\/EK-2-1024x768.jpeg 1024w, https:\/\/pfarrei-schwarzach-perasdorf.de\/wp-content\/uploads\/2026\/02\/EK-2-300x225.jpeg 300w, https:\/\/pfarrei-schwarzach-perasdorf.de\/wp-content\/uploads\/2026\/02\/EK-2-150x113.jpeg 150w, https:\/\/pfarrei-schwarzach-perasdorf.de\/wp-content\/uploads\/2026\/02\/EK-2-768x576.jpeg 768w, https:\/\/pfarrei-schwarzach-perasdorf.de\/wp-content\/uploads\/2026\/02\/EK-2-1536x1152.jpeg 1536w, https:\/\/pfarrei-schwarzach-perasdorf.de\/wp-content\/uploads\/2026\/02\/EK-2.jpeg 1600w\" sizes=\"(max-width: 1024px) 100vw, 1024px\" \/><\/figure>\n\n\n\n<p>Die Erstkommunionkinder aus der Pfarrei Schwarzach<\/p>\n\n\n\n<p><\/p>\n\n\n\n<figure class=\"wp-block-image size-large\"><img loading=\"lazy\" decoding=\"async\" width=\"1024\" height=\"768\" src=\"https:\/\/pfarrei-schwarzach-perasdorf.de\/wp-content\/uploads\/2026\/02\/EK-1-1024x768.jpeg\" alt=\"\" class=\"wp-image-3488\" srcset=\"https:\/\/pfarrei-schwarzach-perasdorf.de\/wp-content\/uploads\/2026\/02\/EK-1-1024x768.jpeg 1024w, https:\/\/pfarrei-schwarzach-perasdorf.de\/wp-content\/uploads\/2026\/02\/EK-1-300x225.jpeg 300w, https:\/\/pfarrei-schwarzach-perasdorf.de\/wp-content\/uploads\/2026\/02\/EK-1-150x113.jpeg 150w, https:\/\/pfarrei-schwarzach-perasdorf.de\/wp-content\/uploads\/2026\/02\/EK-1-768x576.jpeg 768w, https:\/\/pfarrei-schwarzach-perasdorf.de\/wp-content\/uploads\/2026\/02\/EK-1-1536x1152.jpeg 1536w, https:\/\/pfarrei-schwarzach-perasdorf.de\/wp-content\/uploads\/2026\/02\/EK-1.jpeg 1600w\" sizes=\"(max-width: 1024px) 100vw, 1024px\" \/><\/figure>\n\n\n\n<p><\/p>\n\n\n\n<figure class=\"wp-block-image size-large\"><img loading=\"lazy\" decoding=\"async\" width=\"1024\" height=\"473\" src=\"https:\/\/pfarrei-schwarzach-perasdorf.de\/wp-content\/uploads\/2026\/02\/EK-Perasdorf-1024x473.jpeg\" alt=\"\" class=\"wp-image-3490\" srcset=\"https:\/\/pfarrei-schwarzach-perasdorf.de\/wp-content\/uploads\/2026\/02\/EK-Perasdorf-1024x473.jpeg 1024w, https:\/\/pfarrei-schwarzach-perasdorf.de\/wp-content\/uploads\/2026\/02\/EK-Perasdorf-300x139.jpeg 300w, https:\/\/pfarrei-schwarzach-perasdorf.de\/wp-content\/uploads\/2026\/02\/EK-Perasdorf-150x69.jpeg 150w, https:\/\/pfarrei-schwarzach-perasdorf.de\/wp-content\/uploads\/2026\/02\/EK-Perasdorf-768x355.jpeg 768w, https:\/\/pfarrei-schwarzach-perasdorf.de\/wp-content\/uploads\/2026\/02\/EK-Perasdorf-1536x710.jpeg 1536w, https:\/\/pfarrei-schwarzach-perasdorf.de\/wp-content\/uploads\/2026\/02\/EK-Perasdorf.jpeg 2000w\" sizes=\"(max-width: 1024px) 100vw, 1024px\" \/><\/figure>\n\n\n\n<p>Die Erstkommunionkinder aus der Pfarrei Perasdorf<\/p>\n\n\n\n<p><\/p>\n\n\n\n<figure class=\"wp-block-image size-large\"><img loading=\"lazy\" decoding=\"async\" width=\"768\" height=\"1024\" src=\"https:\/\/pfarrei-schwarzach-perasdorf.de\/wp-content\/uploads\/2026\/02\/EK-Perasdorf1-768x1024.jpeg\" alt=\"\" class=\"wp-image-3491\" srcset=\"https:\/\/pfarrei-schwarzach-perasdorf.de\/wp-content\/uploads\/2026\/02\/EK-Perasdorf1-768x1024.jpeg 768w, https:\/\/pfarrei-schwarzach-perasdorf.de\/wp-content\/uploads\/2026\/02\/EK-Perasdorf1-225x300.jpeg 225w, https:\/\/pfarrei-schwarzach-perasdorf.de\/wp-content\/uploads\/2026\/02\/EK-Perasdorf1-113x150.jpeg 113w, https:\/\/pfarrei-schwarzach-perasdorf.de\/wp-content\/uploads\/2026\/02\/EK-Perasdorf1-1152x1536.jpeg 1152w, https:\/\/pfarrei-schwarzach-perasdorf.de\/wp-content\/uploads\/2026\/02\/EK-Perasdorf1.jpeg 1200w\" sizes=\"(max-width: 768px) 100vw, 768px\" \/><\/figure>\n","protected":false},"excerpt":{"rendered":"<p>Am 1. Februar war es soweit und unsere Erstkommunionkinder durften sich unseren Pfarreien vorstellen. In ihrer ersten Gruppenstunde haben sie bereits die Weintrauben mit Bildern von sich gebastelt, die sie bei den Gottesdiensten an das Themensymbol der diesj\u00e4hrigen Erstkommunion anbringen durften.Au\u00dferdem durften sie die Gottesdienste mit Texten mitgestalten und bekamen das Credo als Schmuckblatt \u00fcberreicht, &#8230; <span class=\"more\"><a class=\"more-link\" href=\"https:\/\/pfarrei-schwarzach-perasdorf.de\/?p=3487\">[weiterlesen&#8230;]<\/a><\/span><\/p>\n","protected":false},"author":10,"featured_media":3489,"comment_status":"closed","ping_status":"closed","sticky":false,"template":"","format":"standard","meta":{"footnotes":""},"categories":[6],"tags":[],"_links":{"self":[{"href":"https:\/\/pfarrei-schwarzach-perasdorf.de\/index.php?rest_route=\/wp\/v2\/posts\/3487"}],"collection":[{"href":"https:\/\/pfarrei-schwarzach-perasdorf.de\/index.php?rest_route=\/wp\/v2\/posts"}],"about":[{"href":"https:\/\/pfarrei-schwarzach-perasdorf.de\/index.php?rest_route=\/wp\/v2\/types\/post"}],"author":[{"embeddable":true,"href":"https:\/\/pfarrei-schwarzach-perasdorf.de\/index.php?rest_route=\/wp\/v2\/users\/10"}],"replies":[{"embeddable":true,"href":"https:\/\/pfarrei-schwarzach-perasdorf.de\/index.php?rest_route=%2Fwp%2Fv2%2Fcomments&post=3487"}],"version-history":[{"count":1,"href":"https:\/\/pfarrei-schwarzach-perasdorf.de\/index.php?rest_route=\/wp\/v2\/posts\/3487\/revisions"}],"predecessor-version":[{"id":3492,"href":"https:\/\/pfarrei-schwarzach-perasdorf.de\/index.php?rest_route=\/wp\/v2\/posts\/3487\/revisions\/3492"}],"wp:featuredmedia":[{"embeddable":true,"href":"https:\/\/pfarrei-schwarzach-perasdorf.de\/index.php?rest_route=\/wp\/v2\/media\/3489"}],"wp:attachment":[{"href":"https:\/\/pfarrei-schwarzach-perasdorf.de\/index.php?rest_route=%2Fwp%2Fv2%2Fmedia&parent=3487"}],"wp:term":[{"taxonomy":"category","embeddable":true,"href":"https:\/\/pfarrei-schwarzach-perasdorf.de\/index.php?rest_route=%2Fwp%2Fv2%2Fcategories&post=3487"},{"taxonomy":"post_tag","embeddable":true,"href":"https:\/\/pfarrei-schwarzach-perasdorf.de\/index.php?rest_route=%2Fwp%2Fv2%2Ftags&post=3487"}],"curies":[{"name":"wp","href":"https:\/\/api.w.org\/{rel}","templated":true}]}}