{"id":3436,"date":"2026-01-22T21:25:47","date_gmt":"2026-01-22T20:25:47","guid":{"rendered":"https:\/\/pfarrei-schwarzach-perasdorf.de\/?p=3436"},"modified":"2026-01-22T21:41:42","modified_gmt":"2026-01-22T20:41:42","slug":"wahlinfoabend-des-kdfb","status":"publish","type":"post","link":"https:\/\/pfarrei-schwarzach-perasdorf.de\/?p=3436","title":{"rendered":"Wahlinfoabend des KDFB f\u00fcr Frauen zur Kommunalwahl in Schwarzach"},"content":{"rendered":"\n<p>Der Zweigverein Schwarzach-Perasdorf des Katholischen Deutschen Frauenbundes (KDFB) blickt auf eine rundum gelungene erste Wahlveranstaltung zur\u00fcck. Viele Interessierte nutzten die Gelegenheit, sich \u00fcber die bevorstehenden Kommunalwahlen zu informieren und miteinander ins Gespr\u00e4ch zu kommen.<\/p>\n\n\n\n<p>Der Abend begann mit einem Impulsvortrag von Frau Tanja Pichlmeier aus dem Landesverband des KDFB, der wertvolle Einblicke in die landesweite Arbeit des Verbandes und die Bedeutung politischer Teilhabe von Frauen bot. Im Anschluss stellten sich die zahlreich anwesenden Gemeinderatskandidatinnen aller Listen vor. Den H\u00f6hepunkt bildeten die Vortr\u00e4ge der beiden B\u00fcrgermeisterkandidierenden, die anschlie\u00dfend Fragen aus dem Publikum beantworteten. Besonderes Interesse zeigten die Besucher an den Themen \u00d6PNV, die aktuelle Verkehrssituation und dem geplanten Bau einer Senioreneinrichtung. Eine lebhafte und konstruktive Diskussion rundete den Abend ab.<\/p>\n\n\n\n<p>Die Frauenbundvorsitzenden bedankten sich herzlich bei allen Teilnehmenden f\u00fcr das gro\u00dfe Interesse, die offenen Gespr\u00e4che und den wertsch\u00e4tzenden Austausch.<\/p>\n\n\n\n<p>Text: Nicole Schatt Fotos: Rebekka Wach<\/p>\n\n\n\n<p><\/p>\n\n\n\n<figure class=\"wp-block-image size-large\"><img loading=\"lazy\" decoding=\"async\" width=\"1024\" height=\"768\" src=\"https:\/\/pfarrei-schwarzach-perasdorf.de\/wp-content\/uploads\/2026\/01\/IMG-20260116-WA0009-1024x768.jpg\" alt=\"\" class=\"wp-image-3434\" srcset=\"https:\/\/pfarrei-schwarzach-perasdorf.de\/wp-content\/uploads\/2026\/01\/IMG-20260116-WA0009-1024x768.jpg 1024w, https:\/\/pfarrei-schwarzach-perasdorf.de\/wp-content\/uploads\/2026\/01\/IMG-20260116-WA0009-300x225.jpg 300w, https:\/\/pfarrei-schwarzach-perasdorf.de\/wp-content\/uploads\/2026\/01\/IMG-20260116-WA0009-150x113.jpg 150w, https:\/\/pfarrei-schwarzach-perasdorf.de\/wp-content\/uploads\/2026\/01\/IMG-20260116-WA0009-768x576.jpg 768w, https:\/\/pfarrei-schwarzach-perasdorf.de\/wp-content\/uploads\/2026\/01\/IMG-20260116-WA0009-1536x1152.jpg 1536w, https:\/\/pfarrei-schwarzach-perasdorf.de\/wp-content\/uploads\/2026\/01\/IMG-20260116-WA0009.jpg 1600w\" sizes=\"(max-width: 1024px) 100vw, 1024px\" \/><\/figure>\n\n\n\n<p><\/p>\n\n\n\n<figure class=\"wp-block-gallery has-nested-images columns-default is-cropped wp-block-gallery-1 is-layout-flex wp-block-gallery-is-layout-flex\">\n<figure class=\"wp-block-image size-large\"><img loading=\"lazy\" decoding=\"async\" width=\"768\" height=\"1024\" data-id=\"3435\" src=\"https:\/\/pfarrei-schwarzach-perasdorf.de\/wp-content\/uploads\/2026\/01\/20260116_194422-768x1024.jpg\" alt=\"\" class=\"wp-image-3435\" srcset=\"https:\/\/pfarrei-schwarzach-perasdorf.de\/wp-content\/uploads\/2026\/01\/20260116_194422-768x1024.jpg 768w, https:\/\/pfarrei-schwarzach-perasdorf.de\/wp-content\/uploads\/2026\/01\/20260116_194422-225x300.jpg 225w, https:\/\/pfarrei-schwarzach-perasdorf.de\/wp-content\/uploads\/2026\/01\/20260116_194422-113x150.jpg 113w, https:\/\/pfarrei-schwarzach-perasdorf.de\/wp-content\/uploads\/2026\/01\/20260116_194422-1152x1536.jpg 1152w, https:\/\/pfarrei-schwarzach-perasdorf.de\/wp-content\/uploads\/2026\/01\/20260116_194422-1536x2048.jpg 1536w, https:\/\/pfarrei-schwarzach-perasdorf.de\/wp-content\/uploads\/2026\/01\/20260116_194422-scaled.jpg 1920w\" sizes=\"(max-width: 768px) 100vw, 768px\" \/><\/figure>\n\n\n\n<figure class=\"wp-block-image size-large\"><img loading=\"lazy\" decoding=\"async\" width=\"768\" height=\"1024\" data-id=\"3432\" src=\"https:\/\/pfarrei-schwarzach-perasdorf.de\/wp-content\/uploads\/2026\/01\/20260116_184655-768x1024.jpg\" alt=\"\" class=\"wp-image-3432\" srcset=\"https:\/\/pfarrei-schwarzach-perasdorf.de\/wp-content\/uploads\/2026\/01\/20260116_184655-768x1024.jpg 768w, https:\/\/pfarrei-schwarzach-perasdorf.de\/wp-content\/uploads\/2026\/01\/20260116_184655-225x300.jpg 225w, https:\/\/pfarrei-schwarzach-perasdorf.de\/wp-content\/uploads\/2026\/01\/20260116_184655-113x150.jpg 113w, https:\/\/pfarrei-schwarzach-perasdorf.de\/wp-content\/uploads\/2026\/01\/20260116_184655-1152x1536.jpg 1152w, https:\/\/pfarrei-schwarzach-perasdorf.de\/wp-content\/uploads\/2026\/01\/20260116_184655-1536x2048.jpg 1536w, https:\/\/pfarrei-schwarzach-perasdorf.de\/wp-content\/uploads\/2026\/01\/20260116_184655-scaled.jpg 1920w\" sizes=\"(max-width: 768px) 100vw, 768px\" \/><\/figure>\n<\/figure>\n\n\n\n<p><\/p>\n\n\n\n<figure class=\"wp-block-image size-large\"><img loading=\"lazy\" decoding=\"async\" width=\"768\" height=\"1024\" src=\"https:\/\/pfarrei-schwarzach-perasdorf.de\/wp-content\/uploads\/2026\/01\/20260116_190850-768x1024.jpg\" alt=\"\" class=\"wp-image-3433\" srcset=\"https:\/\/pfarrei-schwarzach-perasdorf.de\/wp-content\/uploads\/2026\/01\/20260116_190850-768x1024.jpg 768w, https:\/\/pfarrei-schwarzach-perasdorf.de\/wp-content\/uploads\/2026\/01\/20260116_190850-225x300.jpg 225w, https:\/\/pfarrei-schwarzach-perasdorf.de\/wp-content\/uploads\/2026\/01\/20260116_190850-113x150.jpg 113w, https:\/\/pfarrei-schwarzach-perasdorf.de\/wp-content\/uploads\/2026\/01\/20260116_190850-1152x1536.jpg 1152w, https:\/\/pfarrei-schwarzach-perasdorf.de\/wp-content\/uploads\/2026\/01\/20260116_190850-1536x2048.jpg 1536w, https:\/\/pfarrei-schwarzach-perasdorf.de\/wp-content\/uploads\/2026\/01\/20260116_190850-scaled.jpg 1920w\" sizes=\"(max-width: 768px) 100vw, 768px\" \/><\/figure>\n","protected":false},"excerpt":{"rendered":"<p>Der Zweigverein Schwarzach-Perasdorf des Katholischen Deutschen Frauenbundes (KDFB) blickt auf eine rundum gelungene erste Wahlveranstaltung zur\u00fcck. Viele Interessierte nutzten die Gelegenheit, sich \u00fcber die bevorstehenden Kommunalwahlen zu informieren und miteinander ins Gespr\u00e4ch zu kommen. Der Abend begann mit einem Impulsvortrag von Frau Tanja Pichlmeier aus dem Landesverband des KDFB, der wertvolle Einblicke in die landesweite &#8230; <span class=\"more\"><a class=\"more-link\" href=\"https:\/\/pfarrei-schwarzach-perasdorf.de\/?p=3436\">[weiterlesen&#8230;]<\/a><\/span><\/p>\n","protected":false},"author":10,"featured_media":3433,"comment_status":"closed","ping_status":"closed","sticky":false,"template":"","format":"standard","meta":{"footnotes":""},"categories":[6],"tags":[],"_links":{"self":[{"href":"https:\/\/pfarrei-schwarzach-perasdorf.de\/index.php?rest_route=\/wp\/v2\/posts\/3436"}],"collection":[{"href":"https:\/\/pfarrei-schwarzach-perasdorf.de\/index.php?rest_route=\/wp\/v2\/posts"}],"about":[{"href":"https:\/\/pfarrei-schwarzach-perasdorf.de\/index.php?rest_route=\/wp\/v2\/types\/post"}],"author":[{"embeddable":true,"href":"https:\/\/pfarrei-schwarzach-perasdorf.de\/index.php?rest_route=\/wp\/v2\/users\/10"}],"replies":[{"embeddable":true,"href":"https:\/\/pfarrei-schwarzach-perasdorf.de\/index.php?rest_route=%2Fwp%2Fv2%2Fcomments&post=3436"}],"version-history":[{"count":3,"href":"https:\/\/pfarrei-schwarzach-perasdorf.de\/index.php?rest_route=\/wp\/v2\/posts\/3436\/revisions"}],"predecessor-version":[{"id":3446,"href":"https:\/\/pfarrei-schwarzach-perasdorf.de\/index.php?rest_route=\/wp\/v2\/posts\/3436\/revisions\/3446"}],"wp:featuredmedia":[{"embeddable":true,"href":"https:\/\/pfarrei-schwarzach-perasdorf.de\/index.php?rest_route=\/wp\/v2\/media\/3433"}],"wp:attachment":[{"href":"https:\/\/pfarrei-schwarzach-perasdorf.de\/index.php?rest_route=%2Fwp%2Fv2%2Fmedia&parent=3436"}],"wp:term":[{"taxonomy":"category","embeddable":true,"href":"https:\/\/pfarrei-schwarzach-perasdorf.de\/index.php?rest_route=%2Fwp%2Fv2%2Fcategories&post=3436"},{"taxonomy":"post_tag","embeddable":true,"href":"https:\/\/pfarrei-schwarzach-perasdorf.de\/index.php?rest_route=%2Fwp%2Fv2%2Ftags&post=3436"}],"curies":[{"name":"wp","href":"https:\/\/api.w.org\/{rel}","templated":true}]}}