{"id":3382,"date":"2026-01-03T23:06:08","date_gmt":"2026-01-03T22:06:08","guid":{"rendered":"https:\/\/pfarrei-schwarzach-perasdorf.de\/?p=3382"},"modified":"2026-01-03T23:06:09","modified_gmt":"2026-01-03T22:06:09","slug":"spendenuebergabe-nach-adventsbasar-in-perasdorf","status":"publish","type":"post","link":"https:\/\/pfarrei-schwarzach-perasdorf.de\/?p=3382","title":{"rendered":"Spenden\u00fcbergabe nach Adventsbasar in Perasdorf"},"content":{"rendered":"\n<p>Perasdorf \u2013 Mit viel Herzblut, Kreativit\u00e4t und adventlicher Vorfreude haben die Mama\u00b4s der Perasdorfer Kinder am vergangenen Wochenende ihren Adventsbasar veranstaltet. Seit Wochen hatten die Mama\u00b4s eifrig gewerkelt, gebastelt und gemalt \u2013 und pr\u00e4sentierten nun stolz eine Vielzahl liebevoll gestalteter Advents- und Dekorationsartikel.<\/p>\n\n\n\n<p>Der Basar war nicht nur ein Treffpunkt f\u00fcr Familien, Freunde und Dorfbewohner, sondern auch ein Ort der Gem\u00fctlichkeit. Bei duftendem Punsch, selbstgebackenem Geb\u00e4ck und Leberk\u00e4ssemmeln konnten die Besucher verweilen, ins Gespr\u00e4ch kommen und die besondere Atmosph\u00e4re genie\u00dfen. Viele nutzten die Gelegenheit, handgemachte Kleinigkeiten f\u00fcr die Adventszeit zu erwerben.<\/p>\n\n\n\n<p>Der Erl\u00f6s des Basars \u2013 stolze 1000 Euro \u2013 wurde vollst\u00e4ndig gespendet. Die B\u00fcrgerhaus-Kids \u00fcberreichten die Summe nach dem Gottesdienst am 1. Adventssonntag an Pfarrer Koller und Kirchenpfleger Fritz Feldmeier, die die Spende dankbar entgegennahmen. Das Geld flie\u00dft in die Innenrenovierung der Kirche in Perasdorf.\u00a0<\/p>\n\n\n\n<p><\/p>\n\n\n\n<p>Text und Foto: Kerstin Schedlbauer<\/p>\n\n\n\n<p><\/p>\n\n\n\n<figure class=\"wp-block-image size-large\"><img loading=\"lazy\" decoding=\"async\" width=\"768\" height=\"1024\" src=\"https:\/\/pfarrei-schwarzach-perasdorf.de\/wp-content\/uploads\/2026\/01\/1000232045-768x1024.jpg\" alt=\"\" class=\"wp-image-3383\" srcset=\"https:\/\/pfarrei-schwarzach-perasdorf.de\/wp-content\/uploads\/2026\/01\/1000232045-768x1024.jpg 768w, https:\/\/pfarrei-schwarzach-perasdorf.de\/wp-content\/uploads\/2026\/01\/1000232045-225x300.jpg 225w, https:\/\/pfarrei-schwarzach-perasdorf.de\/wp-content\/uploads\/2026\/01\/1000232045-113x150.jpg 113w, https:\/\/pfarrei-schwarzach-perasdorf.de\/wp-content\/uploads\/2026\/01\/1000232045-1152x1536.jpg 1152w, https:\/\/pfarrei-schwarzach-perasdorf.de\/wp-content\/uploads\/2026\/01\/1000232045.jpg 1200w\" sizes=\"(max-width: 768px) 100vw, 768px\" \/><\/figure>\n","protected":false},"excerpt":{"rendered":"<p>Perasdorf \u2013 Mit viel Herzblut, Kreativit\u00e4t und adventlicher Vorfreude haben die Mama\u00b4s der Perasdorfer Kinder am vergangenen Wochenende ihren Adventsbasar veranstaltet. Seit Wochen hatten die Mama\u00b4s eifrig gewerkelt, gebastelt und gemalt \u2013 und pr\u00e4sentierten nun stolz eine Vielzahl liebevoll gestalteter Advents- und Dekorationsartikel. Der Basar war nicht nur ein Treffpunkt f\u00fcr Familien, Freunde und Dorfbewohner, &#8230; <span class=\"more\"><a class=\"more-link\" href=\"https:\/\/pfarrei-schwarzach-perasdorf.de\/?p=3382\">[weiterlesen&#8230;]<\/a><\/span><\/p>\n","protected":false},"author":10,"featured_media":3383,"comment_status":"closed","ping_status":"closed","sticky":false,"template":"","format":"standard","meta":{"footnotes":""},"categories":[6],"tags":[],"_links":{"self":[{"href":"https:\/\/pfarrei-schwarzach-perasdorf.de\/index.php?rest_route=\/wp\/v2\/posts\/3382"}],"collection":[{"href":"https:\/\/pfarrei-schwarzach-perasdorf.de\/index.php?rest_route=\/wp\/v2\/posts"}],"about":[{"href":"https:\/\/pfarrei-schwarzach-perasdorf.de\/index.php?rest_route=\/wp\/v2\/types\/post"}],"author":[{"embeddable":true,"href":"https:\/\/pfarrei-schwarzach-perasdorf.de\/index.php?rest_route=\/wp\/v2\/users\/10"}],"replies":[{"embeddable":true,"href":"https:\/\/pfarrei-schwarzach-perasdorf.de\/index.php?rest_route=%2Fwp%2Fv2%2Fcomments&post=3382"}],"version-history":[{"count":1,"href":"https:\/\/pfarrei-schwarzach-perasdorf.de\/index.php?rest_route=\/wp\/v2\/posts\/3382\/revisions"}],"predecessor-version":[{"id":3384,"href":"https:\/\/pfarrei-schwarzach-perasdorf.de\/index.php?rest_route=\/wp\/v2\/posts\/3382\/revisions\/3384"}],"wp:featuredmedia":[{"embeddable":true,"href":"https:\/\/pfarrei-schwarzach-perasdorf.de\/index.php?rest_route=\/wp\/v2\/media\/3383"}],"wp:attachment":[{"href":"https:\/\/pfarrei-schwarzach-perasdorf.de\/index.php?rest_route=%2Fwp%2Fv2%2Fmedia&parent=3382"}],"wp:term":[{"taxonomy":"category","embeddable":true,"href":"https:\/\/pfarrei-schwarzach-perasdorf.de\/index.php?rest_route=%2Fwp%2Fv2%2Fcategories&post=3382"},{"taxonomy":"post_tag","embeddable":true,"href":"https:\/\/pfarrei-schwarzach-perasdorf.de\/index.php?rest_route=%2Fwp%2Fv2%2Ftags&post=3382"}],"curies":[{"name":"wp","href":"https:\/\/api.w.org\/{rel}","templated":true}]}}