{"id":3380,"date":"2026-01-03T23:00:28","date_gmt":"2026-01-03T22:00:28","guid":{"rendered":"https:\/\/pfarrei-schwarzach-perasdorf.de\/?p=3380"},"modified":"2026-01-03T23:00:30","modified_gmt":"2026-01-03T22:00:30","slug":"patienten-der-orthopaedischen-fachklinik-bekamen-himmlischen-besuch","status":"publish","type":"post","link":"https:\/\/pfarrei-schwarzach-perasdorf.de\/?p=3380","title":{"rendered":"Patienten der Orthop\u00e4dischen Fachklinik bekamen &#8222;himmlischen Besuch&#8220;"},"content":{"rendered":"\n<p>Am Montag vor Weihnachten gab es f\u00fcr die Patientinnen und Patienten der Orthop\u00e4dischen Fachklinik in Schwarzach hohen Besuch. Drei kleine Engel \u00fcberbrachten mit Liedern und einem Gedicht Weihnachtsgr\u00fc\u00dfe. Dem schlossen sich die Chef\u00e4rzte Dr. Martini, Dr. Nikiforov, Dr. Brandt, Dr. Paul, der Pflegedienstleitung Frau Krothenauer, dem Gesch\u00e4ftsf\u00fchrer Herr Trotz und Stiftungsvorsitzender Pfarrer Koller mit einem s\u00fc\u00dfen Pr\u00e4sent der Klinikleitung an.<\/p>\n\n\n\n<p><\/p>\n\n\n\n<p>Text und Foto: Hans-J\u00fcrgen Koller<\/p>\n\n\n\n<p><\/p>\n\n\n\n<figure class=\"wp-block-image size-large\"><img loading=\"lazy\" decoding=\"async\" width=\"1024\" height=\"768\" src=\"https:\/\/pfarrei-schwarzach-perasdorf.de\/wp-content\/uploads\/2026\/01\/d5b35503-14cd-439d-9c99-f97b85c1c581-1024x768.jpeg\" alt=\"\" class=\"wp-image-3363\" srcset=\"https:\/\/pfarrei-schwarzach-perasdorf.de\/wp-content\/uploads\/2026\/01\/d5b35503-14cd-439d-9c99-f97b85c1c581-1024x768.jpeg 1024w, https:\/\/pfarrei-schwarzach-perasdorf.de\/wp-content\/uploads\/2026\/01\/d5b35503-14cd-439d-9c99-f97b85c1c581-300x225.jpeg 300w, https:\/\/pfarrei-schwarzach-perasdorf.de\/wp-content\/uploads\/2026\/01\/d5b35503-14cd-439d-9c99-f97b85c1c581-150x113.jpeg 150w, https:\/\/pfarrei-schwarzach-perasdorf.de\/wp-content\/uploads\/2026\/01\/d5b35503-14cd-439d-9c99-f97b85c1c581-768x576.jpeg 768w, https:\/\/pfarrei-schwarzach-perasdorf.de\/wp-content\/uploads\/2026\/01\/d5b35503-14cd-439d-9c99-f97b85c1c581-1536x1152.jpeg 1536w, https:\/\/pfarrei-schwarzach-perasdorf.de\/wp-content\/uploads\/2026\/01\/d5b35503-14cd-439d-9c99-f97b85c1c581.jpeg 2000w\" sizes=\"(max-width: 1024px) 100vw, 1024px\" \/><\/figure>\n","protected":false},"excerpt":{"rendered":"<p>Am Montag vor Weihnachten gab es f\u00fcr die Patientinnen und Patienten der Orthop\u00e4dischen Fachklinik in Schwarzach hohen Besuch. Drei kleine Engel \u00fcberbrachten mit Liedern und einem Gedicht Weihnachtsgr\u00fc\u00dfe. Dem schlossen sich die Chef\u00e4rzte Dr. Martini, Dr. Nikiforov, Dr. Brandt, Dr. Paul, der Pflegedienstleitung Frau Krothenauer, dem Gesch\u00e4ftsf\u00fchrer Herr Trotz und Stiftungsvorsitzender Pfarrer Koller mit einem &#8230; <span class=\"more\"><a class=\"more-link\" href=\"https:\/\/pfarrei-schwarzach-perasdorf.de\/?p=3380\">[weiterlesen&#8230;]<\/a><\/span><\/p>\n","protected":false},"author":10,"featured_media":3363,"comment_status":"closed","ping_status":"closed","sticky":false,"template":"","format":"standard","meta":{"footnotes":""},"categories":[6],"tags":[],"_links":{"self":[{"href":"https:\/\/pfarrei-schwarzach-perasdorf.de\/index.php?rest_route=\/wp\/v2\/posts\/3380"}],"collection":[{"href":"https:\/\/pfarrei-schwarzach-perasdorf.de\/index.php?rest_route=\/wp\/v2\/posts"}],"about":[{"href":"https:\/\/pfarrei-schwarzach-perasdorf.de\/index.php?rest_route=\/wp\/v2\/types\/post"}],"author":[{"embeddable":true,"href":"https:\/\/pfarrei-schwarzach-perasdorf.de\/index.php?rest_route=\/wp\/v2\/users\/10"}],"replies":[{"embeddable":true,"href":"https:\/\/pfarrei-schwarzach-perasdorf.de\/index.php?rest_route=%2Fwp%2Fv2%2Fcomments&post=3380"}],"version-history":[{"count":1,"href":"https:\/\/pfarrei-schwarzach-perasdorf.de\/index.php?rest_route=\/wp\/v2\/posts\/3380\/revisions"}],"predecessor-version":[{"id":3381,"href":"https:\/\/pfarrei-schwarzach-perasdorf.de\/index.php?rest_route=\/wp\/v2\/posts\/3380\/revisions\/3381"}],"wp:featuredmedia":[{"embeddable":true,"href":"https:\/\/pfarrei-schwarzach-perasdorf.de\/index.php?rest_route=\/wp\/v2\/media\/3363"}],"wp:attachment":[{"href":"https:\/\/pfarrei-schwarzach-perasdorf.de\/index.php?rest_route=%2Fwp%2Fv2%2Fmedia&parent=3380"}],"wp:term":[{"taxonomy":"category","embeddable":true,"href":"https:\/\/pfarrei-schwarzach-perasdorf.de\/index.php?rest_route=%2Fwp%2Fv2%2Fcategories&post=3380"},{"taxonomy":"post_tag","embeddable":true,"href":"https:\/\/pfarrei-schwarzach-perasdorf.de\/index.php?rest_route=%2Fwp%2Fv2%2Ftags&post=3380"}],"curies":[{"name":"wp","href":"https:\/\/api.w.org\/{rel}","templated":true}]}}