{"id":3308,"date":"2025-12-16T21:40:50","date_gmt":"2025-12-16T20:40:50","guid":{"rendered":"https:\/\/pfarrei-schwarzach-perasdorf.de\/?p=3308"},"modified":"2025-12-16T21:40:51","modified_gmt":"2025-12-16T20:40:51","slug":"mitarbeitende-der-orthopaedischen-fachklinik-spenden-1000-euro-fuer-spielsachen-an-die-kita-st-martin-in-schwarzach","status":"publish","type":"post","link":"https:\/\/pfarrei-schwarzach-perasdorf.de\/?p=3308","title":{"rendered":"Mitarbeitende der Orthop\u00e4dischen Fachklinik spenden 1000 Euro f\u00fcr Spielsachen an die Kita St. Martin in Schwarzach"},"content":{"rendered":"\n<p>Die Freude war bei den Kindern, Mitarbeitenden der Kindertagesst\u00e4tte St. Martin in Schwarzach und Herrn Pfarrer Koller, seinesgleichen Vorstand des Tr\u00e4gers der Kita St. Martin, gro\u00df, als der Gesch\u00e4ftsf\u00fchrer der Orthop\u00e4dischen Fachklinik Schwarzach im Namen der Klinikmitarbeitenden einen Spendenscheck \u00fcber 1000 Euro am 16.12.2025 \u00fcberreichte. Im Sommer diesen Jahres veranstaltete die Orthop\u00e4dische Fachklinik Schwarzach einen Tag der Offenen T\u00fcr anl\u00e4sslich des 75-j\u00e4hrigen Bestehens des Krankenhauses. 1000 Euro des Erl\u00f6ses dieses Festes beschlossen die Mitarbeitenden der Orthop\u00e4dischen Fachklinik Schwarzach sollte die Kindertagesst\u00e4tte St. Martin in Schwarzach erhalten. \u201eEs ist der ausdr\u00fcckliche Wunsch unserer Mitarbeitenden, dass die Spende f\u00fcr zus\u00e4tzliche Spielsachen oder Spielger\u00e4te verwendet wird. Gerne unterst\u00fctzt die Orthop\u00e4dische Fachklinik Schwarzach ihre \u201ekleinen Nachbarn\u201c, die im Sommer bei sch\u00f6nem Wetter immer wieder durch den Klinikgarten wuseln. Das fr\u00f6hliche Lachen und Quietschen der Kinder ist geradezu ansteckend und hebt oft die Laune der Patient:innen und der Mitarbeitenden. Nicht zuletzt unterst\u00fctzt die Kita St. Martin auch die Orthop\u00e4dische Fachklinik Schwarzach, wenn dringend ein Kita-Platz von unseren Mitarbeitenden gebraucht wird\u201c, so Trotz.<\/p>\n\n\n\n<p>Text und Bild: Michael Trotz<\/p>\n\n\n\n<p><\/p>\n\n\n\n<figure class=\"wp-block-image size-large\"><img loading=\"lazy\" decoding=\"async\" width=\"768\" height=\"1024\" src=\"https:\/\/pfarrei-schwarzach-perasdorf.de\/wp-content\/uploads\/2025\/12\/20251216_130504-768x1024.jpg\" alt=\"\" class=\"wp-image-3309\" srcset=\"https:\/\/pfarrei-schwarzach-perasdorf.de\/wp-content\/uploads\/2025\/12\/20251216_130504-768x1024.jpg 768w, https:\/\/pfarrei-schwarzach-perasdorf.de\/wp-content\/uploads\/2025\/12\/20251216_130504-225x300.jpg 225w, https:\/\/pfarrei-schwarzach-perasdorf.de\/wp-content\/uploads\/2025\/12\/20251216_130504-113x150.jpg 113w, https:\/\/pfarrei-schwarzach-perasdorf.de\/wp-content\/uploads\/2025\/12\/20251216_130504-1152x1536.jpg 1152w, https:\/\/pfarrei-schwarzach-perasdorf.de\/wp-content\/uploads\/2025\/12\/20251216_130504-1536x2048.jpg 1536w, https:\/\/pfarrei-schwarzach-perasdorf.de\/wp-content\/uploads\/2025\/12\/20251216_130504-scaled.jpg 1920w\" sizes=\"(max-width: 768px) 100vw, 768px\" \/><\/figure>\n\n\n\n<p><\/p>\n\n\n\n<p>Von hinten links: Pfarrer und Stiftungsratsvorsitzender der Orthop\u00e4d. Fachklinik Hans-J\u00fcrgen Koller. Kindertagesst\u00e4ttenleiterin Astrid Eiglsperger. Gesch\u00e4ftsf\u00fchrer der Orthop\u00e4d. Fachklinik Michael Trotz<\/p>\n","protected":false},"excerpt":{"rendered":"<p>Die Freude war bei den Kindern, Mitarbeitenden der Kindertagesst\u00e4tte St. Martin in Schwarzach und Herrn Pfarrer Koller, seinesgleichen Vorstand des Tr\u00e4gers der Kita St. Martin, gro\u00df, als der Gesch\u00e4ftsf\u00fchrer der Orthop\u00e4dischen Fachklinik Schwarzach im Namen der Klinikmitarbeitenden einen Spendenscheck \u00fcber 1000 Euro am 16.12.2025 \u00fcberreichte. Im Sommer diesen Jahres veranstaltete die Orthop\u00e4dische Fachklinik Schwarzach einen &#8230; <span class=\"more\"><a class=\"more-link\" href=\"https:\/\/pfarrei-schwarzach-perasdorf.de\/?p=3308\">[weiterlesen&#8230;]<\/a><\/span><\/p>\n","protected":false},"author":10,"featured_media":3309,"comment_status":"closed","ping_status":"closed","sticky":false,"template":"","format":"standard","meta":{"footnotes":""},"categories":[6],"tags":[],"_links":{"self":[{"href":"https:\/\/pfarrei-schwarzach-perasdorf.de\/index.php?rest_route=\/wp\/v2\/posts\/3308"}],"collection":[{"href":"https:\/\/pfarrei-schwarzach-perasdorf.de\/index.php?rest_route=\/wp\/v2\/posts"}],"about":[{"href":"https:\/\/pfarrei-schwarzach-perasdorf.de\/index.php?rest_route=\/wp\/v2\/types\/post"}],"author":[{"embeddable":true,"href":"https:\/\/pfarrei-schwarzach-perasdorf.de\/index.php?rest_route=\/wp\/v2\/users\/10"}],"replies":[{"embeddable":true,"href":"https:\/\/pfarrei-schwarzach-perasdorf.de\/index.php?rest_route=%2Fwp%2Fv2%2Fcomments&post=3308"}],"version-history":[{"count":1,"href":"https:\/\/pfarrei-schwarzach-perasdorf.de\/index.php?rest_route=\/wp\/v2\/posts\/3308\/revisions"}],"predecessor-version":[{"id":3310,"href":"https:\/\/pfarrei-schwarzach-perasdorf.de\/index.php?rest_route=\/wp\/v2\/posts\/3308\/revisions\/3310"}],"wp:featuredmedia":[{"embeddable":true,"href":"https:\/\/pfarrei-schwarzach-perasdorf.de\/index.php?rest_route=\/wp\/v2\/media\/3309"}],"wp:attachment":[{"href":"https:\/\/pfarrei-schwarzach-perasdorf.de\/index.php?rest_route=%2Fwp%2Fv2%2Fmedia&parent=3308"}],"wp:term":[{"taxonomy":"category","embeddable":true,"href":"https:\/\/pfarrei-schwarzach-perasdorf.de\/index.php?rest_route=%2Fwp%2Fv2%2Fcategories&post=3308"},{"taxonomy":"post_tag","embeddable":true,"href":"https:\/\/pfarrei-schwarzach-perasdorf.de\/index.php?rest_route=%2Fwp%2Fv2%2Ftags&post=3308"}],"curies":[{"name":"wp","href":"https:\/\/api.w.org\/{rel}","templated":true}]}}