{"id":3306,"date":"2025-12-15T22:24:46","date_gmt":"2025-12-15T21:24:46","guid":{"rendered":"https:\/\/pfarrei-schwarzach-perasdorf.de\/?p=3306"},"modified":"2025-12-15T22:24:48","modified_gmt":"2025-12-15T21:24:48","slug":"spende-der-orthopaedischen-fachklinik","status":"publish","type":"post","link":"https:\/\/pfarrei-schwarzach-perasdorf.de\/?p=3306","title":{"rendered":"Spende der Orthop\u00e4dischen Fachklinik"},"content":{"rendered":"\n<p>Diese Woche hat die Orthop\u00e4dische Fachklinik Schwarzach eine Spende in H\u00f6he von 2000 Euro aus den Erl\u00f6sen der 75-Jahr-Feier und dem verbundenen Tag der Offenen T\u00fcr am 29.06.2025 an Herrn Pfarrer Koller, stellvertretend f\u00fcr die Pfarrei Schwarzach, zur Sanierung der Pfarrkirche St. Martin \u00fcbergeben. Pfarrer Hans-J\u00fcrgen-Koller feierte Mitte November 2025 seinen 60sten Geburtstag und hatte ausdr\u00fccklich auf Geschenke verzichtet und um Spenden zur Sanierung der Pfarrkirche St. Martin gebeten. Die Mitarbeitenden der Orthop\u00e4dischen Fachklinik Schwarzach wollten diesem Wunsch gerne nachkommen und so die Verbundenheit mit ihrem Vorsitzenden des Stiftungsrats zum Ausdruck bringen.<\/p>\n\n\n\n<p>Text und Foto: Michael Trotz<\/p>\n\n\n\n<p><\/p>\n\n\n\n<figure class=\"wp-block-image size-large\"><img loading=\"lazy\" decoding=\"async\" width=\"1024\" height=\"768\" src=\"https:\/\/pfarrei-schwarzach-perasdorf.de\/wp-content\/uploads\/2025\/11\/IMG_6567-1024x768.jpg\" alt=\"\" class=\"wp-image-3259\" srcset=\"https:\/\/pfarrei-schwarzach-perasdorf.de\/wp-content\/uploads\/2025\/11\/IMG_6567-1024x768.jpg 1024w, https:\/\/pfarrei-schwarzach-perasdorf.de\/wp-content\/uploads\/2025\/11\/IMG_6567-300x225.jpg 300w, https:\/\/pfarrei-schwarzach-perasdorf.de\/wp-content\/uploads\/2025\/11\/IMG_6567-150x113.jpg 150w, https:\/\/pfarrei-schwarzach-perasdorf.de\/wp-content\/uploads\/2025\/11\/IMG_6567-768x576.jpg 768w, https:\/\/pfarrei-schwarzach-perasdorf.de\/wp-content\/uploads\/2025\/11\/IMG_6567-1536x1152.jpg 1536w, https:\/\/pfarrei-schwarzach-perasdorf.de\/wp-content\/uploads\/2025\/11\/IMG_6567-2048x1536.jpg 2048w\" sizes=\"(max-width: 1024px) 100vw, 1024px\" \/><\/figure>\n\n\n\n<p><\/p>\n\n\n\n<p>von links :\u00a0 Stiftungsrat und 1. B\u00fcrgermeister Georg Edbauer. Beate Tremmel Pfarrgemeinderatsvorsitzende. Michael Trotz Stiftungsvorstandsvorsitzender und Gesch\u00e4ftsf\u00fchrer der OFS. Pfarrer und Stiftungsratsvorsitzender Hans-J\u00fcrgen Koller. Josef Ehrl Kirchenpfleger.<\/p>\n","protected":false},"excerpt":{"rendered":"<p>Diese Woche hat die Orthop\u00e4dische Fachklinik Schwarzach eine Spende in H\u00f6he von 2000 Euro aus den Erl\u00f6sen der 75-Jahr-Feier und dem verbundenen Tag der Offenen T\u00fcr am 29.06.2025 an Herrn Pfarrer Koller, stellvertretend f\u00fcr die Pfarrei Schwarzach, zur Sanierung der Pfarrkirche St. Martin \u00fcbergeben. Pfarrer Hans-J\u00fcrgen-Koller feierte Mitte November 2025 seinen 60sten Geburtstag und hatte &#8230; <span class=\"more\"><a class=\"more-link\" href=\"https:\/\/pfarrei-schwarzach-perasdorf.de\/?p=3306\">[weiterlesen&#8230;]<\/a><\/span><\/p>\n","protected":false},"author":10,"featured_media":3259,"comment_status":"closed","ping_status":"closed","sticky":false,"template":"","format":"standard","meta":{"footnotes":""},"categories":[6],"tags":[],"_links":{"self":[{"href":"https:\/\/pfarrei-schwarzach-perasdorf.de\/index.php?rest_route=\/wp\/v2\/posts\/3306"}],"collection":[{"href":"https:\/\/pfarrei-schwarzach-perasdorf.de\/index.php?rest_route=\/wp\/v2\/posts"}],"about":[{"href":"https:\/\/pfarrei-schwarzach-perasdorf.de\/index.php?rest_route=\/wp\/v2\/types\/post"}],"author":[{"embeddable":true,"href":"https:\/\/pfarrei-schwarzach-perasdorf.de\/index.php?rest_route=\/wp\/v2\/users\/10"}],"replies":[{"embeddable":true,"href":"https:\/\/pfarrei-schwarzach-perasdorf.de\/index.php?rest_route=%2Fwp%2Fv2%2Fcomments&post=3306"}],"version-history":[{"count":1,"href":"https:\/\/pfarrei-schwarzach-perasdorf.de\/index.php?rest_route=\/wp\/v2\/posts\/3306\/revisions"}],"predecessor-version":[{"id":3307,"href":"https:\/\/pfarrei-schwarzach-perasdorf.de\/index.php?rest_route=\/wp\/v2\/posts\/3306\/revisions\/3307"}],"wp:featuredmedia":[{"embeddable":true,"href":"https:\/\/pfarrei-schwarzach-perasdorf.de\/index.php?rest_route=\/wp\/v2\/media\/3259"}],"wp:attachment":[{"href":"https:\/\/pfarrei-schwarzach-perasdorf.de\/index.php?rest_route=%2Fwp%2Fv2%2Fmedia&parent=3306"}],"wp:term":[{"taxonomy":"category","embeddable":true,"href":"https:\/\/pfarrei-schwarzach-perasdorf.de\/index.php?rest_route=%2Fwp%2Fv2%2Fcategories&post=3306"},{"taxonomy":"post_tag","embeddable":true,"href":"https:\/\/pfarrei-schwarzach-perasdorf.de\/index.php?rest_route=%2Fwp%2Fv2%2Ftags&post=3306"}],"curies":[{"name":"wp","href":"https:\/\/api.w.org\/{rel}","templated":true}]}}