{"id":3290,"date":"2025-12-10T22:39:47","date_gmt":"2025-12-10T21:39:47","guid":{"rendered":"https:\/\/pfarrei-schwarzach-perasdorf.de\/?p=3290"},"modified":"2025-12-11T22:25:27","modified_gmt":"2025-12-11T21:25:27","slug":"pfarrer-hans-juergen-koller-und-rupert-venus-stellten-bischof-rudolf-neues-buch-vor","status":"publish","type":"post","link":"https:\/\/pfarrei-schwarzach-perasdorf.de\/?p=3290","title":{"rendered":"Pfarrer Hans-J\u00fcrgen Koller und Rupert Venus stellten Bischof Rudolf neues Buch vor"},"content":{"rendered":"\n<h2 class=\"wp-block-heading\" id=\"BischofRudolf\">\u201eDie Pfarrei erz\u00e4hlt\u201c<\/h2>\n\n\n\n<p><\/p>\n\n\n\n<figure class=\"wp-block-image size-large\"><img loading=\"lazy\" decoding=\"async\" width=\"1024\" height=\"576\" src=\"https:\/\/pfarrei-schwarzach-perasdorf.de\/wp-content\/uploads\/2025\/12\/csm_251205_buchvorstellung-venus-brigitte-rupert-bischof-voderholzer-rudolf-pfarrer-koller-hans-juergen_b7686abb91-1024x576.webp\" alt=\"\" class=\"wp-image-3288\" srcset=\"https:\/\/pfarrei-schwarzach-perasdorf.de\/wp-content\/uploads\/2025\/12\/csm_251205_buchvorstellung-venus-brigitte-rupert-bischof-voderholzer-rudolf-pfarrer-koller-hans-juergen_b7686abb91-1024x576.webp 1024w, https:\/\/pfarrei-schwarzach-perasdorf.de\/wp-content\/uploads\/2025\/12\/csm_251205_buchvorstellung-venus-brigitte-rupert-bischof-voderholzer-rudolf-pfarrer-koller-hans-juergen_b7686abb91-300x169.webp 300w, https:\/\/pfarrei-schwarzach-perasdorf.de\/wp-content\/uploads\/2025\/12\/csm_251205_buchvorstellung-venus-brigitte-rupert-bischof-voderholzer-rudolf-pfarrer-koller-hans-juergen_b7686abb91-150x84.webp 150w, https:\/\/pfarrei-schwarzach-perasdorf.de\/wp-content\/uploads\/2025\/12\/csm_251205_buchvorstellung-venus-brigitte-rupert-bischof-voderholzer-rudolf-pfarrer-koller-hans-juergen_b7686abb91-768x432.webp 768w, https:\/\/pfarrei-schwarzach-perasdorf.de\/wp-content\/uploads\/2025\/12\/csm_251205_buchvorstellung-venus-brigitte-rupert-bischof-voderholzer-rudolf-pfarrer-koller-hans-juergen_b7686abb91.webp 1400w\" sizes=\"(max-width: 1024px) 100vw, 1024px\" \/><\/figure>\n\n\n\n<p><\/p>\n\n\n\n<p><em>Regensburg, 5. Dezember 2025<\/em><\/p>\n\n\n\n<p><em>Am vergangenen Freitag besuchten Pfarrer Hans-J\u00fcrgen Koller, Rupert Venus und Brigitte Venus in Regensburg Bischof Dr. Rudolf Voderholzer. Anlass ihres Besuches war das im M\u00e4rz erschienene Buch \u201eDie Pfarrei erz\u00e4hlt\u201c von Rupert Venus. Darin macht der Autor die Pfarrei St. Martin, gelegen in Markt Schwarzach im Landkreis Straubing-Bogen, zum Thema.<\/em><\/p>\n\n\n\n<p>Es ist das nunmehr sechste Buch, das der Ehrenb\u00fcrger von Markt Schwarzach und Ortsheimatpfleger, Rupert Venus, \u00fcber seinen Heimatort verfasst hat. Seit Jahrzehnten sammelt er Informationen \u00fcber den Ort und l\u00e4sst sie in seine B\u00fccher flie\u00dfen, die immer \u201eerz\u00e4hlt\u201c im Titel stehen haben, berichtet er. Sein letztes Buch ist nun \u201eDie Pfarrei erz\u00e4hlt\u201c geworden. Dem Regensburger Oberhirten gab er beim Gespr\u00e4ch einige Buchanekdoten aus der jahrhundertealten Pfarreiengeschichte preis. So gab es die \u201eSpitzbuam-T\u00fcrl\u201c, eine Seitent\u00fcr, durch die sich die Leute durchschleichen konnten, wenn sie zu sp\u00e4t beim Gottesdienst erschienen, erz\u00e4hlte Venus. Genauso gut konnten sie vor Gottesdienstende verschwinden. Pfarrer Josef Ernst war es dann, erkl\u00e4rte der Autor, der dem Treiben ein Ende setzte und die T\u00fcr zumauern lie\u00df.<\/p>\n\n\n\n<p>Erh\u00e4ltlich ist das Buch in Schwarzach im Pfarrb\u00fcro, Rathaus, bei Metallbau Biller und EP Baier.<\/p>\n\n\n\n<p>Im Anschluss an die Buchvorstellung tauschten sich die Bescher und Bischof Rudolf \u00fcber die Krippe aus, die sich im Raum befindet. Der Regensburger Bischof lud daraufhin zur Krippenf\u00fchrung ins Bisch\u00f6fliche Ordinariat ein. Pfarrer Hans-J\u00fcrgen Koller lud herzlich zu allerlei Terminen in die Pfarrei ein. Der Regensburger Oberhirte schenkte seinen G\u00e4sten sein Krippenbuch, als kleinen Vorgeschmack auf die F\u00fchrung. Autor Rupert Venus \u00fcberreichte dem Bischof im Gegenzug eine Ausgabe seines Buchs mit eigens angefertigter Zeichnung und Pfarrer Hans-J\u00fcrgen Koller brachte dem Regensburger Oberhirten eine Kleinigkeit zum Nikolaus mit.<\/p>\n\n\n\n<p><em>Text und Fotos: Lea Grosser&nbsp;<\/em><br><em>(jas)<\/em><\/p>\n\n\n\n<p><\/p>\n\n\n\n<figure class=\"wp-block-gallery has-nested-images columns-default is-cropped wp-block-gallery-1 is-layout-flex wp-block-gallery-is-layout-flex\">\n<figure class=\"wp-block-image size-large\"><img loading=\"lazy\" decoding=\"async\" width=\"1024\" height=\"576\" data-id=\"3284\" src=\"https:\/\/pfarrei-schwarzach-perasdorf.de\/wp-content\/uploads\/2025\/12\/csm_251205_buchvorstellung-buch-pfarrei-erzaehlt-schwarzach_265d1a2342-1024x576.webp\" alt=\"\" class=\"wp-image-3284\" srcset=\"https:\/\/pfarrei-schwarzach-perasdorf.de\/wp-content\/uploads\/2025\/12\/csm_251205_buchvorstellung-buch-pfarrei-erzaehlt-schwarzach_265d1a2342-1024x576.webp 1024w, https:\/\/pfarrei-schwarzach-perasdorf.de\/wp-content\/uploads\/2025\/12\/csm_251205_buchvorstellung-buch-pfarrei-erzaehlt-schwarzach_265d1a2342-300x169.webp 300w, https:\/\/pfarrei-schwarzach-perasdorf.de\/wp-content\/uploads\/2025\/12\/csm_251205_buchvorstellung-buch-pfarrei-erzaehlt-schwarzach_265d1a2342-150x84.webp 150w, https:\/\/pfarrei-schwarzach-perasdorf.de\/wp-content\/uploads\/2025\/12\/csm_251205_buchvorstellung-buch-pfarrei-erzaehlt-schwarzach_265d1a2342-768x432.webp 768w, https:\/\/pfarrei-schwarzach-perasdorf.de\/wp-content\/uploads\/2025\/12\/csm_251205_buchvorstellung-buch-pfarrei-erzaehlt-schwarzach_265d1a2342.webp 1400w\" sizes=\"(max-width: 1024px) 100vw, 1024px\" \/><\/figure>\n\n\n\n<figure class=\"wp-block-image size-large\"><img loading=\"lazy\" decoding=\"async\" width=\"1024\" height=\"576\" data-id=\"3283\" src=\"https:\/\/pfarrei-schwarzach-perasdorf.de\/wp-content\/uploads\/2025\/12\/csm_251205_buchvorstellung-bischof-rudolf-voderholzer-buch_bbbb2986e0-1024x576.webp\" alt=\"\" class=\"wp-image-3283\" srcset=\"https:\/\/pfarrei-schwarzach-perasdorf.de\/wp-content\/uploads\/2025\/12\/csm_251205_buchvorstellung-bischof-rudolf-voderholzer-buch_bbbb2986e0-1024x576.webp 1024w, https:\/\/pfarrei-schwarzach-perasdorf.de\/wp-content\/uploads\/2025\/12\/csm_251205_buchvorstellung-bischof-rudolf-voderholzer-buch_bbbb2986e0-300x169.webp 300w, https:\/\/pfarrei-schwarzach-perasdorf.de\/wp-content\/uploads\/2025\/12\/csm_251205_buchvorstellung-bischof-rudolf-voderholzer-buch_bbbb2986e0-150x84.webp 150w, https:\/\/pfarrei-schwarzach-perasdorf.de\/wp-content\/uploads\/2025\/12\/csm_251205_buchvorstellung-bischof-rudolf-voderholzer-buch_bbbb2986e0-768x432.webp 768w, https:\/\/pfarrei-schwarzach-perasdorf.de\/wp-content\/uploads\/2025\/12\/csm_251205_buchvorstellung-bischof-rudolf-voderholzer-buch_bbbb2986e0.webp 1400w\" sizes=\"(max-width: 1024px) 100vw, 1024px\" \/><figcaption class=\"wp-element-caption\">Bischof Dr. Rudolf Voderholzer.<\/figcaption><\/figure>\n\n\n\n<figure class=\"wp-block-image size-large\"><img loading=\"lazy\" decoding=\"async\" width=\"1024\" height=\"576\" data-id=\"3285\" src=\"https:\/\/pfarrei-schwarzach-perasdorf.de\/wp-content\/uploads\/2025\/12\/csm_251205_buchvorstellung-koller-hans-juergen-geschenk_f06392ba1a-1024x576.webp\" alt=\"\" class=\"wp-image-3285\" srcset=\"https:\/\/pfarrei-schwarzach-perasdorf.de\/wp-content\/uploads\/2025\/12\/csm_251205_buchvorstellung-koller-hans-juergen-geschenk_f06392ba1a-1024x576.webp 1024w, https:\/\/pfarrei-schwarzach-perasdorf.de\/wp-content\/uploads\/2025\/12\/csm_251205_buchvorstellung-koller-hans-juergen-geschenk_f06392ba1a-300x169.webp 300w, https:\/\/pfarrei-schwarzach-perasdorf.de\/wp-content\/uploads\/2025\/12\/csm_251205_buchvorstellung-koller-hans-juergen-geschenk_f06392ba1a-150x84.webp 150w, https:\/\/pfarrei-schwarzach-perasdorf.de\/wp-content\/uploads\/2025\/12\/csm_251205_buchvorstellung-koller-hans-juergen-geschenk_f06392ba1a-768x432.webp 768w, https:\/\/pfarrei-schwarzach-perasdorf.de\/wp-content\/uploads\/2025\/12\/csm_251205_buchvorstellung-koller-hans-juergen-geschenk_f06392ba1a.webp 1400w\" sizes=\"(max-width: 1024px) 100vw, 1024px\" \/><figcaption class=\"wp-element-caption\">Pfarrer Hans-J\u00fcrgen Koller<\/figcaption><\/figure>\n\n\n\n<figure class=\"wp-block-image size-large\"><img loading=\"lazy\" decoding=\"async\" width=\"1024\" height=\"576\" data-id=\"3286\" src=\"https:\/\/pfarrei-schwarzach-perasdorf.de\/wp-content\/uploads\/2025\/12\/csm_251205_buchvorstellung-pfarrei-erzaehlt-buch_6b7da50846-1024x576.webp\" alt=\"\" class=\"wp-image-3286\" srcset=\"https:\/\/pfarrei-schwarzach-perasdorf.de\/wp-content\/uploads\/2025\/12\/csm_251205_buchvorstellung-pfarrei-erzaehlt-buch_6b7da50846-1024x576.webp 1024w, https:\/\/pfarrei-schwarzach-perasdorf.de\/wp-content\/uploads\/2025\/12\/csm_251205_buchvorstellung-pfarrei-erzaehlt-buch_6b7da50846-300x169.webp 300w, https:\/\/pfarrei-schwarzach-perasdorf.de\/wp-content\/uploads\/2025\/12\/csm_251205_buchvorstellung-pfarrei-erzaehlt-buch_6b7da50846-150x84.webp 150w, https:\/\/pfarrei-schwarzach-perasdorf.de\/wp-content\/uploads\/2025\/12\/csm_251205_buchvorstellung-pfarrei-erzaehlt-buch_6b7da50846-768x432.webp 768w, https:\/\/pfarrei-schwarzach-perasdorf.de\/wp-content\/uploads\/2025\/12\/csm_251205_buchvorstellung-pfarrei-erzaehlt-buch_6b7da50846.webp 1400w\" sizes=\"(max-width: 1024px) 100vw, 1024px\" \/><\/figure>\n<\/figure>\n\n\n\n<p><a href=\"https:\/\/bistum-regensburg.de\/fileadmin\/Bilder\/News_u._Kirchenjahr\/News_2025_12\/251205_buchvorstellung-buch-pfarrei-erzaehlt-schwarzach.jpg\"><\/a><a href=\"https:\/\/bistum-regensburg.de\/fileadmin\/Bilder\/News_u._Kirchenjahr\/News_2025_12\/251205_buchvorstellung-buch-pfarrei-erzaehlt-schwarzach.jpg\"><\/a><\/p>\n\n\n\n<figure class=\"wp-block-gallery has-nested-images columns-default is-cropped wp-block-gallery-2 is-layout-flex wp-block-gallery-is-layout-flex\">\n<figure class=\"wp-block-image size-large is-style-default\"><img loading=\"lazy\" decoding=\"async\" width=\"1024\" height=\"576\" data-id=\"3287\" src=\"https:\/\/pfarrei-schwarzach-perasdorf.de\/wp-content\/uploads\/2025\/12\/csm_251205_buchvorstellung-venus-brigitte-rupert_a1a918f5ff-1024x576.webp\" alt=\"\" class=\"wp-image-3287\" srcset=\"https:\/\/pfarrei-schwarzach-perasdorf.de\/wp-content\/uploads\/2025\/12\/csm_251205_buchvorstellung-venus-brigitte-rupert_a1a918f5ff-1024x576.webp 1024w, https:\/\/pfarrei-schwarzach-perasdorf.de\/wp-content\/uploads\/2025\/12\/csm_251205_buchvorstellung-venus-brigitte-rupert_a1a918f5ff-300x169.webp 300w, https:\/\/pfarrei-schwarzach-perasdorf.de\/wp-content\/uploads\/2025\/12\/csm_251205_buchvorstellung-venus-brigitte-rupert_a1a918f5ff-150x84.webp 150w, https:\/\/pfarrei-schwarzach-perasdorf.de\/wp-content\/uploads\/2025\/12\/csm_251205_buchvorstellung-venus-brigitte-rupert_a1a918f5ff-768x432.webp 768w, https:\/\/pfarrei-schwarzach-perasdorf.de\/wp-content\/uploads\/2025\/12\/csm_251205_buchvorstellung-venus-brigitte-rupert_a1a918f5ff.webp 1400w\" sizes=\"(max-width: 1024px) 100vw, 1024px\" \/><figcaption class=\"wp-element-caption\">Brigitte Venus und Autor Rupert Venus<\/figcaption><\/figure>\n\n\n\n<figure class=\"wp-block-image size-large\"><img loading=\"lazy\" decoding=\"async\" width=\"1024\" height=\"576\" data-id=\"3289\" src=\"https:\/\/pfarrei-schwarzach-perasdorf.de\/wp-content\/uploads\/2025\/12\/csm_251205_buchvorstellung-venus-rupert-bischof-voderholzer-rudolf_43fc063232-1024x576.webp\" alt=\"\" class=\"wp-image-3289\" srcset=\"https:\/\/pfarrei-schwarzach-perasdorf.de\/wp-content\/uploads\/2025\/12\/csm_251205_buchvorstellung-venus-rupert-bischof-voderholzer-rudolf_43fc063232-1024x576.webp 1024w, https:\/\/pfarrei-schwarzach-perasdorf.de\/wp-content\/uploads\/2025\/12\/csm_251205_buchvorstellung-venus-rupert-bischof-voderholzer-rudolf_43fc063232-300x169.webp 300w, https:\/\/pfarrei-schwarzach-perasdorf.de\/wp-content\/uploads\/2025\/12\/csm_251205_buchvorstellung-venus-rupert-bischof-voderholzer-rudolf_43fc063232-150x84.webp 150w, https:\/\/pfarrei-schwarzach-perasdorf.de\/wp-content\/uploads\/2025\/12\/csm_251205_buchvorstellung-venus-rupert-bischof-voderholzer-rudolf_43fc063232-768x432.webp 768w, https:\/\/pfarrei-schwarzach-perasdorf.de\/wp-content\/uploads\/2025\/12\/csm_251205_buchvorstellung-venus-rupert-bischof-voderholzer-rudolf_43fc063232.webp 1400w\" sizes=\"(max-width: 1024px) 100vw, 1024px\" \/><figcaption class=\"wp-element-caption\">Autor Rupert Venus und Bischof Dr. Rudolf Voderholzer<\/figcaption><\/figure>\n<\/figure>\n","protected":false},"excerpt":{"rendered":"<p>\u201eDie Pfarrei erz\u00e4hlt\u201c Regensburg, 5. Dezember 2025 Am vergangenen Freitag besuchten Pfarrer Hans-J\u00fcrgen Koller, Rupert Venus und Brigitte Venus in Regensburg Bischof Dr. Rudolf Voderholzer. Anlass ihres Besuches war das im M\u00e4rz erschienene Buch \u201eDie Pfarrei erz\u00e4hlt\u201c von Rupert Venus. Darin macht der Autor die Pfarrei St. Martin, gelegen in Markt Schwarzach im Landkreis Straubing-Bogen, &#8230; <span class=\"more\"><a class=\"more-link\" href=\"https:\/\/pfarrei-schwarzach-perasdorf.de\/?p=3290\">[weiterlesen&#8230;]<\/a><\/span><\/p>\n","protected":false},"author":10,"featured_media":3288,"comment_status":"closed","ping_status":"closed","sticky":false,"template":"","format":"standard","meta":{"footnotes":""},"categories":[6],"tags":[],"_links":{"self":[{"href":"https:\/\/pfarrei-schwarzach-perasdorf.de\/index.php?rest_route=\/wp\/v2\/posts\/3290"}],"collection":[{"href":"https:\/\/pfarrei-schwarzach-perasdorf.de\/index.php?rest_route=\/wp\/v2\/posts"}],"about":[{"href":"https:\/\/pfarrei-schwarzach-perasdorf.de\/index.php?rest_route=\/wp\/v2\/types\/post"}],"author":[{"embeddable":true,"href":"https:\/\/pfarrei-schwarzach-perasdorf.de\/index.php?rest_route=\/wp\/v2\/users\/10"}],"replies":[{"embeddable":true,"href":"https:\/\/pfarrei-schwarzach-perasdorf.de\/index.php?rest_route=%2Fwp%2Fv2%2Fcomments&post=3290"}],"version-history":[{"count":3,"href":"https:\/\/pfarrei-schwarzach-perasdorf.de\/index.php?rest_route=\/wp\/v2\/posts\/3290\/revisions"}],"predecessor-version":[{"id":3300,"href":"https:\/\/pfarrei-schwarzach-perasdorf.de\/index.php?rest_route=\/wp\/v2\/posts\/3290\/revisions\/3300"}],"wp:featuredmedia":[{"embeddable":true,"href":"https:\/\/pfarrei-schwarzach-perasdorf.de\/index.php?rest_route=\/wp\/v2\/media\/3288"}],"wp:attachment":[{"href":"https:\/\/pfarrei-schwarzach-perasdorf.de\/index.php?rest_route=%2Fwp%2Fv2%2Fmedia&parent=3290"}],"wp:term":[{"taxonomy":"category","embeddable":true,"href":"https:\/\/pfarrei-schwarzach-perasdorf.de\/index.php?rest_route=%2Fwp%2Fv2%2Fcategories&post=3290"},{"taxonomy":"post_tag","embeddable":true,"href":"https:\/\/pfarrei-schwarzach-perasdorf.de\/index.php?rest_route=%2Fwp%2Fv2%2Ftags&post=3290"}],"curies":[{"name":"wp","href":"https:\/\/api.w.org\/{rel}","templated":true}]}}