{"id":3271,"date":"2025-12-04T22:16:16","date_gmt":"2025-12-04T21:16:16","guid":{"rendered":"https:\/\/pfarrei-schwarzach-perasdorf.de\/?p=3271"},"modified":"2025-12-04T22:16:17","modified_gmt":"2025-12-04T21:16:17","slug":"verabschiedung-von-frau-edeltraud-schlecht","status":"publish","type":"post","link":"https:\/\/pfarrei-schwarzach-perasdorf.de\/?p=3271","title":{"rendered":"Verabschiedung von Frau Edeltraud Schlecht"},"content":{"rendered":"\n<p>Bereits im Juli 2016 wurde Frau Schlecht ganz offiziell nach fast 27 Jahren in den Ruhestand verabschiedet. Seither arbeitete sie durchg\u00e4ngig mit ein paar Wochenstunden in der Kita und war immer zur Stelle, wenn \u201eNot an Frau\u201c war. Sie ist und war immer sehr beliebt bei allen Kindern und im gesamten Erzieherteam, immer zur Stelle, wenn man sie brauchte und stets gut gelaunt und gelassen, auch wenn noch so viel los war. Sie sorgte in allen \u201everlassenen Ecken\u201c f\u00fcr Ordnung, war immer ganz selbstverst\u00e4ndlich die rechte Hand ihres Mannes, der 5 Jahre als Hausmeister der Pfarrei und der Kita arbeitete, k\u00fcmmerte sich in den Ferien um die Blumen und f\u00e4hrt bis heute jede Woche den Abfall zum Wertstoffhof. Die Entscheidung nun endg\u00fcltig und wirklich in den Ruhestand zu gehen, hat sich Frau Schlecht nicht leicht gemacht, denn wie Pfarrer Koller bei der Verabschiedung sagte, war Erzieherin nicht nur ein Beruf f\u00fcr Frau Schlecht, sondern immer eine Berufung, die sie mit viel Herzblut und Freude erf\u00fcllte. Er bedankte sich ganz herzlich bei Frau Schlecht f\u00fcr insgesamt fast 35 Jahre Betriebszugeh\u00f6rigkeit, f\u00fcr ihren unerm\u00fcdlichen Einsatz und w\u00fcnschte ihr alles Gute f\u00fcr den \u00fcberaus wohlverdienten Ruhestand. Pfarrer Koller und Gesch\u00e4ftsf\u00fchrer Josef Ehrl \u00fcberreichten Blumen und ein Geschenk der Pfarrei. Die Kinder und das Erzieherteam verabschiedeten sich mit einem selbst gedichteten Lied und sagten so \u201eAufwiedersehn!\u201c zu Edeltraud.<\/p>\n\n\n\n<p><\/p>\n\n\n\n<p>Text und Bilder: KiGa St. Martin (Astrid Eiglsperger)<\/p>\n\n\n\n<p><\/p>\n\n\n\n<figure class=\"wp-block-image size-large\"><img loading=\"lazy\" decoding=\"async\" width=\"1024\" height=\"683\" src=\"https:\/\/pfarrei-schwarzach-perasdorf.de\/wp-content\/uploads\/2025\/12\/IMG_8675-1024x683.jpg\" alt=\"\" class=\"wp-image-3267\" srcset=\"https:\/\/pfarrei-schwarzach-perasdorf.de\/wp-content\/uploads\/2025\/12\/IMG_8675-1024x683.jpg 1024w, https:\/\/pfarrei-schwarzach-perasdorf.de\/wp-content\/uploads\/2025\/12\/IMG_8675-300x200.jpg 300w, https:\/\/pfarrei-schwarzach-perasdorf.de\/wp-content\/uploads\/2025\/12\/IMG_8675-150x100.jpg 150w, https:\/\/pfarrei-schwarzach-perasdorf.de\/wp-content\/uploads\/2025\/12\/IMG_8675-768x512.jpg 768w, https:\/\/pfarrei-schwarzach-perasdorf.de\/wp-content\/uploads\/2025\/12\/IMG_8675-1536x1024.jpg 1536w, https:\/\/pfarrei-schwarzach-perasdorf.de\/wp-content\/uploads\/2025\/12\/IMG_8675-2048x1365.jpg 2048w\" sizes=\"(max-width: 1024px) 100vw, 1024px\" \/><\/figure>\n\n\n\n<p><\/p>\n\n\n\n<figure class=\"wp-block-image size-large\"><img loading=\"lazy\" decoding=\"async\" width=\"1024\" height=\"683\" src=\"https:\/\/pfarrei-schwarzach-perasdorf.de\/wp-content\/uploads\/2025\/12\/IMG_8686-1024x683.jpg\" alt=\"\" class=\"wp-image-3268\" srcset=\"https:\/\/pfarrei-schwarzach-perasdorf.de\/wp-content\/uploads\/2025\/12\/IMG_8686-1024x683.jpg 1024w, https:\/\/pfarrei-schwarzach-perasdorf.de\/wp-content\/uploads\/2025\/12\/IMG_8686-300x200.jpg 300w, https:\/\/pfarrei-schwarzach-perasdorf.de\/wp-content\/uploads\/2025\/12\/IMG_8686-150x100.jpg 150w, https:\/\/pfarrei-schwarzach-perasdorf.de\/wp-content\/uploads\/2025\/12\/IMG_8686-768x512.jpg 768w, https:\/\/pfarrei-schwarzach-perasdorf.de\/wp-content\/uploads\/2025\/12\/IMG_8686-1536x1024.jpg 1536w, https:\/\/pfarrei-schwarzach-perasdorf.de\/wp-content\/uploads\/2025\/12\/IMG_8686-2048x1365.jpg 2048w\" sizes=\"(max-width: 1024px) 100vw, 1024px\" \/><\/figure>\n\n\n\n<p><\/p>\n\n\n\n<p>Am gleichen Tag wurde auch der 60. Geburtstag von Pfarrer Koller in der Kita nachgefeiert. Die Kinder sangen zusammen mit dem Erzieherteam das Geburtstagslied: \u201eHeute kann es regnen, st\u00fcrmen oder schneien\u201c und w\u00fcnschten alles Gute!<\/p>\n\n\n\n<p>Zum Schluss freuten sich die Kinder besonders \u00fcber die von Frau Schlecht und Pfarrer Koller mitgebrachten Gummib\u00e4rchen.<\/p>\n","protected":false},"excerpt":{"rendered":"<p>Bereits im Juli 2016 wurde Frau Schlecht ganz offiziell nach fast 27 Jahren in den Ruhestand verabschiedet. Seither arbeitete sie durchg\u00e4ngig mit ein paar Wochenstunden in der Kita und war immer zur Stelle, wenn \u201eNot an Frau\u201c war. Sie ist und war immer sehr beliebt bei allen Kindern und im gesamten Erzieherteam, immer zur Stelle, &#8230; <span class=\"more\"><a class=\"more-link\" href=\"https:\/\/pfarrei-schwarzach-perasdorf.de\/?p=3271\">[weiterlesen&#8230;]<\/a><\/span><\/p>\n","protected":false},"author":10,"featured_media":3267,"comment_status":"closed","ping_status":"closed","sticky":false,"template":"","format":"standard","meta":{"footnotes":""},"categories":[6],"tags":[],"_links":{"self":[{"href":"https:\/\/pfarrei-schwarzach-perasdorf.de\/index.php?rest_route=\/wp\/v2\/posts\/3271"}],"collection":[{"href":"https:\/\/pfarrei-schwarzach-perasdorf.de\/index.php?rest_route=\/wp\/v2\/posts"}],"about":[{"href":"https:\/\/pfarrei-schwarzach-perasdorf.de\/index.php?rest_route=\/wp\/v2\/types\/post"}],"author":[{"embeddable":true,"href":"https:\/\/pfarrei-schwarzach-perasdorf.de\/index.php?rest_route=\/wp\/v2\/users\/10"}],"replies":[{"embeddable":true,"href":"https:\/\/pfarrei-schwarzach-perasdorf.de\/index.php?rest_route=%2Fwp%2Fv2%2Fcomments&post=3271"}],"version-history":[{"count":1,"href":"https:\/\/pfarrei-schwarzach-perasdorf.de\/index.php?rest_route=\/wp\/v2\/posts\/3271\/revisions"}],"predecessor-version":[{"id":3272,"href":"https:\/\/pfarrei-schwarzach-perasdorf.de\/index.php?rest_route=\/wp\/v2\/posts\/3271\/revisions\/3272"}],"wp:featuredmedia":[{"embeddable":true,"href":"https:\/\/pfarrei-schwarzach-perasdorf.de\/index.php?rest_route=\/wp\/v2\/media\/3267"}],"wp:attachment":[{"href":"https:\/\/pfarrei-schwarzach-perasdorf.de\/index.php?rest_route=%2Fwp%2Fv2%2Fmedia&parent=3271"}],"wp:term":[{"taxonomy":"category","embeddable":true,"href":"https:\/\/pfarrei-schwarzach-perasdorf.de\/index.php?rest_route=%2Fwp%2Fv2%2Fcategories&post=3271"},{"taxonomy":"post_tag","embeddable":true,"href":"https:\/\/pfarrei-schwarzach-perasdorf.de\/index.php?rest_route=%2Fwp%2Fv2%2Ftags&post=3271"}],"curies":[{"name":"wp","href":"https:\/\/api.w.org\/{rel}","templated":true}]}}