{"id":3252,"date":"2025-11-27T22:25:18","date_gmt":"2025-11-27T21:25:18","guid":{"rendered":"https:\/\/pfarrei-schwarzach-perasdorf.de\/?p=3252"},"modified":"2025-11-27T22:25:19","modified_gmt":"2025-11-27T21:25:19","slug":"wolfgangscup","status":"publish","type":"post","link":"https:\/\/pfarrei-schwarzach-perasdorf.de\/?p=3252","title":{"rendered":"Wolfgangscup"},"content":{"rendered":"\n<p>Dieses Jahr nahmen unsere Ministranten wieder am gro\u00dfen Ministrantenfu\u00dfballturnier, dem Wolfgangscup Teil.<br>In der Turnhalle des Veit-H\u00f6ser-Gymnasiums traten unsere Ministranten in zwei Alterskategorien (\u201eJunioren\u201c und \u201eSenioren\u201c) gegen Ministranten aus anderen Pfarreien an.<br>Nach einem sehr spannenden Finalspiel landeten unsere Junioren auf einem mehr als verdienten 2. Platz. Unser Torj\u00e4ger Serfling Kilian wurde sogar zum Torsch\u00fctzenk\u00f6nig gek\u00fcrt.<br>Herzlichen Gl\u00fcckwunsch allen Mitspielern zu dieser tollen Leistung!<br>Die Seniorenmannschaft war leider nicht so erfolgreich und erspielte sich mit gro\u00dfem Einsatz den 4. Platz. Auch hier herzlichen Gl\u00fcckwunsch!<br>Vielen Dank an alle Minis, die zu diesem Turnier angetreten sind und allen, die sich als Fahrer, Motivator, Fan\u2026 eingebracht haben!<\/p>\n\n\n\n<p><\/p>\n\n\n\n<p>Text und Bilder: Martin Bartlreiher<\/p>\n\n\n\n<p><\/p>\n\n\n\n<figure class=\"wp-block-image size-large\"><img loading=\"lazy\" decoding=\"async\" width=\"1024\" height=\"768\" src=\"https:\/\/pfarrei-schwarzach-perasdorf.de\/wp-content\/uploads\/2025\/11\/Wolfgangscup-gesamt-Martin-B-1024x768.jpeg\" alt=\"\" class=\"wp-image-3248\" srcset=\"https:\/\/pfarrei-schwarzach-perasdorf.de\/wp-content\/uploads\/2025\/11\/Wolfgangscup-gesamt-Martin-B-1024x768.jpeg 1024w, https:\/\/pfarrei-schwarzach-perasdorf.de\/wp-content\/uploads\/2025\/11\/Wolfgangscup-gesamt-Martin-B-300x225.jpeg 300w, https:\/\/pfarrei-schwarzach-perasdorf.de\/wp-content\/uploads\/2025\/11\/Wolfgangscup-gesamt-Martin-B-150x113.jpeg 150w, https:\/\/pfarrei-schwarzach-perasdorf.de\/wp-content\/uploads\/2025\/11\/Wolfgangscup-gesamt-Martin-B-768x576.jpeg 768w, https:\/\/pfarrei-schwarzach-perasdorf.de\/wp-content\/uploads\/2025\/11\/Wolfgangscup-gesamt-Martin-B-1536x1152.jpeg 1536w, https:\/\/pfarrei-schwarzach-perasdorf.de\/wp-content\/uploads\/2025\/11\/Wolfgangscup-gesamt-Martin-B.jpeg 1600w\" sizes=\"(max-width: 1024px) 100vw, 1024px\" \/><\/figure>\n\n\n\n<p><\/p>\n\n\n\n<figure class=\"wp-block-gallery has-nested-images columns-default is-cropped wp-block-gallery-1 is-layout-flex wp-block-gallery-is-layout-flex\">\n<figure class=\"wp-block-image size-large\"><img loading=\"lazy\" decoding=\"async\" width=\"473\" height=\"1024\" data-id=\"3246\" src=\"https:\/\/pfarrei-schwarzach-perasdorf.de\/wp-content\/uploads\/2025\/11\/Torschuetzenkoenig-Brygida-Serfling-473x1024.jpeg\" alt=\"\" class=\"wp-image-3246\" srcset=\"https:\/\/pfarrei-schwarzach-perasdorf.de\/wp-content\/uploads\/2025\/11\/Torschuetzenkoenig-Brygida-Serfling-473x1024.jpeg 473w, https:\/\/pfarrei-schwarzach-perasdorf.de\/wp-content\/uploads\/2025\/11\/Torschuetzenkoenig-Brygida-Serfling-139x300.jpeg 139w, https:\/\/pfarrei-schwarzach-perasdorf.de\/wp-content\/uploads\/2025\/11\/Torschuetzenkoenig-Brygida-Serfling-69x150.jpeg 69w, https:\/\/pfarrei-schwarzach-perasdorf.de\/wp-content\/uploads\/2025\/11\/Torschuetzenkoenig-Brygida-Serfling-768x1663.jpeg 768w, https:\/\/pfarrei-schwarzach-perasdorf.de\/wp-content\/uploads\/2025\/11\/Torschuetzenkoenig-Brygida-Serfling-710x1536.jpeg 710w, https:\/\/pfarrei-schwarzach-perasdorf.de\/wp-content\/uploads\/2025\/11\/Torschuetzenkoenig-Brygida-Serfling.jpeg 946w\" sizes=\"(max-width: 473px) 100vw, 473px\" \/><figcaption class=\"wp-element-caption\">Torsch\u00fctzenk\u00f6nig Kilian Serfling<\/figcaption><\/figure>\n\n\n\n<figure class=\"wp-block-image size-large\"><img loading=\"lazy\" decoding=\"async\" width=\"1024\" height=\"768\" data-id=\"3249\" src=\"https:\/\/pfarrei-schwarzach-perasdorf.de\/wp-content\/uploads\/2025\/11\/Wolfgangscup1-Martin-B-1024x768.jpeg\" alt=\"\" class=\"wp-image-3249\" srcset=\"https:\/\/pfarrei-schwarzach-perasdorf.de\/wp-content\/uploads\/2025\/11\/Wolfgangscup1-Martin-B-1024x768.jpeg 1024w, https:\/\/pfarrei-schwarzach-perasdorf.de\/wp-content\/uploads\/2025\/11\/Wolfgangscup1-Martin-B-300x225.jpeg 300w, https:\/\/pfarrei-schwarzach-perasdorf.de\/wp-content\/uploads\/2025\/11\/Wolfgangscup1-Martin-B-150x113.jpeg 150w, https:\/\/pfarrei-schwarzach-perasdorf.de\/wp-content\/uploads\/2025\/11\/Wolfgangscup1-Martin-B-768x576.jpeg 768w, https:\/\/pfarrei-schwarzach-perasdorf.de\/wp-content\/uploads\/2025\/11\/Wolfgangscup1-Martin-B-1536x1152.jpeg 1536w, https:\/\/pfarrei-schwarzach-perasdorf.de\/wp-content\/uploads\/2025\/11\/Wolfgangscup1-Martin-B.jpeg 1600w\" sizes=\"(max-width: 1024px) 100vw, 1024px\" \/><\/figure>\n\n\n\n<figure class=\"wp-block-image size-large\"><img loading=\"lazy\" decoding=\"async\" width=\"1024\" height=\"768\" data-id=\"3250\" src=\"https:\/\/pfarrei-schwarzach-perasdorf.de\/wp-content\/uploads\/2025\/11\/Wolfgangscup2-Martin-B-1024x768.jpeg\" alt=\"\" class=\"wp-image-3250\" srcset=\"https:\/\/pfarrei-schwarzach-perasdorf.de\/wp-content\/uploads\/2025\/11\/Wolfgangscup2-Martin-B-1024x768.jpeg 1024w, https:\/\/pfarrei-schwarzach-perasdorf.de\/wp-content\/uploads\/2025\/11\/Wolfgangscup2-Martin-B-300x225.jpeg 300w, https:\/\/pfarrei-schwarzach-perasdorf.de\/wp-content\/uploads\/2025\/11\/Wolfgangscup2-Martin-B-150x113.jpeg 150w, https:\/\/pfarrei-schwarzach-perasdorf.de\/wp-content\/uploads\/2025\/11\/Wolfgangscup2-Martin-B-768x576.jpeg 768w, https:\/\/pfarrei-schwarzach-perasdorf.de\/wp-content\/uploads\/2025\/11\/Wolfgangscup2-Martin-B-1536x1152.jpeg 1536w, https:\/\/pfarrei-schwarzach-perasdorf.de\/wp-content\/uploads\/2025\/11\/Wolfgangscup2-Martin-B.jpeg 1600w\" sizes=\"(max-width: 1024px) 100vw, 1024px\" \/><\/figure>\n\n\n\n<figure class=\"wp-block-image size-large\"><img loading=\"lazy\" decoding=\"async\" width=\"1024\" height=\"473\" data-id=\"3247\" src=\"https:\/\/pfarrei-schwarzach-perasdorf.de\/wp-content\/uploads\/2025\/11\/Wolfgangscup-Brygida-Serfling-1024x473.jpeg\" alt=\"\" class=\"wp-image-3247\" srcset=\"https:\/\/pfarrei-schwarzach-perasdorf.de\/wp-content\/uploads\/2025\/11\/Wolfgangscup-Brygida-Serfling-1024x473.jpeg 1024w, https:\/\/pfarrei-schwarzach-perasdorf.de\/wp-content\/uploads\/2025\/11\/Wolfgangscup-Brygida-Serfling-300x139.jpeg 300w, https:\/\/pfarrei-schwarzach-perasdorf.de\/wp-content\/uploads\/2025\/11\/Wolfgangscup-Brygida-Serfling-150x69.jpeg 150w, https:\/\/pfarrei-schwarzach-perasdorf.de\/wp-content\/uploads\/2025\/11\/Wolfgangscup-Brygida-Serfling-768x355.jpeg 768w, https:\/\/pfarrei-schwarzach-perasdorf.de\/wp-content\/uploads\/2025\/11\/Wolfgangscup-Brygida-Serfling-1536x710.jpeg 1536w, https:\/\/pfarrei-schwarzach-perasdorf.de\/wp-content\/uploads\/2025\/11\/Wolfgangscup-Brygida-Serfling.jpeg 2048w\" sizes=\"(max-width: 1024px) 100vw, 1024px\" \/><\/figure>\n<\/figure>\n","protected":false},"excerpt":{"rendered":"<p>Dieses Jahr nahmen unsere Ministranten wieder am gro\u00dfen Ministrantenfu\u00dfballturnier, dem Wolfgangscup Teil.In der Turnhalle des Veit-H\u00f6ser-Gymnasiums traten unsere Ministranten in zwei Alterskategorien (\u201eJunioren\u201c und \u201eSenioren\u201c) gegen Ministranten aus anderen Pfarreien an.Nach einem sehr spannenden Finalspiel landeten unsere Junioren auf einem mehr als verdienten 2. Platz. Unser Torj\u00e4ger Serfling Kilian wurde sogar zum Torsch\u00fctzenk\u00f6nig gek\u00fcrt.Herzlichen Gl\u00fcckwunsch &#8230; <span class=\"more\"><a class=\"more-link\" href=\"https:\/\/pfarrei-schwarzach-perasdorf.de\/?p=3252\">[weiterlesen&#8230;]<\/a><\/span><\/p>\n","protected":false},"author":10,"featured_media":3248,"comment_status":"closed","ping_status":"closed","sticky":false,"template":"","format":"standard","meta":{"footnotes":""},"categories":[6],"tags":[],"_links":{"self":[{"href":"https:\/\/pfarrei-schwarzach-perasdorf.de\/index.php?rest_route=\/wp\/v2\/posts\/3252"}],"collection":[{"href":"https:\/\/pfarrei-schwarzach-perasdorf.de\/index.php?rest_route=\/wp\/v2\/posts"}],"about":[{"href":"https:\/\/pfarrei-schwarzach-perasdorf.de\/index.php?rest_route=\/wp\/v2\/types\/post"}],"author":[{"embeddable":true,"href":"https:\/\/pfarrei-schwarzach-perasdorf.de\/index.php?rest_route=\/wp\/v2\/users\/10"}],"replies":[{"embeddable":true,"href":"https:\/\/pfarrei-schwarzach-perasdorf.de\/index.php?rest_route=%2Fwp%2Fv2%2Fcomments&post=3252"}],"version-history":[{"count":1,"href":"https:\/\/pfarrei-schwarzach-perasdorf.de\/index.php?rest_route=\/wp\/v2\/posts\/3252\/revisions"}],"predecessor-version":[{"id":3253,"href":"https:\/\/pfarrei-schwarzach-perasdorf.de\/index.php?rest_route=\/wp\/v2\/posts\/3252\/revisions\/3253"}],"wp:featuredmedia":[{"embeddable":true,"href":"https:\/\/pfarrei-schwarzach-perasdorf.de\/index.php?rest_route=\/wp\/v2\/media\/3248"}],"wp:attachment":[{"href":"https:\/\/pfarrei-schwarzach-perasdorf.de\/index.php?rest_route=%2Fwp%2Fv2%2Fmedia&parent=3252"}],"wp:term":[{"taxonomy":"category","embeddable":true,"href":"https:\/\/pfarrei-schwarzach-perasdorf.de\/index.php?rest_route=%2Fwp%2Fv2%2Fcategories&post=3252"},{"taxonomy":"post_tag","embeddable":true,"href":"https:\/\/pfarrei-schwarzach-perasdorf.de\/index.php?rest_route=%2Fwp%2Fv2%2Ftags&post=3252"}],"curies":[{"name":"wp","href":"https:\/\/api.w.org\/{rel}","templated":true}]}}