{"id":3244,"date":"2025-11-27T22:17:49","date_gmt":"2025-11-27T21:17:49","guid":{"rendered":"https:\/\/pfarrei-schwarzach-perasdorf.de\/?p=3244"},"modified":"2025-11-27T22:18:56","modified_gmt":"2025-11-27T21:18:56","slug":"6-neue-ministranten-fuer-schwarzach","status":"publish","type":"post","link":"https:\/\/pfarrei-schwarzach-perasdorf.de\/?p=3244","title":{"rendered":"6 neue Ministranten f\u00fcr Schwarzach"},"content":{"rendered":"\n<p>Am Christk\u00f6nigssonntag durften wir in unserer Pfarrei sechs neue Ministranten in den Dienst aufnehmen.<br>Nach einiger Zeit der Vorbereitung bekundeten sie bei der feierlichen Aufnahme in einem Gebet ihre Bereitschaft, zuverl\u00e4ssig ihren Dienst als Ministranten auszu\u00fcben. In der Predigt kamen auch unsere beiden Oberministrantinnen Kristina Wenninger und Magdalena Geiger zu Wort und gaben ein bewegendes Glaubenszeugnis davon, warum sie nach so vielen Jahren noch immer gern Dienst am Altar tun.\u00a0<br>Mitgestaltet wurde dieser Gottesdienst von den Ministranten der Leiterrunde, die den Neuen auch ihre Plaketten, Ausweise und Urkunden \u00fcberreichten.<br>Herzlich willkommen in unserer Runde.<\/p>\n\n\n\n<p>Text und Bilder: Martin Bartlreiher<br><\/p>\n\n\n\n<figure class=\"wp-block-image size-large\"><img loading=\"lazy\" decoding=\"async\" width=\"1024\" height=\"768\" src=\"https:\/\/pfarrei-schwarzach-perasdorf.de\/wp-content\/uploads\/2025\/11\/Miniaufnahme-Gruppenfoto-1024x768.jpeg\" alt=\"\" class=\"wp-image-3242\" srcset=\"https:\/\/pfarrei-schwarzach-perasdorf.de\/wp-content\/uploads\/2025\/11\/Miniaufnahme-Gruppenfoto-1024x768.jpeg 1024w, https:\/\/pfarrei-schwarzach-perasdorf.de\/wp-content\/uploads\/2025\/11\/Miniaufnahme-Gruppenfoto-300x225.jpeg 300w, https:\/\/pfarrei-schwarzach-perasdorf.de\/wp-content\/uploads\/2025\/11\/Miniaufnahme-Gruppenfoto-150x113.jpeg 150w, https:\/\/pfarrei-schwarzach-perasdorf.de\/wp-content\/uploads\/2025\/11\/Miniaufnahme-Gruppenfoto-768x576.jpeg 768w, https:\/\/pfarrei-schwarzach-perasdorf.de\/wp-content\/uploads\/2025\/11\/Miniaufnahme-Gruppenfoto-1536x1152.jpeg 1536w, https:\/\/pfarrei-schwarzach-perasdorf.de\/wp-content\/uploads\/2025\/11\/Miniaufnahme-Gruppenfoto.jpeg 1600w\" sizes=\"(max-width: 1024px) 100vw, 1024px\" \/><\/figure>\n\n\n\n<p><br>Gruppenfoto, erste Reihe von links<br>Ziermann Annalena, Eibauer Levi, Gr\u00fcbl Raphael, Greif Mila, Wunder Jonas, Schatt Lisa<\/p>\n\n\n\n<p><\/p>\n\n\n\n<figure class=\"wp-block-gallery has-nested-images columns-default is-cropped wp-block-gallery-1 is-layout-flex wp-block-gallery-is-layout-flex\">\n<figure class=\"wp-block-image size-large\"><img loading=\"lazy\" decoding=\"async\" width=\"768\" height=\"1024\" data-id=\"3243\" src=\"https:\/\/pfarrei-schwarzach-perasdorf.de\/wp-content\/uploads\/2025\/11\/Miniaufnahme-768x1024.jpeg\" alt=\"\" class=\"wp-image-3243\" srcset=\"https:\/\/pfarrei-schwarzach-perasdorf.de\/wp-content\/uploads\/2025\/11\/Miniaufnahme-768x1024.jpeg 768w, https:\/\/pfarrei-schwarzach-perasdorf.de\/wp-content\/uploads\/2025\/11\/Miniaufnahme-225x300.jpeg 225w, https:\/\/pfarrei-schwarzach-perasdorf.de\/wp-content\/uploads\/2025\/11\/Miniaufnahme-113x150.jpeg 113w, https:\/\/pfarrei-schwarzach-perasdorf.de\/wp-content\/uploads\/2025\/11\/Miniaufnahme-1152x1536.jpeg 1152w, https:\/\/pfarrei-schwarzach-perasdorf.de\/wp-content\/uploads\/2025\/11\/Miniaufnahme.jpeg 1200w\" sizes=\"(max-width: 768px) 100vw, 768px\" \/><\/figure>\n\n\n\n<figure class=\"wp-block-image size-large\"><img loading=\"lazy\" decoding=\"async\" width=\"1024\" height=\"768\" data-id=\"3241\" src=\"https:\/\/pfarrei-schwarzach-perasdorf.de\/wp-content\/uploads\/2025\/11\/Miniaufnahme-2-1024x768.jpeg\" alt=\"\" class=\"wp-image-3241\" srcset=\"https:\/\/pfarrei-schwarzach-perasdorf.de\/wp-content\/uploads\/2025\/11\/Miniaufnahme-2-1024x768.jpeg 1024w, https:\/\/pfarrei-schwarzach-perasdorf.de\/wp-content\/uploads\/2025\/11\/Miniaufnahme-2-300x225.jpeg 300w, https:\/\/pfarrei-schwarzach-perasdorf.de\/wp-content\/uploads\/2025\/11\/Miniaufnahme-2-150x113.jpeg 150w, https:\/\/pfarrei-schwarzach-perasdorf.de\/wp-content\/uploads\/2025\/11\/Miniaufnahme-2-768x576.jpeg 768w, https:\/\/pfarrei-schwarzach-perasdorf.de\/wp-content\/uploads\/2025\/11\/Miniaufnahme-2-1536x1152.jpeg 1536w, https:\/\/pfarrei-schwarzach-perasdorf.de\/wp-content\/uploads\/2025\/11\/Miniaufnahme-2.jpeg 1600w\" sizes=\"(max-width: 1024px) 100vw, 1024px\" \/><\/figure>\n\n\n\n<figure class=\"wp-block-image size-large\"><img loading=\"lazy\" decoding=\"async\" width=\"1024\" height=\"768\" data-id=\"3240\" src=\"https:\/\/pfarrei-schwarzach-perasdorf.de\/wp-content\/uploads\/2025\/11\/Miniaufnahme-1-1024x768.jpeg\" alt=\"\" class=\"wp-image-3240\" srcset=\"https:\/\/pfarrei-schwarzach-perasdorf.de\/wp-content\/uploads\/2025\/11\/Miniaufnahme-1-1024x768.jpeg 1024w, https:\/\/pfarrei-schwarzach-perasdorf.de\/wp-content\/uploads\/2025\/11\/Miniaufnahme-1-300x225.jpeg 300w, https:\/\/pfarrei-schwarzach-perasdorf.de\/wp-content\/uploads\/2025\/11\/Miniaufnahme-1-150x113.jpeg 150w, https:\/\/pfarrei-schwarzach-perasdorf.de\/wp-content\/uploads\/2025\/11\/Miniaufnahme-1-768x576.jpeg 768w, https:\/\/pfarrei-schwarzach-perasdorf.de\/wp-content\/uploads\/2025\/11\/Miniaufnahme-1-1536x1152.jpeg 1536w, https:\/\/pfarrei-schwarzach-perasdorf.de\/wp-content\/uploads\/2025\/11\/Miniaufnahme-1.jpeg 1600w\" sizes=\"(max-width: 1024px) 100vw, 1024px\" \/><\/figure>\n<\/figure>\n\n\n\n<p><\/p>\n\n\n\n<p>Ja warum bin ich eigentlich Mini?<\/p>\n\n\n\n<p>I bin seit November 2018 dabei&#8230;vor a bo Joh dann a Oberministrant worn und do frogt ma sie des scho a manchmoi seiba&#8230;Warum moch i des eigentlich.<\/p>\n\n\n\n<p>I hob ma des so a bissl durchn Kopf geh lassen oba bin relativ schnei af a Antwort kemma.<\/p>\n\n\n\n<p>Weil i einfach mog wos i dua, weils ma Spa\u00df mocht und i gern mein Glauben vertritt, seis als Mini oder als Mensch. Es is einfach schee so nah am Geschehen zum sa und ned nur an Glauben sondern a sei Wissen an de neie Generation Minis in de Gruppenstunden weida zum gem.<\/p>\n\n\n\n<p>Wos des ganze ez so besonders mocht?<\/p>\n\n\n\n<p>I glaub besonders fia mi is einfach de Gemeinschaft und vorallem de Freindschaften de sie schlie\u00dfen, man verliert sie ned aus de Aung schlie\u00dflich Unternehma mir Minis immer an Haufa. Hom \u00fcbers Joh verteilt immer wieder Aktionen de uns wieda zam bringan ohne dass ma sie vergisst oda ebban zruck lasst. Mir sand a unglaublich scheene Gemeinschaft und mi gfreits immer wieda wenn a Leid mi draf oschmatzn dass ma ja richtig aktiv sand und an Guadn Job mochan.<\/p>\n\n\n\n<p>Und wos i daran jetzt guad find?<\/p>\n\n\n\n<p>Naja mir hom immer ebs zum locha, homma spa\u00df midannand und korna is alloi. Und I glaub des derf i jetzt im Namen von ollen Minis song&#8230;mir sand ned nur Ministranten mir sand a Freind und mir Bild ma wirklich a Kircha aus Fleisch und Blut mir sand olle voi dabei und brennan fia des wos ma dand und des mochts a wieda so besonders fia mi.<\/p>\n\n\n\n<p>Korna is alloi und mir hoid ma zam egal wos is.<\/p>\n\n\n\n<p>Und des is a des wos fia mi da Glaube ausmocht.<\/p>\n\n\n\n<p><strong>~Kristina Wenninger<\/strong><\/p>\n\n\n\n<p><\/p>\n\n\n\n<p>Ich bin Magdalena und ich bin schon seit 8 Jahren &#8211; aus ganz verschiedenen Gr\u00fcnden &#8211; Ministrantin. Als ich damals angefangen habe, muss ich ehrlicherweise sagen, habe ich mir auch nur gedacht \u201emei schaust du dir das halt einmal an wie das ist und falls wirklich nichts ist \u2013 lang dabei bleiben musst ja ned.\u201c&nbsp; Aber wenn mich heute jemand fragen w\u00fcrde, wie lange ich noch ministrieren will, dann w\u00fcrde ich gar nicht nachdenken wollen. Und warum will ich nicht nachdenken? Naja, zum einen, weil es mir \u00fcber die Jahre immer mehr Freude bereitet, miteinander Gottesdienst zu feiern und dabei auch eine kleine Verantwortung zu haben \u2013 eben den Dienst am Altar, den ihr neuen Ministranten jetzt immer besser kennenlernen werdet. Und zum anderen, weil wir Ministranten eine wirklich \u2013 und jetzt muss ich schnell unseren alten Pfarrer Dirscherl zitieren \u2013 \u201eTT \u2013 eine TOLLE TRUPPE\u201c sind, die man halt nicht einfach so verlassen will. Und unsere Gemeinschaft erkennt man besonders bei verschiedensten Aktionen, sei es, dass wir gemeinsam f\u00fcr einen Pl\u00e4tzchenverkauf backen, einen Gottesdienst gestalten \u2013 so wie heute &#8211; oder einfach versuchen den Herrn Bartlreiher im Elypso zu tauchen.<\/p>\n\n\n\n<p><strong>~ Magdalena Geiger<\/strong><\/p>\n","protected":false},"excerpt":{"rendered":"<p>Am Christk\u00f6nigssonntag durften wir in unserer Pfarrei sechs neue Ministranten in den Dienst aufnehmen.Nach einiger Zeit der Vorbereitung bekundeten sie bei der feierlichen Aufnahme in einem Gebet ihre Bereitschaft, zuverl\u00e4ssig ihren Dienst als Ministranten auszu\u00fcben. In der Predigt kamen auch unsere beiden Oberministrantinnen Kristina Wenninger und Magdalena Geiger zu Wort und gaben ein bewegendes Glaubenszeugnis &#8230; <span class=\"more\"><a class=\"more-link\" href=\"https:\/\/pfarrei-schwarzach-perasdorf.de\/?p=3244\">[weiterlesen&#8230;]<\/a><\/span><\/p>\n","protected":false},"author":10,"featured_media":3242,"comment_status":"closed","ping_status":"closed","sticky":false,"template":"","format":"standard","meta":{"footnotes":""},"categories":[6],"tags":[],"_links":{"self":[{"href":"https:\/\/pfarrei-schwarzach-perasdorf.de\/index.php?rest_route=\/wp\/v2\/posts\/3244"}],"collection":[{"href":"https:\/\/pfarrei-schwarzach-perasdorf.de\/index.php?rest_route=\/wp\/v2\/posts"}],"about":[{"href":"https:\/\/pfarrei-schwarzach-perasdorf.de\/index.php?rest_route=\/wp\/v2\/types\/post"}],"author":[{"embeddable":true,"href":"https:\/\/pfarrei-schwarzach-perasdorf.de\/index.php?rest_route=\/wp\/v2\/users\/10"}],"replies":[{"embeddable":true,"href":"https:\/\/pfarrei-schwarzach-perasdorf.de\/index.php?rest_route=%2Fwp%2Fv2%2Fcomments&post=3244"}],"version-history":[{"count":1,"href":"https:\/\/pfarrei-schwarzach-perasdorf.de\/index.php?rest_route=\/wp\/v2\/posts\/3244\/revisions"}],"predecessor-version":[{"id":3245,"href":"https:\/\/pfarrei-schwarzach-perasdorf.de\/index.php?rest_route=\/wp\/v2\/posts\/3244\/revisions\/3245"}],"wp:featuredmedia":[{"embeddable":true,"href":"https:\/\/pfarrei-schwarzach-perasdorf.de\/index.php?rest_route=\/wp\/v2\/media\/3242"}],"wp:attachment":[{"href":"https:\/\/pfarrei-schwarzach-perasdorf.de\/index.php?rest_route=%2Fwp%2Fv2%2Fmedia&parent=3244"}],"wp:term":[{"taxonomy":"category","embeddable":true,"href":"https:\/\/pfarrei-schwarzach-perasdorf.de\/index.php?rest_route=%2Fwp%2Fv2%2Fcategories&post=3244"},{"taxonomy":"post_tag","embeddable":true,"href":"https:\/\/pfarrei-schwarzach-perasdorf.de\/index.php?rest_route=%2Fwp%2Fv2%2Ftags&post=3244"}],"curies":[{"name":"wp","href":"https:\/\/api.w.org\/{rel}","templated":true}]}}