{"id":3229,"date":"2025-11-23T21:24:42","date_gmt":"2025-11-23T20:24:42","guid":{"rendered":"https:\/\/pfarrei-schwarzach-perasdorf.de\/?p=3229"},"modified":"2025-11-23T21:31:39","modified_gmt":"2025-11-23T20:31:39","slug":"dunkle-schoki-kaffee-tee-genussvolle-solidaritaet-und-fairer-handel-fuer-den-weltfrieden","status":"publish","type":"post","link":"https:\/\/pfarrei-schwarzach-perasdorf.de\/?p=3229","title":{"rendered":"Dunkle Schoki, Kaffee, Tee \u2013 genussvolle Solidarit\u00e4t und fairer Handel f\u00fcr den Weltfrieden"},"content":{"rendered":"\n<p>In der Pfarrei Sankt Martin in Schwarz zeigen sich die Gottesdienstbesucher seit \u00fcber 20 Jahren mit den \u00c4rmsten der Armen dieser Welt solidarisch, indem der Verkauf von Eine-Welt-Waren organisiert und unterst\u00fctzt wird. Was vor \u00fcber 20 Jahren mit dem Kinderchor \u201eJona\u201c begann und sich am Weltmissions- und Misereor-Sonntag regen Zuspruchs erfreute, findet mittlerweile einmal im Monat statt. \u201eOhne unsere treuen Kundinnen und Kunden sowie ehrenamtlichen Verk\u00e4uferinnen lie\u00dfe sich unsere Solidarit\u00e4t nicht so konstant umsetzen\u201c, so die beiden Verantwortlichen. Mittlerweile geh\u00f6rt der monatliche Verkauf bei manchen zum festen Bestandteil auf ihrer Einkaufsliste und bei der Firmvorbereitung als ein gerne angenommener Baustein f\u00fcr soziale Aktivit\u00e4ten. Die Welt ein bisschen menschlicher und gerechter zu gestalten und somit einen pers\u00f6nlichen Beitrag zum Weltfrieden zu leisten, eint alle Beteiligten.<\/p>\n\n\n\n<p>Text und Bild: Michaela R\u00f6sch<\/p>\n\n\n\n<p><\/p>\n\n\n\n<figure class=\"wp-block-image size-large is-resized\"><img loading=\"lazy\" decoding=\"async\" width=\"1024\" height=\"833\" src=\"https:\/\/pfarrei-schwarzach-perasdorf.de\/wp-content\/uploads\/2025\/11\/a72c6c78-5e77-428f-8e96-19f4ee5f3693-1024x833.jpg\" alt=\"\" class=\"wp-image-3228\" style=\"width:719px;height:auto\" srcset=\"https:\/\/pfarrei-schwarzach-perasdorf.de\/wp-content\/uploads\/2025\/11\/a72c6c78-5e77-428f-8e96-19f4ee5f3693-1024x833.jpg 1024w, https:\/\/pfarrei-schwarzach-perasdorf.de\/wp-content\/uploads\/2025\/11\/a72c6c78-5e77-428f-8e96-19f4ee5f3693-300x244.jpg 300w, https:\/\/pfarrei-schwarzach-perasdorf.de\/wp-content\/uploads\/2025\/11\/a72c6c78-5e77-428f-8e96-19f4ee5f3693-150x122.jpg 150w, https:\/\/pfarrei-schwarzach-perasdorf.de\/wp-content\/uploads\/2025\/11\/a72c6c78-5e77-428f-8e96-19f4ee5f3693-768x624.jpg 768w, https:\/\/pfarrei-schwarzach-perasdorf.de\/wp-content\/uploads\/2025\/11\/a72c6c78-5e77-428f-8e96-19f4ee5f3693-1536x1249.jpg 1536w, https:\/\/pfarrei-schwarzach-perasdorf.de\/wp-content\/uploads\/2025\/11\/a72c6c78-5e77-428f-8e96-19f4ee5f3693.jpg 1600w\" sizes=\"(max-width: 1024px) 100vw, 1024px\" \/><\/figure>\n\n\n\n<p><\/p>\n\n\n\n<figure class=\"wp-block-image size-full is-resized\"><img loading=\"lazy\" decoding=\"async\" width=\"714\" height=\"823\" src=\"https:\/\/pfarrei-schwarzach-perasdorf.de\/wp-content\/uploads\/2025\/11\/914ee64e-300a-40b2-9d13-5f0381542e33-1.jpg\" alt=\"\" class=\"wp-image-3232\" style=\"width:522px;height:auto\" srcset=\"https:\/\/pfarrei-schwarzach-perasdorf.de\/wp-content\/uploads\/2025\/11\/914ee64e-300a-40b2-9d13-5f0381542e33-1.jpg 714w, https:\/\/pfarrei-schwarzach-perasdorf.de\/wp-content\/uploads\/2025\/11\/914ee64e-300a-40b2-9d13-5f0381542e33-1-260x300.jpg 260w, https:\/\/pfarrei-schwarzach-perasdorf.de\/wp-content\/uploads\/2025\/11\/914ee64e-300a-40b2-9d13-5f0381542e33-1-130x150.jpg 130w\" sizes=\"(max-width: 714px) 100vw, 714px\" \/><\/figure>\n","protected":false},"excerpt":{"rendered":"<p>In der Pfarrei Sankt Martin in Schwarz zeigen sich die Gottesdienstbesucher seit \u00fcber 20 Jahren mit den \u00c4rmsten der Armen dieser Welt solidarisch, indem der Verkauf von Eine-Welt-Waren organisiert und unterst\u00fctzt wird. Was vor \u00fcber 20 Jahren mit dem Kinderchor \u201eJona\u201c begann und sich am Weltmissions- und Misereor-Sonntag regen Zuspruchs erfreute, findet mittlerweile einmal im &#8230; <span class=\"more\"><a class=\"more-link\" href=\"https:\/\/pfarrei-schwarzach-perasdorf.de\/?p=3229\">[weiterlesen&#8230;]<\/a><\/span><\/p>\n","protected":false},"author":10,"featured_media":3228,"comment_status":"closed","ping_status":"closed","sticky":false,"template":"","format":"standard","meta":{"footnotes":""},"categories":[6],"tags":[],"_links":{"self":[{"href":"https:\/\/pfarrei-schwarzach-perasdorf.de\/index.php?rest_route=\/wp\/v2\/posts\/3229"}],"collection":[{"href":"https:\/\/pfarrei-schwarzach-perasdorf.de\/index.php?rest_route=\/wp\/v2\/posts"}],"about":[{"href":"https:\/\/pfarrei-schwarzach-perasdorf.de\/index.php?rest_route=\/wp\/v2\/types\/post"}],"author":[{"embeddable":true,"href":"https:\/\/pfarrei-schwarzach-perasdorf.de\/index.php?rest_route=\/wp\/v2\/users\/10"}],"replies":[{"embeddable":true,"href":"https:\/\/pfarrei-schwarzach-perasdorf.de\/index.php?rest_route=%2Fwp%2Fv2%2Fcomments&post=3229"}],"version-history":[{"count":2,"href":"https:\/\/pfarrei-schwarzach-perasdorf.de\/index.php?rest_route=\/wp\/v2\/posts\/3229\/revisions"}],"predecessor-version":[{"id":3233,"href":"https:\/\/pfarrei-schwarzach-perasdorf.de\/index.php?rest_route=\/wp\/v2\/posts\/3229\/revisions\/3233"}],"wp:featuredmedia":[{"embeddable":true,"href":"https:\/\/pfarrei-schwarzach-perasdorf.de\/index.php?rest_route=\/wp\/v2\/media\/3228"}],"wp:attachment":[{"href":"https:\/\/pfarrei-schwarzach-perasdorf.de\/index.php?rest_route=%2Fwp%2Fv2%2Fmedia&parent=3229"}],"wp:term":[{"taxonomy":"category","embeddable":true,"href":"https:\/\/pfarrei-schwarzach-perasdorf.de\/index.php?rest_route=%2Fwp%2Fv2%2Fcategories&post=3229"},{"taxonomy":"post_tag","embeddable":true,"href":"https:\/\/pfarrei-schwarzach-perasdorf.de\/index.php?rest_route=%2Fwp%2Fv2%2Ftags&post=3229"}],"curies":[{"name":"wp","href":"https:\/\/api.w.org\/{rel}","templated":true}]}}