{"id":3223,"date":"2025-11-20T22:54:14","date_gmt":"2025-11-20T21:54:14","guid":{"rendered":"https:\/\/pfarrei-schwarzach-perasdorf.de\/?p=3223"},"modified":"2025-11-20T22:54:15","modified_gmt":"2025-11-20T21:54:15","slug":"workshop-ich-bin-auf-der-spur-zu-mir-selbst","status":"publish","type":"post","link":"https:\/\/pfarrei-schwarzach-perasdorf.de\/?p=3223","title":{"rendered":"Workshop &#8211; Ich bin&#8230; auf der Spur zu mir selbst."},"content":{"rendered":"\n<p>Kurz zu uns:<br>Wir sind vier Studentinnen der Technischen Hochschule Deggendorf aus dem<br>Studiengang Soziale Arbeit im 3. Semester und freuen uns, im Rahmen unseres<br>Praxisprojekts einen Workshop zum Thema \u201ePers\u00f6nlichkeitsentwicklung \u2013 Ich<br>bin\u2026 auf der Spur zu mir selbst\u201c anzubieten.<\/p>\n\n\n\n<p><br>Gemeinsam mit der Katholischen Jugendstelle gestalten wir diesen Tag f\u00fcr<br>Jugendliche zwischen 14 und 18 Jahren, die Lust haben sich selbst besser<br>kennenzulernen, \u00fcber eigene Werte und St\u00e4rken nachzudenken und neue Impulse<br>f\u00fcr ihre pers\u00f6nliche Entwicklung mitzunehmen.<\/p>\n\n\n\n<p><br>Unser Ziel ist es, dir in einer offenen und wertsch\u00e4tzenden Atmosph\u00e4re Raum zu<br>geben,<\/p>\n\n\n\n<p>dich selbst und andere bewusster wahrzunehmen,<\/p>\n\n\n\n<p>das eigene Selbstbewusstsein zu st\u00e4rken<\/p>\n\n\n\n<p>und Orientierung in einer Zeit voller Ver\u00e4nderungen zu finden.<\/p>\n\n\n\n<p><br>Wenn dir auch mal alles viel zu viel ist und du dich darin verlierst, bist du bei<br>uns genau richtig!<\/p>\n\n\n\n<p class=\"has-vivid-red-color has-text-color has-link-color has-medium-font-size wp-elements-b8927d1fb153f111383d1c6dccca9af4\"><br><strong>Hinweis:<\/strong><br><\/p>\n\n\n\n<p class=\"has-medium-font-size\">W\u00e4hrend des Workshops \u201eIch bin\u2026 auf der Spur zu mir selbst\u201c werden wir<br>Fotos und kurze Videoaufnahmen machen.<br>Diese dienen ausschlie\u00dflich der Dokumentation und Pr\u00e4sentation im Rahmen<br>unseres Hochschulprojekts an der Technischen Hochschule Deggendorf.<br>Die Aufnahmen werden nicht ver\u00f6ffentlicht oder weitergegeben.<br>Mit der Teilnahme am Workshop erkl\u00e4ren sich die Teilnehmenden (bzw. deren<br>Erziehungsberechtigte) damit einverstanden, dass diese Aufnahmen f\u00fcr die<br>interne Projektpr\u00e4sentation verwendet werden d\u00fcrfen.<\/p>\n\n\n\n<p class=\"has-medium-font-size\"><br>Wir freuen uns auf einen spannenden, kreativen und bereichernden Tag mit allen<br>Teilnehmenden!<br>Eure Steffi, Jana, Lea &amp; Lucia \u263a<\/p>\n\n\n\n<p><\/p>\n\n\n\n<figure class=\"wp-block-image size-full\"><img loading=\"lazy\" decoding=\"async\" width=\"551\" height=\"774\" src=\"https:\/\/pfarrei-schwarzach-perasdorf.de\/wp-content\/uploads\/2025\/11\/Unbenannt.png\" alt=\"\" class=\"wp-image-3224\" srcset=\"https:\/\/pfarrei-schwarzach-perasdorf.de\/wp-content\/uploads\/2025\/11\/Unbenannt.png 551w, https:\/\/pfarrei-schwarzach-perasdorf.de\/wp-content\/uploads\/2025\/11\/Unbenannt-214x300.png 214w, https:\/\/pfarrei-schwarzach-perasdorf.de\/wp-content\/uploads\/2025\/11\/Unbenannt-107x150.png 107w\" sizes=\"(max-width: 551px) 100vw, 551px\" \/><\/figure>\n","protected":false},"excerpt":{"rendered":"<p>Kurz zu uns:Wir sind vier Studentinnen der Technischen Hochschule Deggendorf aus demStudiengang Soziale Arbeit im 3. Semester und freuen uns, im Rahmen unseresPraxisprojekts einen Workshop zum Thema \u201ePers\u00f6nlichkeitsentwicklung \u2013 Ichbin\u2026 auf der Spur zu mir selbst\u201c anzubieten. Gemeinsam mit der Katholischen Jugendstelle gestalten wir diesen Tag f\u00fcrJugendliche zwischen 14 und 18 Jahren, die Lust haben &#8230; <span class=\"more\"><a class=\"more-link\" href=\"https:\/\/pfarrei-schwarzach-perasdorf.de\/?p=3223\">[weiterlesen&#8230;]<\/a><\/span><\/p>\n","protected":false},"author":10,"featured_media":3224,"comment_status":"closed","ping_status":"closed","sticky":false,"template":"","format":"standard","meta":{"footnotes":""},"categories":[6],"tags":[],"_links":{"self":[{"href":"https:\/\/pfarrei-schwarzach-perasdorf.de\/index.php?rest_route=\/wp\/v2\/posts\/3223"}],"collection":[{"href":"https:\/\/pfarrei-schwarzach-perasdorf.de\/index.php?rest_route=\/wp\/v2\/posts"}],"about":[{"href":"https:\/\/pfarrei-schwarzach-perasdorf.de\/index.php?rest_route=\/wp\/v2\/types\/post"}],"author":[{"embeddable":true,"href":"https:\/\/pfarrei-schwarzach-perasdorf.de\/index.php?rest_route=\/wp\/v2\/users\/10"}],"replies":[{"embeddable":true,"href":"https:\/\/pfarrei-schwarzach-perasdorf.de\/index.php?rest_route=%2Fwp%2Fv2%2Fcomments&post=3223"}],"version-history":[{"count":2,"href":"https:\/\/pfarrei-schwarzach-perasdorf.de\/index.php?rest_route=\/wp\/v2\/posts\/3223\/revisions"}],"predecessor-version":[{"id":3226,"href":"https:\/\/pfarrei-schwarzach-perasdorf.de\/index.php?rest_route=\/wp\/v2\/posts\/3223\/revisions\/3226"}],"wp:featuredmedia":[{"embeddable":true,"href":"https:\/\/pfarrei-schwarzach-perasdorf.de\/index.php?rest_route=\/wp\/v2\/media\/3224"}],"wp:attachment":[{"href":"https:\/\/pfarrei-schwarzach-perasdorf.de\/index.php?rest_route=%2Fwp%2Fv2%2Fmedia&parent=3223"}],"wp:term":[{"taxonomy":"category","embeddable":true,"href":"https:\/\/pfarrei-schwarzach-perasdorf.de\/index.php?rest_route=%2Fwp%2Fv2%2Fcategories&post=3223"},{"taxonomy":"post_tag","embeddable":true,"href":"https:\/\/pfarrei-schwarzach-perasdorf.de\/index.php?rest_route=%2Fwp%2Fv2%2Ftags&post=3223"}],"curies":[{"name":"wp","href":"https:\/\/api.w.org\/{rel}","templated":true}]}}