{"id":3211,"date":"2025-11-20T21:57:04","date_gmt":"2025-11-20T20:57:04","guid":{"rendered":"https:\/\/pfarrei-schwarzach-perasdorf.de\/?p=3211"},"modified":"2025-11-20T21:57:05","modified_gmt":"2025-11-20T20:57:05","slug":"vorweihnachtliche-stimmung-bei-der-kolpingfamilie-schwarzach","status":"publish","type":"post","link":"https:\/\/pfarrei-schwarzach-perasdorf.de\/?p=3211","title":{"rendered":"Vorweihnachtliche Stimmung bei der Kolpingfamilie Schwarzach"},"content":{"rendered":"\n<p>Es ist schon gute Tradition, dass sich interessierte Hobby-B\u00e4cker und -B\u00e4ckerinnen vor der beginnenden Advents- und Weihnachtszeit zu einem gemeinsamen Backabend treffen.<\/p>\n\n\n\n<p>Dankenswerterweise stellt der Markt Schwarzach der Kolpingfamilie Schwarzach jedes Jahr seine Schulk\u00fcche der Grundschule Schwarzach zum Backevent zur Verf\u00fcgung.<\/p>\n\n\n\n<p>Flei\u00dfige Kolpingfrauen und M\u00e4nner, zusammen mit ihrem Pr\u00e4ses Pfarrer Hans-J\u00fcrgen Koller, zauberten an diesem Abend tolles Backwerk und freuten sich sichtlich \u00fcber das gelungene Ergebnis. Feine Pl\u00e4tzchend\u00fcfte zogen durch das Schulgeb\u00e4ude.<\/p>\n\n\n\n<p>Man tauschte nicht nur Rezepte und anschlie\u00dfend die wunderbar verzierten und dekorierten Pl\u00e4tzchen aus, sondern kam munter miteinander ins Gespr\u00e4ch.<\/p>\n\n\n\n<p>Bei Punsch und mitgebrachtem Essen lie\u00df man den Abend noch gem\u00fctlich ausklingen und gef\u00fcllte Pl\u00e4tzchen-Dosen konnten mit nach Hause genommen werden.<\/p>\n\n\n\n<p>Ein kurzweiliger Abend \u2013 der zum Mitmachen einl\u00e4dt.<\/p>\n\n\n\n<p>Text und Bilder: Hans-J\u00fcrgen Koller<\/p>\n\n\n\n<p><\/p>\n\n\n\n<figure class=\"wp-block-gallery has-nested-images columns-default is-cropped wp-block-gallery-1 is-layout-flex wp-block-gallery-is-layout-flex\">\n<figure class=\"wp-block-image size-large\"><img loading=\"lazy\" decoding=\"async\" width=\"576\" height=\"1024\" data-id=\"3221\" src=\"https:\/\/pfarrei-schwarzach-perasdorf.de\/wp-content\/uploads\/2025\/11\/4e5e1899-1792-4a8a-b592-87d2ed4378e0-576x1024.jpeg\" alt=\"\" class=\"wp-image-3221\" srcset=\"https:\/\/pfarrei-schwarzach-perasdorf.de\/wp-content\/uploads\/2025\/11\/4e5e1899-1792-4a8a-b592-87d2ed4378e0-576x1024.jpeg 576w, https:\/\/pfarrei-schwarzach-perasdorf.de\/wp-content\/uploads\/2025\/11\/4e5e1899-1792-4a8a-b592-87d2ed4378e0-169x300.jpeg 169w, https:\/\/pfarrei-schwarzach-perasdorf.de\/wp-content\/uploads\/2025\/11\/4e5e1899-1792-4a8a-b592-87d2ed4378e0-84x150.jpeg 84w, https:\/\/pfarrei-schwarzach-perasdorf.de\/wp-content\/uploads\/2025\/11\/4e5e1899-1792-4a8a-b592-87d2ed4378e0-768x1365.jpeg 768w, https:\/\/pfarrei-schwarzach-perasdorf.de\/wp-content\/uploads\/2025\/11\/4e5e1899-1792-4a8a-b592-87d2ed4378e0-864x1536.jpeg 864w, https:\/\/pfarrei-schwarzach-perasdorf.de\/wp-content\/uploads\/2025\/11\/4e5e1899-1792-4a8a-b592-87d2ed4378e0.jpeg 1080w\" sizes=\"(max-width: 576px) 100vw, 576px\" \/><\/figure>\n\n\n\n<figure class=\"wp-block-image size-large\"><img loading=\"lazy\" decoding=\"async\" width=\"576\" height=\"1024\" data-id=\"3220\" src=\"https:\/\/pfarrei-schwarzach-perasdorf.de\/wp-content\/uploads\/2025\/11\/14910e9c-8287-41fc-8bc6-a45e1796fbd0-576x1024.jpeg\" alt=\"\" class=\"wp-image-3220\" srcset=\"https:\/\/pfarrei-schwarzach-perasdorf.de\/wp-content\/uploads\/2025\/11\/14910e9c-8287-41fc-8bc6-a45e1796fbd0-576x1024.jpeg 576w, https:\/\/pfarrei-schwarzach-perasdorf.de\/wp-content\/uploads\/2025\/11\/14910e9c-8287-41fc-8bc6-a45e1796fbd0-169x300.jpeg 169w, https:\/\/pfarrei-schwarzach-perasdorf.de\/wp-content\/uploads\/2025\/11\/14910e9c-8287-41fc-8bc6-a45e1796fbd0-84x150.jpeg 84w, https:\/\/pfarrei-schwarzach-perasdorf.de\/wp-content\/uploads\/2025\/11\/14910e9c-8287-41fc-8bc6-a45e1796fbd0-768x1365.jpeg 768w, https:\/\/pfarrei-schwarzach-perasdorf.de\/wp-content\/uploads\/2025\/11\/14910e9c-8287-41fc-8bc6-a45e1796fbd0-864x1536.jpeg 864w, https:\/\/pfarrei-schwarzach-perasdorf.de\/wp-content\/uploads\/2025\/11\/14910e9c-8287-41fc-8bc6-a45e1796fbd0.jpeg 1080w\" sizes=\"(max-width: 576px) 100vw, 576px\" \/><\/figure>\n\n\n\n<figure class=\"wp-block-image size-large\"><img loading=\"lazy\" decoding=\"async\" width=\"1024\" height=\"768\" data-id=\"3218\" src=\"https:\/\/pfarrei-schwarzach-perasdorf.de\/wp-content\/uploads\/2025\/11\/6a001b73-e452-4d73-b005-13c4e489ac6e-1024x768.jpeg\" alt=\"\" class=\"wp-image-3218\" srcset=\"https:\/\/pfarrei-schwarzach-perasdorf.de\/wp-content\/uploads\/2025\/11\/6a001b73-e452-4d73-b005-13c4e489ac6e-1024x768.jpeg 1024w, https:\/\/pfarrei-schwarzach-perasdorf.de\/wp-content\/uploads\/2025\/11\/6a001b73-e452-4d73-b005-13c4e489ac6e-300x225.jpeg 300w, https:\/\/pfarrei-schwarzach-perasdorf.de\/wp-content\/uploads\/2025\/11\/6a001b73-e452-4d73-b005-13c4e489ac6e-150x113.jpeg 150w, https:\/\/pfarrei-schwarzach-perasdorf.de\/wp-content\/uploads\/2025\/11\/6a001b73-e452-4d73-b005-13c4e489ac6e-768x576.jpeg 768w, https:\/\/pfarrei-schwarzach-perasdorf.de\/wp-content\/uploads\/2025\/11\/6a001b73-e452-4d73-b005-13c4e489ac6e-1536x1152.jpeg 1536w, https:\/\/pfarrei-schwarzach-perasdorf.de\/wp-content\/uploads\/2025\/11\/6a001b73-e452-4d73-b005-13c4e489ac6e.jpeg 2000w\" sizes=\"(max-width: 1024px) 100vw, 1024px\" \/><\/figure>\n\n\n\n<figure class=\"wp-block-image size-large\"><img loading=\"lazy\" decoding=\"async\" width=\"1024\" height=\"768\" data-id=\"3217\" src=\"https:\/\/pfarrei-schwarzach-perasdorf.de\/wp-content\/uploads\/2025\/11\/51673470-3846-458a-9579-7f24d53b7a76-1024x768.jpeg\" alt=\"\" class=\"wp-image-3217\" srcset=\"https:\/\/pfarrei-schwarzach-perasdorf.de\/wp-content\/uploads\/2025\/11\/51673470-3846-458a-9579-7f24d53b7a76-1024x768.jpeg 1024w, https:\/\/pfarrei-schwarzach-perasdorf.de\/wp-content\/uploads\/2025\/11\/51673470-3846-458a-9579-7f24d53b7a76-300x225.jpeg 300w, https:\/\/pfarrei-schwarzach-perasdorf.de\/wp-content\/uploads\/2025\/11\/51673470-3846-458a-9579-7f24d53b7a76-150x113.jpeg 150w, https:\/\/pfarrei-schwarzach-perasdorf.de\/wp-content\/uploads\/2025\/11\/51673470-3846-458a-9579-7f24d53b7a76-768x576.jpeg 768w, https:\/\/pfarrei-schwarzach-perasdorf.de\/wp-content\/uploads\/2025\/11\/51673470-3846-458a-9579-7f24d53b7a76-1536x1152.jpeg 1536w, https:\/\/pfarrei-schwarzach-perasdorf.de\/wp-content\/uploads\/2025\/11\/51673470-3846-458a-9579-7f24d53b7a76.jpeg 2000w\" sizes=\"(max-width: 1024px) 100vw, 1024px\" \/><\/figure>\n<\/figure>\n","protected":false},"excerpt":{"rendered":"<p>Es ist schon gute Tradition, dass sich interessierte Hobby-B\u00e4cker und -B\u00e4ckerinnen vor der beginnenden Advents- und Weihnachtszeit zu einem gemeinsamen Backabend treffen. Dankenswerterweise stellt der Markt Schwarzach der Kolpingfamilie Schwarzach jedes Jahr seine Schulk\u00fcche der Grundschule Schwarzach zum Backevent zur Verf\u00fcgung. Flei\u00dfige Kolpingfrauen und M\u00e4nner, zusammen mit ihrem Pr\u00e4ses Pfarrer Hans-J\u00fcrgen Koller, zauberten an diesem &#8230; <span class=\"more\"><a class=\"more-link\" href=\"https:\/\/pfarrei-schwarzach-perasdorf.de\/?p=3211\">[weiterlesen&#8230;]<\/a><\/span><\/p>\n","protected":false},"author":10,"featured_media":3221,"comment_status":"closed","ping_status":"closed","sticky":false,"template":"","format":"standard","meta":{"footnotes":""},"categories":[6],"tags":[],"_links":{"self":[{"href":"https:\/\/pfarrei-schwarzach-perasdorf.de\/index.php?rest_route=\/wp\/v2\/posts\/3211"}],"collection":[{"href":"https:\/\/pfarrei-schwarzach-perasdorf.de\/index.php?rest_route=\/wp\/v2\/posts"}],"about":[{"href":"https:\/\/pfarrei-schwarzach-perasdorf.de\/index.php?rest_route=\/wp\/v2\/types\/post"}],"author":[{"embeddable":true,"href":"https:\/\/pfarrei-schwarzach-perasdorf.de\/index.php?rest_route=\/wp\/v2\/users\/10"}],"replies":[{"embeddable":true,"href":"https:\/\/pfarrei-schwarzach-perasdorf.de\/index.php?rest_route=%2Fwp%2Fv2%2Fcomments&post=3211"}],"version-history":[{"count":1,"href":"https:\/\/pfarrei-schwarzach-perasdorf.de\/index.php?rest_route=\/wp\/v2\/posts\/3211\/revisions"}],"predecessor-version":[{"id":3222,"href":"https:\/\/pfarrei-schwarzach-perasdorf.de\/index.php?rest_route=\/wp\/v2\/posts\/3211\/revisions\/3222"}],"wp:featuredmedia":[{"embeddable":true,"href":"https:\/\/pfarrei-schwarzach-perasdorf.de\/index.php?rest_route=\/wp\/v2\/media\/3221"}],"wp:attachment":[{"href":"https:\/\/pfarrei-schwarzach-perasdorf.de\/index.php?rest_route=%2Fwp%2Fv2%2Fmedia&parent=3211"}],"wp:term":[{"taxonomy":"category","embeddable":true,"href":"https:\/\/pfarrei-schwarzach-perasdorf.de\/index.php?rest_route=%2Fwp%2Fv2%2Fcategories&post=3211"},{"taxonomy":"post_tag","embeddable":true,"href":"https:\/\/pfarrei-schwarzach-perasdorf.de\/index.php?rest_route=%2Fwp%2Fv2%2Ftags&post=3211"}],"curies":[{"name":"wp","href":"https:\/\/api.w.org\/{rel}","templated":true}]}}