{"id":3205,"date":"2025-11-20T21:43:41","date_gmt":"2025-11-20T20:43:41","guid":{"rendered":"https:\/\/pfarrei-schwarzach-perasdorf.de\/?p=3205"},"modified":"2025-11-20T21:44:20","modified_gmt":"2025-11-20T20:44:20","slug":"martinsumzug-in-schwarzach","status":"publish","type":"post","link":"https:\/\/pfarrei-schwarzach-perasdorf.de\/?p=3205","title":{"rendered":"Martinsumzug in Schwarzach\u2026\u00a0"},"content":{"rendered":"\n<p>Wie es bei uns in Schwarzach feste Tradition ist, versammelten sich am 11.11.2025 alle Kinder, Eltern, Gro\u00dfeltern und viele Ehemalige, sowie das Team der Kindertagesst\u00e4tte \u201eSt. Martin\u201c zum diesj\u00e4hrigen Martinsfest.<\/p>\n\n\n\n<p>Aus verschiedenen Richtungen zogen die Kinder gruppenweise mit ihren Laternen in den Schulhof ein. Mit Liedern, einem Martinsspiel, F\u00fcrbitten und einem Sternentanz, ganz unter dem Gedanken \u201eMartin mit dem roten Mantel reitet uns voran\u201c, wurde die Andacht von den Kindergartenkindern zusammen mit Gemeindereferent Martin Bartlreiher und den Team der Kita gestaltet. Nach der Lichtersegnung wurden die begehrten Martinsh\u00f6rnchen an die Kinder verteilt. Der Elternbeirat versorgte die Besucher mit Martinspunsch, W\u00fcrstelsemmeln und Geb\u00e4ckst\u00fcckchen, so dass der Abend dann noch gem\u00fctlich ausklingen konnte.<br>Ein herzliches Danke gilt allen, die zu diesem Fest beigetragen haben, damit die Martinsfeier wieder so gut gelingen konnte!<\/p>\n\n\n\n<p>Text: Kita St. Martin und Martin Bartlreiher<\/p>\n\n\n\n<p><\/p>\n\n\n\n<p>\u2026 und in Perasdorf<\/p>\n\n\n\n<p>Auch in Perasdorf fand der allj\u00e4hrliche Martinsumzug am 14. November statt. Nach der Andacht, die von einem sch\u00f6nen Martinsspiel begleitet wurde fand der obligatorische Laternenzug zum Feuerwehrhaus statt. Dort wurden alle bereits mit Geb\u00e4ck und Getr\u00e4nken erwartet, sodass das Martinsfest einen sch\u00f6nen, geselligen Abschluss fand.<br>Vergelt&#8217;s Gott an Kerstin Schedlbauer f\u00fcr die sch\u00f6ne Gestaltung des Martinspiels und nat\u00fcrlich allen, die einen Beitrag zu diesem Fest geleistet haben.<\/p>\n\n\n\n<p>Text: Martin Bartlreiher  Bilder: Angela Hornberger<\/p>\n\n\n\n<p><\/p>\n\n\n\n<figure class=\"wp-block-gallery has-nested-images columns-default is-cropped wp-block-gallery-1 is-layout-flex wp-block-gallery-is-layout-flex\">\n<figure class=\"wp-block-image size-full\"><img loading=\"lazy\" decoding=\"async\" width=\"1200\" height=\"1600\" data-id=\"3192\" src=\"https:\/\/pfarrei-schwarzach-perasdorf.de\/wp-content\/uploads\/2025\/11\/Martin-Per-1.jpeg\" alt=\"\" class=\"wp-image-3192\" srcset=\"https:\/\/pfarrei-schwarzach-perasdorf.de\/wp-content\/uploads\/2025\/11\/Martin-Per-1.jpeg 1200w, https:\/\/pfarrei-schwarzach-perasdorf.de\/wp-content\/uploads\/2025\/11\/Martin-Per-1-225x300.jpeg 225w, https:\/\/pfarrei-schwarzach-perasdorf.de\/wp-content\/uploads\/2025\/11\/Martin-Per-1-768x1024.jpeg 768w, https:\/\/pfarrei-schwarzach-perasdorf.de\/wp-content\/uploads\/2025\/11\/Martin-Per-1-113x150.jpeg 113w, https:\/\/pfarrei-schwarzach-perasdorf.de\/wp-content\/uploads\/2025\/11\/Martin-Per-1-1152x1536.jpeg 1152w\" sizes=\"(max-width: 1200px) 100vw, 1200px\" \/><\/figure>\n\n\n\n<figure class=\"wp-block-image size-large\"><img loading=\"lazy\" decoding=\"async\" width=\"768\" height=\"1024\" data-id=\"3193\" src=\"https:\/\/pfarrei-schwarzach-perasdorf.de\/wp-content\/uploads\/2025\/11\/Martin-Per-2-768x1024.jpeg\" alt=\"\" class=\"wp-image-3193\" srcset=\"https:\/\/pfarrei-schwarzach-perasdorf.de\/wp-content\/uploads\/2025\/11\/Martin-Per-2-768x1024.jpeg 768w, https:\/\/pfarrei-schwarzach-perasdorf.de\/wp-content\/uploads\/2025\/11\/Martin-Per-2-225x300.jpeg 225w, https:\/\/pfarrei-schwarzach-perasdorf.de\/wp-content\/uploads\/2025\/11\/Martin-Per-2-113x150.jpeg 113w, https:\/\/pfarrei-schwarzach-perasdorf.de\/wp-content\/uploads\/2025\/11\/Martin-Per-2-1152x1536.jpeg 1152w, https:\/\/pfarrei-schwarzach-perasdorf.de\/wp-content\/uploads\/2025\/11\/Martin-Per-2.jpeg 1200w\" sizes=\"(max-width: 768px) 100vw, 768px\" \/><\/figure>\n\n\n\n<figure class=\"wp-block-image size-large\"><img loading=\"lazy\" decoding=\"async\" width=\"768\" height=\"1024\" data-id=\"3194\" src=\"https:\/\/pfarrei-schwarzach-perasdorf.de\/wp-content\/uploads\/2025\/11\/Martin-Per-768x1024.jpeg\" alt=\"\" class=\"wp-image-3194\" srcset=\"https:\/\/pfarrei-schwarzach-perasdorf.de\/wp-content\/uploads\/2025\/11\/Martin-Per-768x1024.jpeg 768w, https:\/\/pfarrei-schwarzach-perasdorf.de\/wp-content\/uploads\/2025\/11\/Martin-Per-225x300.jpeg 225w, https:\/\/pfarrei-schwarzach-perasdorf.de\/wp-content\/uploads\/2025\/11\/Martin-Per-113x150.jpeg 113w, https:\/\/pfarrei-schwarzach-perasdorf.de\/wp-content\/uploads\/2025\/11\/Martin-Per-1152x1536.jpeg 1152w, https:\/\/pfarrei-schwarzach-perasdorf.de\/wp-content\/uploads\/2025\/11\/Martin-Per.jpeg 1200w\" sizes=\"(max-width: 768px) 100vw, 768px\" \/><\/figure>\n<\/figure>\n\n\n\n<p><\/p>\n","protected":false},"excerpt":{"rendered":"<p>Wie es bei uns in Schwarzach feste Tradition ist, versammelten sich am 11.11.2025 alle Kinder, Eltern, Gro\u00dfeltern und viele Ehemalige, sowie das Team der Kindertagesst\u00e4tte \u201eSt. Martin\u201c zum diesj\u00e4hrigen Martinsfest. Aus verschiedenen Richtungen zogen die Kinder gruppenweise mit ihren Laternen in den Schulhof ein. Mit Liedern, einem Martinsspiel, F\u00fcrbitten und einem Sternentanz, ganz unter dem &#8230; <span class=\"more\"><a class=\"more-link\" href=\"https:\/\/pfarrei-schwarzach-perasdorf.de\/?p=3205\">[weiterlesen&#8230;]<\/a><\/span><\/p>\n","protected":false},"author":10,"featured_media":3194,"comment_status":"closed","ping_status":"closed","sticky":false,"template":"","format":"standard","meta":{"footnotes":""},"categories":[6],"tags":[],"_links":{"self":[{"href":"https:\/\/pfarrei-schwarzach-perasdorf.de\/index.php?rest_route=\/wp\/v2\/posts\/3205"}],"collection":[{"href":"https:\/\/pfarrei-schwarzach-perasdorf.de\/index.php?rest_route=\/wp\/v2\/posts"}],"about":[{"href":"https:\/\/pfarrei-schwarzach-perasdorf.de\/index.php?rest_route=\/wp\/v2\/types\/post"}],"author":[{"embeddable":true,"href":"https:\/\/pfarrei-schwarzach-perasdorf.de\/index.php?rest_route=\/wp\/v2\/users\/10"}],"replies":[{"embeddable":true,"href":"https:\/\/pfarrei-schwarzach-perasdorf.de\/index.php?rest_route=%2Fwp%2Fv2%2Fcomments&post=3205"}],"version-history":[{"count":1,"href":"https:\/\/pfarrei-schwarzach-perasdorf.de\/index.php?rest_route=\/wp\/v2\/posts\/3205\/revisions"}],"predecessor-version":[{"id":3206,"href":"https:\/\/pfarrei-schwarzach-perasdorf.de\/index.php?rest_route=\/wp\/v2\/posts\/3205\/revisions\/3206"}],"wp:featuredmedia":[{"embeddable":true,"href":"https:\/\/pfarrei-schwarzach-perasdorf.de\/index.php?rest_route=\/wp\/v2\/media\/3194"}],"wp:attachment":[{"href":"https:\/\/pfarrei-schwarzach-perasdorf.de\/index.php?rest_route=%2Fwp%2Fv2%2Fmedia&parent=3205"}],"wp:term":[{"taxonomy":"category","embeddable":true,"href":"https:\/\/pfarrei-schwarzach-perasdorf.de\/index.php?rest_route=%2Fwp%2Fv2%2Fcategories&post=3205"},{"taxonomy":"post_tag","embeddable":true,"href":"https:\/\/pfarrei-schwarzach-perasdorf.de\/index.php?rest_route=%2Fwp%2Fv2%2Ftags&post=3205"}],"curies":[{"name":"wp","href":"https:\/\/api.w.org\/{rel}","templated":true}]}}