{"id":3071,"date":"2025-10-20T12:43:58","date_gmt":"2025-10-20T10:43:58","guid":{"rendered":"https:\/\/pfarrei-schwarzach-perasdorf.de\/?p=3071"},"modified":"2025-10-20T12:44:01","modified_gmt":"2025-10-20T10:44:01","slug":"altkleider-aktion-der-kolpingfamilie","status":"publish","type":"post","link":"https:\/\/pfarrei-schwarzach-perasdorf.de\/?p=3071","title":{"rendered":"Altkleider-Aktion der Kolpingfamilie"},"content":{"rendered":"\n<p>Freitag Nachmittag trafen sich flei\u00dfige Helfer der Kolpingsfamilie, um die Altkleiders\u00e4cke aus dem Anbau in einen gro\u00dfen Container zu verladen. Sie waren zuvor von den Bewohnern aus Schwarzach und Umgebung in den Kolping-Altkleidercontainer gebracht und im angrenzenden Anbau gesammelt worden. Jetzt ist der Anbau wieder leer und bereit f\u00fcr neue Kleiderspenden.<\/p>\n\n\n\n<p>Text und Fotos: Fuchs Katharina<\/p>\n\n\n\n<p><\/p>\n\n\n\n<figure class=\"wp-block-image size-large is-resized\"><img loading=\"lazy\" decoding=\"async\" width=\"768\" height=\"1024\" src=\"https:\/\/pfarrei-schwarzach-perasdorf.de\/wp-content\/uploads\/2025\/10\/IMG_2860-768x1024.jpeg\" alt=\"\" class=\"wp-image-3072\" style=\"width:496px;height:auto\" srcset=\"https:\/\/pfarrei-schwarzach-perasdorf.de\/wp-content\/uploads\/2025\/10\/IMG_2860-768x1024.jpeg 768w, https:\/\/pfarrei-schwarzach-perasdorf.de\/wp-content\/uploads\/2025\/10\/IMG_2860-225x300.jpeg 225w, https:\/\/pfarrei-schwarzach-perasdorf.de\/wp-content\/uploads\/2025\/10\/IMG_2860-113x150.jpeg 113w, https:\/\/pfarrei-schwarzach-perasdorf.de\/wp-content\/uploads\/2025\/10\/IMG_2860-1152x1536.jpeg 1152w, https:\/\/pfarrei-schwarzach-perasdorf.de\/wp-content\/uploads\/2025\/10\/IMG_2860-1536x2048.jpeg 1536w, https:\/\/pfarrei-schwarzach-perasdorf.de\/wp-content\/uploads\/2025\/10\/IMG_2860-scaled.jpeg 1920w\" sizes=\"(max-width: 768px) 100vw, 768px\" \/><\/figure>\n\n\n\n<p>Flei\u00dfige Helfer am Werk.<\/p>\n\n\n\n<p><\/p>\n\n\n\n<figure class=\"wp-block-image size-large is-resized\"><img loading=\"lazy\" decoding=\"async\" width=\"1024\" height=\"768\" src=\"https:\/\/pfarrei-schwarzach-perasdorf.de\/wp-content\/uploads\/2025\/10\/IMG_2866-1024x768.jpeg\" alt=\"\" class=\"wp-image-3073\" style=\"width:575px;height:auto\" srcset=\"https:\/\/pfarrei-schwarzach-perasdorf.de\/wp-content\/uploads\/2025\/10\/IMG_2866-1024x768.jpeg 1024w, https:\/\/pfarrei-schwarzach-perasdorf.de\/wp-content\/uploads\/2025\/10\/IMG_2866-300x225.jpeg 300w, https:\/\/pfarrei-schwarzach-perasdorf.de\/wp-content\/uploads\/2025\/10\/IMG_2866-150x113.jpeg 150w, https:\/\/pfarrei-schwarzach-perasdorf.de\/wp-content\/uploads\/2025\/10\/IMG_2866-768x576.jpeg 768w, https:\/\/pfarrei-schwarzach-perasdorf.de\/wp-content\/uploads\/2025\/10\/IMG_2866-1536x1152.jpeg 1536w, https:\/\/pfarrei-schwarzach-perasdorf.de\/wp-content\/uploads\/2025\/10\/IMG_2866-2048x1536.jpeg 2048w\" sizes=\"(max-width: 1024px) 100vw, 1024px\" \/><\/figure>\n","protected":false},"excerpt":{"rendered":"<p>Freitag Nachmittag trafen sich flei\u00dfige Helfer der Kolpingsfamilie, um die Altkleiders\u00e4cke aus dem Anbau in einen gro\u00dfen Container zu verladen. Sie waren zuvor von den Bewohnern aus Schwarzach und Umgebung in den Kolping-Altkleidercontainer gebracht und im angrenzenden Anbau gesammelt worden. Jetzt ist der Anbau wieder leer und bereit f\u00fcr neue Kleiderspenden. Text und Fotos: Fuchs &#8230; <span class=\"more\"><a class=\"more-link\" href=\"https:\/\/pfarrei-schwarzach-perasdorf.de\/?p=3071\">[weiterlesen&#8230;]<\/a><\/span><\/p>\n","protected":false},"author":10,"featured_media":3072,"comment_status":"closed","ping_status":"closed","sticky":false,"template":"","format":"standard","meta":{"footnotes":""},"categories":[6],"tags":[],"_links":{"self":[{"href":"https:\/\/pfarrei-schwarzach-perasdorf.de\/index.php?rest_route=\/wp\/v2\/posts\/3071"}],"collection":[{"href":"https:\/\/pfarrei-schwarzach-perasdorf.de\/index.php?rest_route=\/wp\/v2\/posts"}],"about":[{"href":"https:\/\/pfarrei-schwarzach-perasdorf.de\/index.php?rest_route=\/wp\/v2\/types\/post"}],"author":[{"embeddable":true,"href":"https:\/\/pfarrei-schwarzach-perasdorf.de\/index.php?rest_route=\/wp\/v2\/users\/10"}],"replies":[{"embeddable":true,"href":"https:\/\/pfarrei-schwarzach-perasdorf.de\/index.php?rest_route=%2Fwp%2Fv2%2Fcomments&post=3071"}],"version-history":[{"count":1,"href":"https:\/\/pfarrei-schwarzach-perasdorf.de\/index.php?rest_route=\/wp\/v2\/posts\/3071\/revisions"}],"predecessor-version":[{"id":3074,"href":"https:\/\/pfarrei-schwarzach-perasdorf.de\/index.php?rest_route=\/wp\/v2\/posts\/3071\/revisions\/3074"}],"wp:featuredmedia":[{"embeddable":true,"href":"https:\/\/pfarrei-schwarzach-perasdorf.de\/index.php?rest_route=\/wp\/v2\/media\/3072"}],"wp:attachment":[{"href":"https:\/\/pfarrei-schwarzach-perasdorf.de\/index.php?rest_route=%2Fwp%2Fv2%2Fmedia&parent=3071"}],"wp:term":[{"taxonomy":"category","embeddable":true,"href":"https:\/\/pfarrei-schwarzach-perasdorf.de\/index.php?rest_route=%2Fwp%2Fv2%2Fcategories&post=3071"},{"taxonomy":"post_tag","embeddable":true,"href":"https:\/\/pfarrei-schwarzach-perasdorf.de\/index.php?rest_route=%2Fwp%2Fv2%2Ftags&post=3071"}],"curies":[{"name":"wp","href":"https:\/\/api.w.org\/{rel}","templated":true}]}}