{"id":3061,"date":"2025-10-15T17:33:10","date_gmt":"2025-10-15T15:33:10","guid":{"rendered":"https:\/\/pfarrei-schwarzach-perasdorf.de\/?p=3061"},"modified":"2025-10-15T17:34:47","modified_gmt":"2025-10-15T15:34:47","slug":"kis-marienlob-in-der-wallfahrtskirche-weissenberg","status":"publish","type":"post","link":"https:\/\/pfarrei-schwarzach-perasdorf.de\/?p=3061","title":{"rendered":"KiS Marienlob in der Wallfahrtskirche Wei\u00dfenberg"},"content":{"rendered":"\n<p><strong>Jona-Chor, Blechbl\u00e4serensemble und Pfarrer Koller sorgten f\u00fcr eine Stunde des Innehaltens.<\/strong><\/p>\n\n\n\n<p><strong>Schwarzach (els).<\/strong> Am vergangenen Sonntag fand in der Wallfahrtskirche Wei\u00dfenberg das traditionelle Marienlob von KiS \u2013 Kultur in Schwarzach statt. Vorsitzender Christian Meier begr\u00fc\u00dfte die zahlreichen Besucher in der vollbesetzten Kirche und w\u00fcnschte ihnen \u2013 ganz im Sinne des Eingangsst\u00fccks der Bl\u00e4sergruppe \u2013 \u201ea guade Zeit\u201c.<\/p>\n\n\n\n<p>Musikalisch gestaltet wurde das Marienlob vom Jona-Chor mit Katharina Fuchs, Sophia Bast, Anna Lummer, Franziska Sch\u00f6fer, Maria Lummer und Lisa Wenninger. Seit \u00fcber 20 Jahren singen die jungen Musikerinnen gemeinsam und sind regelm\u00e4\u00dfig bei Hochzeiten und Taufen zu h\u00f6ren. Mit feinem Gesp\u00fcr f\u00fcr Harmonie ber\u00fchren sie ihr Publikum jedes Mal aufs Neue. Begleitet von Klavier, Geige, Querfl\u00f6te und Gitarre pr\u00e4sentierten sie Marienlieder wie die <em>Schwarze Madonna<\/em>, <em>Wundersch\u00f6n pr\u00e4chtige<\/em> und <em>Maria, Stern der Hoffnung<\/em> auf die unverwechselbar nat\u00fcrliche Jona-Art. Ihre unverst\u00e4rkten Stimmen schufen dabei eine wohlige Atmosph\u00e4re.<\/p>\n\n\n\n<p>Zwischen den Ges\u00e4ngen setzte das Blechbl\u00e4serensemble um Sebastian Liebl (Tenorhorn) f\u00fcr klangvolle Akzente. Gemeinsam mit Verena Nu\u00dfbaum (Tuba), Thomas Biller (Trompete), Vitus Biller (Trompete) und Benedikt Schmuck (Posaune) erf\u00fcllten die Bl\u00e4ser mit ihren getragenen Kl\u00e4ngen die Wallfahrtskirche \u2013 eine Darbietung, die dem Publikum sp\u00fcrbar unter die Haut ging. Liebl hatte das Programm zusammengestellt und verstand es, Gesang, Bl\u00e4ser und geistliche Impulse zu einem stimmigen Gesamtbild zu verbinden.<\/p>\n\n\n\n<p>Pfarrer Hans-J\u00fcrgen Koller bereicherte die Veranstaltung mit meditativen Texten, die er bedacht in den Ablauf einflie\u00dfen lie\u00df. Seine zentrale Frage \u201eWer ist Maria f\u00fcr mich?\u201c lud die Zuh\u00f6rer ein, ihre pers\u00f6nliche Beziehung zur Gottesmutter zu bedenken.<\/p>\n\n\n\n<p>In Erinnerung an Konrad Karl, der das Marienlob \u00fcber viele Jahre gepr\u00e4gt und bereichert hat, ert\u00f6nte zum Abschluss sein Wei\u00dfenberger Wallfahrtslied und bildete den w\u00fcrdigen Schlusspunkt einer Veranstaltung, die f\u00fcr alle Anwesenden wahrlich \u201ea guade Zeit\u201c bedeutete.<\/p>\n\n\n\n<figure class=\"wp-block-image size-large is-resized\"><img loading=\"lazy\" decoding=\"async\" width=\"1024\" height=\"678\" src=\"https:\/\/pfarrei-schwarzach-perasdorf.de\/wp-content\/uploads\/2025\/10\/KiS-Marienlob-Chor-und-Blaeser-1024x678.jpg\" alt=\"\" class=\"wp-image-3058\" style=\"width:675px;height:auto\" srcset=\"https:\/\/pfarrei-schwarzach-perasdorf.de\/wp-content\/uploads\/2025\/10\/KiS-Marienlob-Chor-und-Blaeser-1024x678.jpg 1024w, https:\/\/pfarrei-schwarzach-perasdorf.de\/wp-content\/uploads\/2025\/10\/KiS-Marienlob-Chor-und-Blaeser-300x199.jpg 300w, https:\/\/pfarrei-schwarzach-perasdorf.de\/wp-content\/uploads\/2025\/10\/KiS-Marienlob-Chor-und-Blaeser-150x99.jpg 150w, https:\/\/pfarrei-schwarzach-perasdorf.de\/wp-content\/uploads\/2025\/10\/KiS-Marienlob-Chor-und-Blaeser-768x509.jpg 768w, https:\/\/pfarrei-schwarzach-perasdorf.de\/wp-content\/uploads\/2025\/10\/KiS-Marienlob-Chor-und-Blaeser-1536x1017.jpg 1536w, https:\/\/pfarrei-schwarzach-perasdorf.de\/wp-content\/uploads\/2025\/10\/KiS-Marienlob-Chor-und-Blaeser-2048x1356.jpg 2048w\" sizes=\"(max-width: 1024px) 100vw, 1024px\" \/><\/figure>\n\n\n\n<p><\/p>\n\n\n\n<figure class=\"wp-block-image size-large is-resized\"><img loading=\"lazy\" decoding=\"async\" width=\"678\" height=\"1024\" src=\"https:\/\/pfarrei-schwarzach-perasdorf.de\/wp-content\/uploads\/2025\/10\/KiS-Marienlob-Pfarrer-678x1024.jpg\" alt=\"\" class=\"wp-image-3060\" style=\"width:341px;height:auto\" srcset=\"https:\/\/pfarrei-schwarzach-perasdorf.de\/wp-content\/uploads\/2025\/10\/KiS-Marienlob-Pfarrer-678x1024.jpg 678w, https:\/\/pfarrei-schwarzach-perasdorf.de\/wp-content\/uploads\/2025\/10\/KiS-Marienlob-Pfarrer-199x300.jpg 199w, https:\/\/pfarrei-schwarzach-perasdorf.de\/wp-content\/uploads\/2025\/10\/KiS-Marienlob-Pfarrer-99x150.jpg 99w, https:\/\/pfarrei-schwarzach-perasdorf.de\/wp-content\/uploads\/2025\/10\/KiS-Marienlob-Pfarrer-768x1160.jpg 768w, https:\/\/pfarrei-schwarzach-perasdorf.de\/wp-content\/uploads\/2025\/10\/KiS-Marienlob-Pfarrer-1017x1536.jpg 1017w, https:\/\/pfarrei-schwarzach-perasdorf.de\/wp-content\/uploads\/2025\/10\/KiS-Marienlob-Pfarrer-1356x2048.jpg 1356w, https:\/\/pfarrei-schwarzach-perasdorf.de\/wp-content\/uploads\/2025\/10\/KiS-Marienlob-Pfarrer-scaled.jpg 1696w\" sizes=\"(max-width: 678px) 100vw, 678px\" \/><\/figure>\n\n\n\n<p><strong>Blechbl\u00e4serensemble, Jona-Chor und Pfarrer Hans-J\u00fcrgen Koller sorgten f\u00fcr eine Stunde des Innehaltens beim KiS-Marienlob in der Wallfahrtskirche Wei\u00dfenberg<\/strong><\/p>\n\n\n\n<figure class=\"wp-block-image size-large is-resized\"><img loading=\"lazy\" decoding=\"async\" width=\"1024\" height=\"678\" src=\"https:\/\/pfarrei-schwarzach-perasdorf.de\/wp-content\/uploads\/2025\/10\/KiS-Marienlob-Chor-1024x678.jpg\" alt=\"\" class=\"wp-image-3059\" style=\"width:701px;height:auto\" srcset=\"https:\/\/pfarrei-schwarzach-perasdorf.de\/wp-content\/uploads\/2025\/10\/KiS-Marienlob-Chor-1024x678.jpg 1024w, https:\/\/pfarrei-schwarzach-perasdorf.de\/wp-content\/uploads\/2025\/10\/KiS-Marienlob-Chor-300x199.jpg 300w, https:\/\/pfarrei-schwarzach-perasdorf.de\/wp-content\/uploads\/2025\/10\/KiS-Marienlob-Chor-150x99.jpg 150w, https:\/\/pfarrei-schwarzach-perasdorf.de\/wp-content\/uploads\/2025\/10\/KiS-Marienlob-Chor-768x509.jpg 768w, https:\/\/pfarrei-schwarzach-perasdorf.de\/wp-content\/uploads\/2025\/10\/KiS-Marienlob-Chor-1536x1017.jpg 1536w, https:\/\/pfarrei-schwarzach-perasdorf.de\/wp-content\/uploads\/2025\/10\/KiS-Marienlob-Chor-2048x1356.jpg 2048w\" sizes=\"(max-width: 1024px) 100vw, 1024px\" \/><\/figure>\n\n\n\n<p><strong>Die jungen Damen des Jona-Chors begeisterten mit ihrer unverwechselbar nat\u00fcrlichen Art.<\/strong><\/p>\n\n\n\n<p>Bildnachweis: Franziska Wagner   Text: Elisabeth Staudinger<\/p>\n\n\n\n<p><\/p>\n\n\n\n<p><\/p>\n\n\n\n<p><\/p>\n","protected":false},"excerpt":{"rendered":"<p>Jona-Chor, Blechbl\u00e4serensemble und Pfarrer Koller sorgten f\u00fcr eine Stunde des Innehaltens. Schwarzach (els). Am vergangenen Sonntag fand in der Wallfahrtskirche Wei\u00dfenberg das traditionelle Marienlob von KiS \u2013 Kultur in Schwarzach statt. Vorsitzender Christian Meier begr\u00fc\u00dfte die zahlreichen Besucher in der vollbesetzten Kirche und w\u00fcnschte ihnen \u2013 ganz im Sinne des Eingangsst\u00fccks der Bl\u00e4sergruppe \u2013 \u201ea &#8230; <span class=\"more\"><a class=\"more-link\" href=\"https:\/\/pfarrei-schwarzach-perasdorf.de\/?p=3061\">[weiterlesen&#8230;]<\/a><\/span><\/p>\n","protected":false},"author":10,"featured_media":3057,"comment_status":"closed","ping_status":"closed","sticky":false,"template":"","format":"standard","meta":{"footnotes":""},"categories":[6],"tags":[],"_links":{"self":[{"href":"https:\/\/pfarrei-schwarzach-perasdorf.de\/index.php?rest_route=\/wp\/v2\/posts\/3061"}],"collection":[{"href":"https:\/\/pfarrei-schwarzach-perasdorf.de\/index.php?rest_route=\/wp\/v2\/posts"}],"about":[{"href":"https:\/\/pfarrei-schwarzach-perasdorf.de\/index.php?rest_route=\/wp\/v2\/types\/post"}],"author":[{"embeddable":true,"href":"https:\/\/pfarrei-schwarzach-perasdorf.de\/index.php?rest_route=\/wp\/v2\/users\/10"}],"replies":[{"embeddable":true,"href":"https:\/\/pfarrei-schwarzach-perasdorf.de\/index.php?rest_route=%2Fwp%2Fv2%2Fcomments&post=3061"}],"version-history":[{"count":2,"href":"https:\/\/pfarrei-schwarzach-perasdorf.de\/index.php?rest_route=\/wp\/v2\/posts\/3061\/revisions"}],"predecessor-version":[{"id":3063,"href":"https:\/\/pfarrei-schwarzach-perasdorf.de\/index.php?rest_route=\/wp\/v2\/posts\/3061\/revisions\/3063"}],"wp:featuredmedia":[{"embeddable":true,"href":"https:\/\/pfarrei-schwarzach-perasdorf.de\/index.php?rest_route=\/wp\/v2\/media\/3057"}],"wp:attachment":[{"href":"https:\/\/pfarrei-schwarzach-perasdorf.de\/index.php?rest_route=%2Fwp%2Fv2%2Fmedia&parent=3061"}],"wp:term":[{"taxonomy":"category","embeddable":true,"href":"https:\/\/pfarrei-schwarzach-perasdorf.de\/index.php?rest_route=%2Fwp%2Fv2%2Fcategories&post=3061"},{"taxonomy":"post_tag","embeddable":true,"href":"https:\/\/pfarrei-schwarzach-perasdorf.de\/index.php?rest_route=%2Fwp%2Fv2%2Ftags&post=3061"}],"curies":[{"name":"wp","href":"https:\/\/api.w.org\/{rel}","templated":true}]}}