{"id":3045,"date":"2025-10-13T19:48:15","date_gmt":"2025-10-13T17:48:15","guid":{"rendered":"https:\/\/pfarrei-schwarzach-perasdorf.de\/?p=3045"},"modified":"2025-10-13T19:48:18","modified_gmt":"2025-10-13T17:48:18","slug":"735-gemeinsame-jahre","status":"publish","type":"post","link":"https:\/\/pfarrei-schwarzach-perasdorf.de\/?p=3045","title":{"rendered":"735 gemeinsame Jahre"},"content":{"rendered":"\n<p><strong>18 Paare feierten besonderes Ehejubil\u00e4um<\/strong><\/p>\n\n\n\n<p>Auf 30 bis 65 gemeinsame Ehejahre konnten 18 Paare aus der Pfarreiengemeinschaft Schwarzach-Perasdorf zur\u00fcckblicken, die Pfarrer Hans-J\u00fcrgen Koller und Gemeindereferent Martin Bartlreiher zum Dankgottesdienst in die Pfarrkirche St. Martin nach Schwarzach eingeladen haben.<\/p>\n\n\n\n<p>In seiner Predigt nahm Pfarrer Koller Bezug zu einem guten Wein. Wie jeder Wein optimale Grundvoraussetzungen, wie viel Geduld und gute Pflege brauche, um ein guter Jahrgang werden zu k\u00f6nnen, so brauche auch eine Ehe eine geh\u00f6rige Portion Vertrauen, Geduld, Herzblut, Liebe und in Gott verwurzelt sein, damit auch in Zukunft die Beziehung zum Reifen und Gelingen gebracht wird und es ein guter Jahrgang wird und bleibt.<\/p>\n\n\n\n<p>Zum Abschluss \u00fcberreichte Pfarrer Koller und Gemeindereferent Bartlreiher allen Ehepaaren noch eine Flasche mit gutem pf\u00e4lzischem Wein und spendeten jedem Paar den Einzelsegen.<\/p>\n\n\n\n<p>Nach dem Gottesdienst wurde alle Paare noch zu einem gem\u00fctlichen Abendessen und Beisammensein in das Gasthaus Steininger nach Hintersollach eingeladen.<\/p>\n\n\n\n<p>Text: Hans-J\u00fcrgen Koller<\/p>\n\n\n\n<p>Bild: Hans-J\u00fcrgen Koller<\/p>\n\n\n\n<figure class=\"wp-block-image size-large is-resized\"><img loading=\"lazy\" decoding=\"async\" width=\"1024\" height=\"768\" src=\"https:\/\/pfarrei-schwarzach-perasdorf.de\/wp-content\/uploads\/2025\/10\/354E1133-2E90-4947-8844-EC7BC1C672FB-1024x768.jpeg\" alt=\"\" class=\"wp-image-3042\" style=\"width:641px;height:auto\" srcset=\"https:\/\/pfarrei-schwarzach-perasdorf.de\/wp-content\/uploads\/2025\/10\/354E1133-2E90-4947-8844-EC7BC1C672FB-1024x768.jpeg 1024w, https:\/\/pfarrei-schwarzach-perasdorf.de\/wp-content\/uploads\/2025\/10\/354E1133-2E90-4947-8844-EC7BC1C672FB-300x225.jpeg 300w, https:\/\/pfarrei-schwarzach-perasdorf.de\/wp-content\/uploads\/2025\/10\/354E1133-2E90-4947-8844-EC7BC1C672FB-150x113.jpeg 150w, https:\/\/pfarrei-schwarzach-perasdorf.de\/wp-content\/uploads\/2025\/10\/354E1133-2E90-4947-8844-EC7BC1C672FB-768x576.jpeg 768w, https:\/\/pfarrei-schwarzach-perasdorf.de\/wp-content\/uploads\/2025\/10\/354E1133-2E90-4947-8844-EC7BC1C672FB-1536x1152.jpeg 1536w, https:\/\/pfarrei-schwarzach-perasdorf.de\/wp-content\/uploads\/2025\/10\/354E1133-2E90-4947-8844-EC7BC1C672FB.jpeg 1600w\" sizes=\"(max-width: 1024px) 100vw, 1024px\" \/><\/figure>\n\n\n\n<p>(Das Bild zeigt die Ehejubilare mit Pfarrer Hans-J\u00fcrgen Koller und Gemeindereferent Martin Bartlreiher)<\/p>\n\n\n\n<p><\/p>\n\n\n\n<figure class=\"wp-block-image size-large is-resized\"><img loading=\"lazy\" decoding=\"async\" width=\"1024\" height=\"768\" src=\"https:\/\/pfarrei-schwarzach-perasdorf.de\/wp-content\/uploads\/2025\/10\/8E73B6AA-35B1-4C09-8036-24A042681590-1024x768.jpeg\" alt=\"\" class=\"wp-image-3043\" style=\"width:670px;height:auto\" srcset=\"https:\/\/pfarrei-schwarzach-perasdorf.de\/wp-content\/uploads\/2025\/10\/8E73B6AA-35B1-4C09-8036-24A042681590-1024x768.jpeg 1024w, https:\/\/pfarrei-schwarzach-perasdorf.de\/wp-content\/uploads\/2025\/10\/8E73B6AA-35B1-4C09-8036-24A042681590-300x225.jpeg 300w, https:\/\/pfarrei-schwarzach-perasdorf.de\/wp-content\/uploads\/2025\/10\/8E73B6AA-35B1-4C09-8036-24A042681590-150x113.jpeg 150w, https:\/\/pfarrei-schwarzach-perasdorf.de\/wp-content\/uploads\/2025\/10\/8E73B6AA-35B1-4C09-8036-24A042681590-768x576.jpeg 768w, https:\/\/pfarrei-schwarzach-perasdorf.de\/wp-content\/uploads\/2025\/10\/8E73B6AA-35B1-4C09-8036-24A042681590-1536x1152.jpeg 1536w, https:\/\/pfarrei-schwarzach-perasdorf.de\/wp-content\/uploads\/2025\/10\/8E73B6AA-35B1-4C09-8036-24A042681590.jpeg 1600w\" sizes=\"(max-width: 1024px) 100vw, 1024px\" \/><\/figure>\n\n\n\n<p>Im Gasthaus Steininger in Hintersollach<\/p>\n","protected":false},"excerpt":{"rendered":"<p>18 Paare feierten besonderes Ehejubil\u00e4um Auf 30 bis 65 gemeinsame Ehejahre konnten 18 Paare aus der Pfarreiengemeinschaft Schwarzach-Perasdorf zur\u00fcckblicken, die Pfarrer Hans-J\u00fcrgen Koller und Gemeindereferent Martin Bartlreiher zum Dankgottesdienst in die Pfarrkirche St. Martin nach Schwarzach eingeladen haben. In seiner Predigt nahm Pfarrer Koller Bezug zu einem guten Wein. Wie jeder Wein optimale Grundvoraussetzungen, wie &#8230; <span class=\"more\"><a class=\"more-link\" href=\"https:\/\/pfarrei-schwarzach-perasdorf.de\/?p=3045\">[weiterlesen&#8230;]<\/a><\/span><\/p>\n","protected":false},"author":10,"featured_media":3042,"comment_status":"closed","ping_status":"closed","sticky":false,"template":"","format":"standard","meta":{"footnotes":""},"categories":[6],"tags":[],"_links":{"self":[{"href":"https:\/\/pfarrei-schwarzach-perasdorf.de\/index.php?rest_route=\/wp\/v2\/posts\/3045"}],"collection":[{"href":"https:\/\/pfarrei-schwarzach-perasdorf.de\/index.php?rest_route=\/wp\/v2\/posts"}],"about":[{"href":"https:\/\/pfarrei-schwarzach-perasdorf.de\/index.php?rest_route=\/wp\/v2\/types\/post"}],"author":[{"embeddable":true,"href":"https:\/\/pfarrei-schwarzach-perasdorf.de\/index.php?rest_route=\/wp\/v2\/users\/10"}],"replies":[{"embeddable":true,"href":"https:\/\/pfarrei-schwarzach-perasdorf.de\/index.php?rest_route=%2Fwp%2Fv2%2Fcomments&post=3045"}],"version-history":[{"count":1,"href":"https:\/\/pfarrei-schwarzach-perasdorf.de\/index.php?rest_route=\/wp\/v2\/posts\/3045\/revisions"}],"predecessor-version":[{"id":3046,"href":"https:\/\/pfarrei-schwarzach-perasdorf.de\/index.php?rest_route=\/wp\/v2\/posts\/3045\/revisions\/3046"}],"wp:featuredmedia":[{"embeddable":true,"href":"https:\/\/pfarrei-schwarzach-perasdorf.de\/index.php?rest_route=\/wp\/v2\/media\/3042"}],"wp:attachment":[{"href":"https:\/\/pfarrei-schwarzach-perasdorf.de\/index.php?rest_route=%2Fwp%2Fv2%2Fmedia&parent=3045"}],"wp:term":[{"taxonomy":"category","embeddable":true,"href":"https:\/\/pfarrei-schwarzach-perasdorf.de\/index.php?rest_route=%2Fwp%2Fv2%2Fcategories&post=3045"},{"taxonomy":"post_tag","embeddable":true,"href":"https:\/\/pfarrei-schwarzach-perasdorf.de\/index.php?rest_route=%2Fwp%2Fv2%2Ftags&post=3045"}],"curies":[{"name":"wp","href":"https:\/\/api.w.org\/{rel}","templated":true}]}}