{"id":3023,"date":"2025-09-17T22:52:30","date_gmt":"2025-09-17T20:52:30","guid":{"rendered":"https:\/\/pfarrei-schwarzach-perasdorf.de\/?p=3023"},"modified":"2025-09-17T22:58:03","modified_gmt":"2025-09-17T20:58:03","slug":"ministrantenausflug-in-den-bayernpark","status":"publish","type":"post","link":"https:\/\/pfarrei-schwarzach-perasdorf.de\/?p=3023","title":{"rendered":"Ministrantenausflug in den Bayernpark"},"content":{"rendered":"\n<p>In den Sommerferien gab es einen besonderen Ausflug f\u00fcr die Ministranten. Gemeinsam mit den Ministranten aus Niederwinkling machten wir mit unseren beiden Ministrantengruppen aus Schwarzach und Perasdorf den Bayernpark unsicher. Nat\u00fcrlich wurden alle Fahrgesch\u00e4fte auf Herz und Nieren gepr\u00fcft. Auch die K\u00fcche musste einer Qualit\u00e4tskontrolle standhalten. Nach einigen Stunden Spa\u00df kamen die Ministranten m\u00fcde und ersch\u00f6pft wieder zu Hause an.<\/p>\n\n\n\n<p>Text und Fotos: Martin Bartlreiher<\/p>\n\n\n\n<figure class=\"wp-block-image size-large is-resized\"><img loading=\"lazy\" decoding=\"async\" width=\"1024\" height=\"768\" src=\"https:\/\/pfarrei-schwarzach-perasdorf.de\/wp-content\/uploads\/2025\/09\/0b3f676a-cfcf-4fe1-b47f-bc043b5de5a2-1024x768.jpeg\" alt=\"\" class=\"wp-image-3021\" style=\"width:599px;height:auto\" srcset=\"https:\/\/pfarrei-schwarzach-perasdorf.de\/wp-content\/uploads\/2025\/09\/0b3f676a-cfcf-4fe1-b47f-bc043b5de5a2-1024x768.jpeg 1024w, https:\/\/pfarrei-schwarzach-perasdorf.de\/wp-content\/uploads\/2025\/09\/0b3f676a-cfcf-4fe1-b47f-bc043b5de5a2-300x225.jpeg 300w, https:\/\/pfarrei-schwarzach-perasdorf.de\/wp-content\/uploads\/2025\/09\/0b3f676a-cfcf-4fe1-b47f-bc043b5de5a2-150x113.jpeg 150w, https:\/\/pfarrei-schwarzach-perasdorf.de\/wp-content\/uploads\/2025\/09\/0b3f676a-cfcf-4fe1-b47f-bc043b5de5a2-768x576.jpeg 768w, https:\/\/pfarrei-schwarzach-perasdorf.de\/wp-content\/uploads\/2025\/09\/0b3f676a-cfcf-4fe1-b47f-bc043b5de5a2-1536x1152.jpeg 1536w, https:\/\/pfarrei-schwarzach-perasdorf.de\/wp-content\/uploads\/2025\/09\/0b3f676a-cfcf-4fe1-b47f-bc043b5de5a2-2048x1536.jpeg 2048w\" sizes=\"(max-width: 1024px) 100vw, 1024px\" \/><\/figure>\n\n\n\n<p><\/p>\n\n\n\n<figure class=\"wp-block-image size-large is-resized\"><img loading=\"lazy\" decoding=\"async\" width=\"1024\" height=\"768\" src=\"https:\/\/pfarrei-schwarzach-perasdorf.de\/wp-content\/uploads\/2025\/09\/d81e9a19-5552-4559-8dff-be6acc68760e-1024x768.jpeg\" alt=\"\" class=\"wp-image-3022\" style=\"width:606px;height:auto\" srcset=\"https:\/\/pfarrei-schwarzach-perasdorf.de\/wp-content\/uploads\/2025\/09\/d81e9a19-5552-4559-8dff-be6acc68760e-1024x768.jpeg 1024w, https:\/\/pfarrei-schwarzach-perasdorf.de\/wp-content\/uploads\/2025\/09\/d81e9a19-5552-4559-8dff-be6acc68760e-300x225.jpeg 300w, https:\/\/pfarrei-schwarzach-perasdorf.de\/wp-content\/uploads\/2025\/09\/d81e9a19-5552-4559-8dff-be6acc68760e-150x113.jpeg 150w, https:\/\/pfarrei-schwarzach-perasdorf.de\/wp-content\/uploads\/2025\/09\/d81e9a19-5552-4559-8dff-be6acc68760e-768x576.jpeg 768w, https:\/\/pfarrei-schwarzach-perasdorf.de\/wp-content\/uploads\/2025\/09\/d81e9a19-5552-4559-8dff-be6acc68760e-1536x1152.jpeg 1536w, https:\/\/pfarrei-schwarzach-perasdorf.de\/wp-content\/uploads\/2025\/09\/d81e9a19-5552-4559-8dff-be6acc68760e-2048x1536.jpeg 2048w\" sizes=\"(max-width: 1024px) 100vw, 1024px\" \/><\/figure>\n\n\n\n<p><\/p>\n\n\n\n<figure class=\"wp-block-image size-large is-resized\"><img loading=\"lazy\" decoding=\"async\" width=\"1024\" height=\"829\" src=\"https:\/\/pfarrei-schwarzach-perasdorf.de\/wp-content\/uploads\/2025\/09\/88647c03-3e41-454e-84b0-53fb4380a1d6-1024x829.jpeg\" alt=\"\" class=\"wp-image-3019\" style=\"width:608px;height:auto\" srcset=\"https:\/\/pfarrei-schwarzach-perasdorf.de\/wp-content\/uploads\/2025\/09\/88647c03-3e41-454e-84b0-53fb4380a1d6-1024x829.jpeg 1024w, https:\/\/pfarrei-schwarzach-perasdorf.de\/wp-content\/uploads\/2025\/09\/88647c03-3e41-454e-84b0-53fb4380a1d6-300x243.jpeg 300w, https:\/\/pfarrei-schwarzach-perasdorf.de\/wp-content\/uploads\/2025\/09\/88647c03-3e41-454e-84b0-53fb4380a1d6-150x121.jpeg 150w, https:\/\/pfarrei-schwarzach-perasdorf.de\/wp-content\/uploads\/2025\/09\/88647c03-3e41-454e-84b0-53fb4380a1d6-768x622.jpeg 768w, https:\/\/pfarrei-schwarzach-perasdorf.de\/wp-content\/uploads\/2025\/09\/88647c03-3e41-454e-84b0-53fb4380a1d6-1536x1244.jpeg 1536w, https:\/\/pfarrei-schwarzach-perasdorf.de\/wp-content\/uploads\/2025\/09\/88647c03-3e41-454e-84b0-53fb4380a1d6.jpeg 1875w\" sizes=\"(max-width: 1024px) 100vw, 1024px\" \/><\/figure>\n\n\n\n<p><\/p>\n\n\n\n<figure class=\"wp-block-image size-large is-resized\"><img loading=\"lazy\" decoding=\"async\" width=\"1024\" height=\"768\" src=\"https:\/\/pfarrei-schwarzach-perasdorf.de\/wp-content\/uploads\/2025\/09\/b61b0551-e906-473e-ad80-be80c7247c27-1024x768.jpeg\" alt=\"\" class=\"wp-image-3020\" style=\"width:608px;height:auto\" srcset=\"https:\/\/pfarrei-schwarzach-perasdorf.de\/wp-content\/uploads\/2025\/09\/b61b0551-e906-473e-ad80-be80c7247c27-1024x768.jpeg 1024w, https:\/\/pfarrei-schwarzach-perasdorf.de\/wp-content\/uploads\/2025\/09\/b61b0551-e906-473e-ad80-be80c7247c27-300x225.jpeg 300w, https:\/\/pfarrei-schwarzach-perasdorf.de\/wp-content\/uploads\/2025\/09\/b61b0551-e906-473e-ad80-be80c7247c27-150x113.jpeg 150w, https:\/\/pfarrei-schwarzach-perasdorf.de\/wp-content\/uploads\/2025\/09\/b61b0551-e906-473e-ad80-be80c7247c27-768x576.jpeg 768w, https:\/\/pfarrei-schwarzach-perasdorf.de\/wp-content\/uploads\/2025\/09\/b61b0551-e906-473e-ad80-be80c7247c27-1536x1152.jpeg 1536w, https:\/\/pfarrei-schwarzach-perasdorf.de\/wp-content\/uploads\/2025\/09\/b61b0551-e906-473e-ad80-be80c7247c27-2048x1536.jpeg 2048w\" sizes=\"(max-width: 1024px) 100vw, 1024px\" \/><\/figure>\n","protected":false},"excerpt":{"rendered":"<p>In den Sommerferien gab es einen besonderen Ausflug f\u00fcr die Ministranten. Gemeinsam mit den Ministranten aus Niederwinkling machten wir mit unseren beiden Ministrantengruppen aus Schwarzach und Perasdorf den Bayernpark unsicher. Nat\u00fcrlich wurden alle Fahrgesch\u00e4fte auf Herz und Nieren gepr\u00fcft. Auch die K\u00fcche musste einer Qualit\u00e4tskontrolle standhalten. Nach einigen Stunden Spa\u00df kamen die Ministranten m\u00fcde und &#8230; <span class=\"more\"><a class=\"more-link\" href=\"https:\/\/pfarrei-schwarzach-perasdorf.de\/?p=3023\">[weiterlesen&#8230;]<\/a><\/span><\/p>\n","protected":false},"author":10,"featured_media":3020,"comment_status":"closed","ping_status":"closed","sticky":false,"template":"","format":"standard","meta":{"footnotes":""},"categories":[6],"tags":[],"_links":{"self":[{"href":"https:\/\/pfarrei-schwarzach-perasdorf.de\/index.php?rest_route=\/wp\/v2\/posts\/3023"}],"collection":[{"href":"https:\/\/pfarrei-schwarzach-perasdorf.de\/index.php?rest_route=\/wp\/v2\/posts"}],"about":[{"href":"https:\/\/pfarrei-schwarzach-perasdorf.de\/index.php?rest_route=\/wp\/v2\/types\/post"}],"author":[{"embeddable":true,"href":"https:\/\/pfarrei-schwarzach-perasdorf.de\/index.php?rest_route=\/wp\/v2\/users\/10"}],"replies":[{"embeddable":true,"href":"https:\/\/pfarrei-schwarzach-perasdorf.de\/index.php?rest_route=%2Fwp%2Fv2%2Fcomments&post=3023"}],"version-history":[{"count":2,"href":"https:\/\/pfarrei-schwarzach-perasdorf.de\/index.php?rest_route=\/wp\/v2\/posts\/3023\/revisions"}],"predecessor-version":[{"id":3026,"href":"https:\/\/pfarrei-schwarzach-perasdorf.de\/index.php?rest_route=\/wp\/v2\/posts\/3023\/revisions\/3026"}],"wp:featuredmedia":[{"embeddable":true,"href":"https:\/\/pfarrei-schwarzach-perasdorf.de\/index.php?rest_route=\/wp\/v2\/media\/3020"}],"wp:attachment":[{"href":"https:\/\/pfarrei-schwarzach-perasdorf.de\/index.php?rest_route=%2Fwp%2Fv2%2Fmedia&parent=3023"}],"wp:term":[{"taxonomy":"category","embeddable":true,"href":"https:\/\/pfarrei-schwarzach-perasdorf.de\/index.php?rest_route=%2Fwp%2Fv2%2Fcategories&post=3023"},{"taxonomy":"post_tag","embeddable":true,"href":"https:\/\/pfarrei-schwarzach-perasdorf.de\/index.php?rest_route=%2Fwp%2Fv2%2Ftags&post=3023"}],"curies":[{"name":"wp","href":"https:\/\/api.w.org\/{rel}","templated":true}]}}