{"id":3016,"date":"2025-08-13T20:25:04","date_gmt":"2025-08-13T18:25:04","guid":{"rendered":"https:\/\/pfarrei-schwarzach-perasdorf.de\/?p=3016"},"modified":"2025-08-13T20:25:06","modified_gmt":"2025-08-13T18:25:06","slug":"festgottesdienst-zu-mariae-himmelfahrt","status":"publish","type":"post","link":"https:\/\/pfarrei-schwarzach-perasdorf.de\/?p=3016","title":{"rendered":"Festgottesdienst zu Mari\u00e4 Himmelfahrt!"},"content":{"rendered":"\n<p>F\u00fcr Donnerstag, den 14.8.2025, l\u00e4dt die Pfarrgemeinde St. Martin um 19.00 Uhr zu einem Festgottesdienst in die Wallfahrtskirche Wei\u00dfenberg ein.<br>Zu Ehren der Gottesmutter Maria und zum Hochfest der Aufnahme Mariens in den Himmel wird Pfarrer Hans-J\u00fcrgen Koller diesen Gottesdienst feiern.<br>Die musikalische Umrahmung werden Oliver Schneider, Christian Hopfner und Matthias Wolf aus Bad Abbach und Kelheim \u00fcbernehmen.<br>Im Anschluss an den Gottesdienst werden Kr\u00e4uterb\u00fcschel gesegnet und von den Landfrauen f\u00fcr 2.50 \u20ac  zum Kauf angeboten. Mit dem Erl\u00f6s werden soziale Projekte unterst\u00fctzt.<\/p>\n\n\n\n<p>Text und Bilder: Pfarrer Hans-J\u00fcrgen Koller<\/p>\n\n\n\n<p><\/p>\n\n\n\n<figure class=\"wp-block-image size-large is-resized\"><img loading=\"lazy\" decoding=\"async\" width=\"768\" height=\"1024\" src=\"https:\/\/pfarrei-schwarzach-perasdorf.de\/wp-content\/uploads\/2025\/08\/b3e4c4bb-a89a-4537-98bd-e20cf8c7f59f-768x1024.jpg\" alt=\"\" class=\"wp-image-3014\" style=\"width:609px;height:auto\" srcset=\"https:\/\/pfarrei-schwarzach-perasdorf.de\/wp-content\/uploads\/2025\/08\/b3e4c4bb-a89a-4537-98bd-e20cf8c7f59f-768x1024.jpg 768w, https:\/\/pfarrei-schwarzach-perasdorf.de\/wp-content\/uploads\/2025\/08\/b3e4c4bb-a89a-4537-98bd-e20cf8c7f59f-225x300.jpg 225w, https:\/\/pfarrei-schwarzach-perasdorf.de\/wp-content\/uploads\/2025\/08\/b3e4c4bb-a89a-4537-98bd-e20cf8c7f59f-113x150.jpg 113w, https:\/\/pfarrei-schwarzach-perasdorf.de\/wp-content\/uploads\/2025\/08\/b3e4c4bb-a89a-4537-98bd-e20cf8c7f59f-1152x1536.jpg 1152w, https:\/\/pfarrei-schwarzach-perasdorf.de\/wp-content\/uploads\/2025\/08\/b3e4c4bb-a89a-4537-98bd-e20cf8c7f59f.jpg 1200w\" sizes=\"(max-width: 768px) 100vw, 768px\" \/><\/figure>\n\n\n\n<p><\/p>\n\n\n\n<figure class=\"wp-block-image size-large is-resized\"><img loading=\"lazy\" decoding=\"async\" width=\"1024\" height=\"768\" src=\"https:\/\/pfarrei-schwarzach-perasdorf.de\/wp-content\/uploads\/2025\/08\/efd36982-61f5-49f8-8c6d-3d362d1064c0-1024x768.jpg\" alt=\"\" class=\"wp-image-3015\" style=\"width:614px;height:auto\" srcset=\"https:\/\/pfarrei-schwarzach-perasdorf.de\/wp-content\/uploads\/2025\/08\/efd36982-61f5-49f8-8c6d-3d362d1064c0-1024x768.jpg 1024w, https:\/\/pfarrei-schwarzach-perasdorf.de\/wp-content\/uploads\/2025\/08\/efd36982-61f5-49f8-8c6d-3d362d1064c0-300x225.jpg 300w, https:\/\/pfarrei-schwarzach-perasdorf.de\/wp-content\/uploads\/2025\/08\/efd36982-61f5-49f8-8c6d-3d362d1064c0-150x113.jpg 150w, https:\/\/pfarrei-schwarzach-perasdorf.de\/wp-content\/uploads\/2025\/08\/efd36982-61f5-49f8-8c6d-3d362d1064c0-768x576.jpg 768w, https:\/\/pfarrei-schwarzach-perasdorf.de\/wp-content\/uploads\/2025\/08\/efd36982-61f5-49f8-8c6d-3d362d1064c0-1536x1152.jpg 1536w, https:\/\/pfarrei-schwarzach-perasdorf.de\/wp-content\/uploads\/2025\/08\/efd36982-61f5-49f8-8c6d-3d362d1064c0.jpg 1600w\" sizes=\"(max-width: 1024px) 100vw, 1024px\" \/><\/figure>\n","protected":false},"excerpt":{"rendered":"<p>F\u00fcr Donnerstag, den 14.8.2025, l\u00e4dt die Pfarrgemeinde St. Martin um 19.00 Uhr zu einem Festgottesdienst in die Wallfahrtskirche Wei\u00dfenberg ein.Zu Ehren der Gottesmutter Maria und zum Hochfest der Aufnahme Mariens in den Himmel wird Pfarrer Hans-J\u00fcrgen Koller diesen Gottesdienst feiern.Die musikalische Umrahmung werden Oliver Schneider, Christian Hopfner und Matthias Wolf aus Bad Abbach und Kelheim &#8230; <span class=\"more\"><a class=\"more-link\" href=\"https:\/\/pfarrei-schwarzach-perasdorf.de\/?p=3016\">[weiterlesen&#8230;]<\/a><\/span><\/p>\n","protected":false},"author":10,"featured_media":3014,"comment_status":"closed","ping_status":"closed","sticky":false,"template":"","format":"standard","meta":{"footnotes":""},"categories":[6],"tags":[],"_links":{"self":[{"href":"https:\/\/pfarrei-schwarzach-perasdorf.de\/index.php?rest_route=\/wp\/v2\/posts\/3016"}],"collection":[{"href":"https:\/\/pfarrei-schwarzach-perasdorf.de\/index.php?rest_route=\/wp\/v2\/posts"}],"about":[{"href":"https:\/\/pfarrei-schwarzach-perasdorf.de\/index.php?rest_route=\/wp\/v2\/types\/post"}],"author":[{"embeddable":true,"href":"https:\/\/pfarrei-schwarzach-perasdorf.de\/index.php?rest_route=\/wp\/v2\/users\/10"}],"replies":[{"embeddable":true,"href":"https:\/\/pfarrei-schwarzach-perasdorf.de\/index.php?rest_route=%2Fwp%2Fv2%2Fcomments&post=3016"}],"version-history":[{"count":1,"href":"https:\/\/pfarrei-schwarzach-perasdorf.de\/index.php?rest_route=\/wp\/v2\/posts\/3016\/revisions"}],"predecessor-version":[{"id":3017,"href":"https:\/\/pfarrei-schwarzach-perasdorf.de\/index.php?rest_route=\/wp\/v2\/posts\/3016\/revisions\/3017"}],"wp:featuredmedia":[{"embeddable":true,"href":"https:\/\/pfarrei-schwarzach-perasdorf.de\/index.php?rest_route=\/wp\/v2\/media\/3014"}],"wp:attachment":[{"href":"https:\/\/pfarrei-schwarzach-perasdorf.de\/index.php?rest_route=%2Fwp%2Fv2%2Fmedia&parent=3016"}],"wp:term":[{"taxonomy":"category","embeddable":true,"href":"https:\/\/pfarrei-schwarzach-perasdorf.de\/index.php?rest_route=%2Fwp%2Fv2%2Fcategories&post=3016"},{"taxonomy":"post_tag","embeddable":true,"href":"https:\/\/pfarrei-schwarzach-perasdorf.de\/index.php?rest_route=%2Fwp%2Fv2%2Ftags&post=3016"}],"curies":[{"name":"wp","href":"https:\/\/api.w.org\/{rel}","templated":true}]}}