{"id":2978,"date":"2025-07-19T22:54:18","date_gmt":"2025-07-19T20:54:18","guid":{"rendered":"https:\/\/pfarrei-schwarzach-perasdorf.de\/?p=2978"},"modified":"2025-07-19T22:54:19","modified_gmt":"2025-07-19T20:54:19","slug":"foerderverein-spendet-glitzerbausteine","status":"publish","type":"post","link":"https:\/\/pfarrei-schwarzach-perasdorf.de\/?p=2978","title":{"rendered":"F\u00f6rderverein spendet Glitzerbausteine"},"content":{"rendered":"\n<p>Noch kurz vor den anstehenden Sommerferien durften sich die Kinder der Kita St. Martin \u00fcber eine Spende des F\u00f6rdervereins der Kita freuen. Die neuen Glitzerbausteine, mit Rundb\u00f6gen und H\u00e4usern im Wert von rund 1000,-\u20ac werden in der Bauecke als weitere Erg\u00e4nzung zu den bereits vorhandenen und sehr beliebten Bausteinen mit gro\u00dfer Freude von den Kindern und dem Kita-Team aufgenommen.<\/p>\n\n\n\n<p>Pfarrer Hans-J\u00fcrgen Koller und Kita Leitung Astrid Eiglsperger dankten dem F\u00f6rderverein, mit seiner 1. Vorsitzenden Annegret M\u00fcller-Mundt. Der F\u00f6rderverein erf\u00fcllt immer wieder besondere W\u00fcnsche der Kinder und unterst\u00fctzt somit die Kita St. Martin mit Dingen, die sonst nicht so leicht m\u00f6glich w\u00e4ren. Ebenfalls zur \u00dcbergabe waren mit dabei 2. Vorsitzende Emmi Ehrl und Kassier Michaela Edbauer. Vielen herzlichen Dank!<\/p>\n\n\n\n<p>Text und Bild: Astrid Eiglsperger<\/p>\n\n\n\n<p><\/p>\n\n\n\n<figure class=\"wp-block-image size-large is-resized\"><img loading=\"lazy\" decoding=\"async\" width=\"1024\" height=\"708\" src=\"https:\/\/pfarrei-schwarzach-perasdorf.de\/wp-content\/uploads\/2025\/07\/IMG_8431-Foerderverein-07-25-1024x708.jpg\" alt=\"\" class=\"wp-image-2977\" style=\"width:759px;height:auto\" srcset=\"https:\/\/pfarrei-schwarzach-perasdorf.de\/wp-content\/uploads\/2025\/07\/IMG_8431-Foerderverein-07-25-1024x708.jpg 1024w, https:\/\/pfarrei-schwarzach-perasdorf.de\/wp-content\/uploads\/2025\/07\/IMG_8431-Foerderverein-07-25-300x208.jpg 300w, https:\/\/pfarrei-schwarzach-perasdorf.de\/wp-content\/uploads\/2025\/07\/IMG_8431-Foerderverein-07-25-150x104.jpg 150w, https:\/\/pfarrei-schwarzach-perasdorf.de\/wp-content\/uploads\/2025\/07\/IMG_8431-Foerderverein-07-25-768x531.jpg 768w, https:\/\/pfarrei-schwarzach-perasdorf.de\/wp-content\/uploads\/2025\/07\/IMG_8431-Foerderverein-07-25-1536x1062.jpg 1536w, https:\/\/pfarrei-schwarzach-perasdorf.de\/wp-content\/uploads\/2025\/07\/IMG_8431-Foerderverein-07-25-2048x1417.jpg 2048w\" sizes=\"(max-width: 1024px) 100vw, 1024px\" \/><\/figure>\n","protected":false},"excerpt":{"rendered":"<p>Noch kurz vor den anstehenden Sommerferien durften sich die Kinder der Kita St. Martin \u00fcber eine Spende des F\u00f6rdervereins der Kita freuen. Die neuen Glitzerbausteine, mit Rundb\u00f6gen und H\u00e4usern im Wert von rund 1000,-\u20ac werden in der Bauecke als weitere Erg\u00e4nzung zu den bereits vorhandenen und sehr beliebten Bausteinen mit gro\u00dfer Freude von den Kindern &#8230; <span class=\"more\"><a class=\"more-link\" href=\"https:\/\/pfarrei-schwarzach-perasdorf.de\/?p=2978\">[weiterlesen&#8230;]<\/a><\/span><\/p>\n","protected":false},"author":10,"featured_media":2977,"comment_status":"closed","ping_status":"closed","sticky":false,"template":"","format":"standard","meta":{"footnotes":""},"categories":[6],"tags":[],"_links":{"self":[{"href":"https:\/\/pfarrei-schwarzach-perasdorf.de\/index.php?rest_route=\/wp\/v2\/posts\/2978"}],"collection":[{"href":"https:\/\/pfarrei-schwarzach-perasdorf.de\/index.php?rest_route=\/wp\/v2\/posts"}],"about":[{"href":"https:\/\/pfarrei-schwarzach-perasdorf.de\/index.php?rest_route=\/wp\/v2\/types\/post"}],"author":[{"embeddable":true,"href":"https:\/\/pfarrei-schwarzach-perasdorf.de\/index.php?rest_route=\/wp\/v2\/users\/10"}],"replies":[{"embeddable":true,"href":"https:\/\/pfarrei-schwarzach-perasdorf.de\/index.php?rest_route=%2Fwp%2Fv2%2Fcomments&post=2978"}],"version-history":[{"count":1,"href":"https:\/\/pfarrei-schwarzach-perasdorf.de\/index.php?rest_route=\/wp\/v2\/posts\/2978\/revisions"}],"predecessor-version":[{"id":2979,"href":"https:\/\/pfarrei-schwarzach-perasdorf.de\/index.php?rest_route=\/wp\/v2\/posts\/2978\/revisions\/2979"}],"wp:featuredmedia":[{"embeddable":true,"href":"https:\/\/pfarrei-schwarzach-perasdorf.de\/index.php?rest_route=\/wp\/v2\/media\/2977"}],"wp:attachment":[{"href":"https:\/\/pfarrei-schwarzach-perasdorf.de\/index.php?rest_route=%2Fwp%2Fv2%2Fmedia&parent=2978"}],"wp:term":[{"taxonomy":"category","embeddable":true,"href":"https:\/\/pfarrei-schwarzach-perasdorf.de\/index.php?rest_route=%2Fwp%2Fv2%2Fcategories&post=2978"},{"taxonomy":"post_tag","embeddable":true,"href":"https:\/\/pfarrei-schwarzach-perasdorf.de\/index.php?rest_route=%2Fwp%2Fv2%2Ftags&post=2978"}],"curies":[{"name":"wp","href":"https:\/\/api.w.org\/{rel}","templated":true}]}}