{"id":2975,"date":"2025-07-19T22:47:30","date_gmt":"2025-07-19T20:47:30","guid":{"rendered":"https:\/\/pfarrei-schwarzach-perasdorf.de\/?p=2975"},"modified":"2025-07-19T22:47:32","modified_gmt":"2025-07-19T20:47:32","slug":"volksfestbesuch-ministranten","status":"publish","type":"post","link":"https:\/\/pfarrei-schwarzach-perasdorf.de\/?p=2975","title":{"rendered":"Volksfestbesuch Ministranten"},"content":{"rendered":"\n<p>Es hat schon Tradition, dass unsere Ministranten das Schwarzacher Volksfest besuchen, so waren wir auch in diesem Jahr wieder am Volksfestsamstag vertreten und machten vor allem den Autoscooter unsicher. Sch\u00f6n, dass wir immer wieder gemeinsam Spa\u00df haben.<br>Allen Ministranten an dieser Stelle auch ein Herzliches Danke f\u00fcr all ihren Einsatz in den verschiedensten Bereichen, nicht nur im Dienst am Altar!<\/p>\n\n\n\n<p><\/p>\n\n\n\n<figure class=\"wp-block-image size-full is-resized\"><img loading=\"lazy\" decoding=\"async\" width=\"1000\" height=\"750\" src=\"https:\/\/pfarrei-schwarzach-perasdorf.de\/wp-content\/uploads\/2025\/07\/2d677d8c-1364-4239-ad36-27a6f5e58961.jpeg\" alt=\"\" class=\"wp-image-2973\" style=\"width:622px;height:auto\" srcset=\"https:\/\/pfarrei-schwarzach-perasdorf.de\/wp-content\/uploads\/2025\/07\/2d677d8c-1364-4239-ad36-27a6f5e58961.jpeg 1000w, https:\/\/pfarrei-schwarzach-perasdorf.de\/wp-content\/uploads\/2025\/07\/2d677d8c-1364-4239-ad36-27a6f5e58961-300x225.jpeg 300w, https:\/\/pfarrei-schwarzach-perasdorf.de\/wp-content\/uploads\/2025\/07\/2d677d8c-1364-4239-ad36-27a6f5e58961-150x113.jpeg 150w, https:\/\/pfarrei-schwarzach-perasdorf.de\/wp-content\/uploads\/2025\/07\/2d677d8c-1364-4239-ad36-27a6f5e58961-768x576.jpeg 768w\" sizes=\"(max-width: 1000px) 100vw, 1000px\" \/><\/figure>\n\n\n\n<p><\/p>\n\n\n\n<figure class=\"wp-block-image size-large is-resized\"><img loading=\"lazy\" decoding=\"async\" width=\"1024\" height=\"768\" src=\"https:\/\/pfarrei-schwarzach-perasdorf.de\/wp-content\/uploads\/2025\/07\/773f0b9f-4019-41bf-b749-ade80bcb8947-1024x768.jpeg\" alt=\"\" class=\"wp-image-2974\" style=\"width:632px;height:auto\" srcset=\"https:\/\/pfarrei-schwarzach-perasdorf.de\/wp-content\/uploads\/2025\/07\/773f0b9f-4019-41bf-b749-ade80bcb8947-1024x768.jpeg 1024w, https:\/\/pfarrei-schwarzach-perasdorf.de\/wp-content\/uploads\/2025\/07\/773f0b9f-4019-41bf-b749-ade80bcb8947-300x225.jpeg 300w, https:\/\/pfarrei-schwarzach-perasdorf.de\/wp-content\/uploads\/2025\/07\/773f0b9f-4019-41bf-b749-ade80bcb8947-150x113.jpeg 150w, https:\/\/pfarrei-schwarzach-perasdorf.de\/wp-content\/uploads\/2025\/07\/773f0b9f-4019-41bf-b749-ade80bcb8947-768x576.jpeg 768w, https:\/\/pfarrei-schwarzach-perasdorf.de\/wp-content\/uploads\/2025\/07\/773f0b9f-4019-41bf-b749-ade80bcb8947-1536x1152.jpeg 1536w, https:\/\/pfarrei-schwarzach-perasdorf.de\/wp-content\/uploads\/2025\/07\/773f0b9f-4019-41bf-b749-ade80bcb8947.jpeg 1600w\" sizes=\"(max-width: 1024px) 100vw, 1024px\" \/><\/figure>\n","protected":false},"excerpt":{"rendered":"<p>Es hat schon Tradition, dass unsere Ministranten das Schwarzacher Volksfest besuchen, so waren wir auch in diesem Jahr wieder am Volksfestsamstag vertreten und machten vor allem den Autoscooter unsicher. Sch\u00f6n, dass wir immer wieder gemeinsam Spa\u00df haben.Allen Ministranten an dieser Stelle auch ein Herzliches Danke f\u00fcr all ihren Einsatz in den verschiedensten Bereichen, nicht nur &#8230; <span class=\"more\"><a class=\"more-link\" href=\"https:\/\/pfarrei-schwarzach-perasdorf.de\/?p=2975\">[weiterlesen&#8230;]<\/a><\/span><\/p>\n","protected":false},"author":10,"featured_media":2974,"comment_status":"closed","ping_status":"closed","sticky":false,"template":"","format":"standard","meta":{"footnotes":""},"categories":[6],"tags":[],"_links":{"self":[{"href":"https:\/\/pfarrei-schwarzach-perasdorf.de\/index.php?rest_route=\/wp\/v2\/posts\/2975"}],"collection":[{"href":"https:\/\/pfarrei-schwarzach-perasdorf.de\/index.php?rest_route=\/wp\/v2\/posts"}],"about":[{"href":"https:\/\/pfarrei-schwarzach-perasdorf.de\/index.php?rest_route=\/wp\/v2\/types\/post"}],"author":[{"embeddable":true,"href":"https:\/\/pfarrei-schwarzach-perasdorf.de\/index.php?rest_route=\/wp\/v2\/users\/10"}],"replies":[{"embeddable":true,"href":"https:\/\/pfarrei-schwarzach-perasdorf.de\/index.php?rest_route=%2Fwp%2Fv2%2Fcomments&post=2975"}],"version-history":[{"count":1,"href":"https:\/\/pfarrei-schwarzach-perasdorf.de\/index.php?rest_route=\/wp\/v2\/posts\/2975\/revisions"}],"predecessor-version":[{"id":2976,"href":"https:\/\/pfarrei-schwarzach-perasdorf.de\/index.php?rest_route=\/wp\/v2\/posts\/2975\/revisions\/2976"}],"wp:featuredmedia":[{"embeddable":true,"href":"https:\/\/pfarrei-schwarzach-perasdorf.de\/index.php?rest_route=\/wp\/v2\/media\/2974"}],"wp:attachment":[{"href":"https:\/\/pfarrei-schwarzach-perasdorf.de\/index.php?rest_route=%2Fwp%2Fv2%2Fmedia&parent=2975"}],"wp:term":[{"taxonomy":"category","embeddable":true,"href":"https:\/\/pfarrei-schwarzach-perasdorf.de\/index.php?rest_route=%2Fwp%2Fv2%2Fcategories&post=2975"},{"taxonomy":"post_tag","embeddable":true,"href":"https:\/\/pfarrei-schwarzach-perasdorf.de\/index.php?rest_route=%2Fwp%2Fv2%2Ftags&post=2975"}],"curies":[{"name":"wp","href":"https:\/\/api.w.org\/{rel}","templated":true}]}}